{"id":201,"date":"2023-03-25T17:39:23","date_gmt":"2023-03-25T17:39:23","guid":{"rendered":"https:\/\/greiersen.dk\/egekilde\/?p=201"},"modified":"2026-02-04T19:10:01","modified_gmt":"2026-02-04T18:10:01","slug":"marta-marie-petersen-1896-1982","status":"publish","type":"post","link":"https:\/\/greiersen.dk\/egekilde\/marta-marie-petersen-1896-1982\/","title":{"rendered":"Marta Marie Petersen 1896 &#8211; 1982"},"content":{"rendered":"\n<div class=\"wp-block-columns is-layout-flex wp-container-core-columns-is-layout-9d6595d7 wp-block-columns-is-layout-flex\">\n<div class=\"wp-block-column is-layout-flow wp-block-column-is-layout-flow\">\n<p><strong>Karolines Oldemor &#8211; 86 \u00e5r<\/strong><br><em><sup>Mormors mor<\/sup><\/em><\/p>\n\n\n\n<p>Marta Marie Petersen, kaldt Marie, blev f\u00f8dt den 5. januar 1896 i Glostrup by, Egebjerg sogn, Holb\u00e6k amt. Hun var datter af <a data-type=\"post\" data-id=\"616\" href=\"https:\/\/greiersen.dk\/egekilde\/karl-frederik-petersen-1866-1938\/\">Carl Frederik Pedersen<\/a> og <a data-type=\"post\" data-id=\"618\" href=\"https:\/\/greiersen.dk\/egekilde\/karen-sofie-petersen-foedt-sivertsen-1866\/\">Karen Sofie Pedersen f\u00f8dt Sivertsen<\/a>. Hun voksede op i Glostrup, i folket\u00e6llingen 1901 og 1906. Hun blev konfirmeret i Egebjerg kirke den 10. april 1910. Hun arbejdede som <abbr class='c2c-text-hover' title='Tyende blev brugt som en f\u00e6llesbetegnelse for de personer, der stod i et s\u00e6rligt ans\u00e6ttelsesforhold, typisk som underordnet i et landbrug eller en anden type husholdning. Som for eksempel en tjener. Det afg\u00f8rende for denne type ans\u00e6ttelse var, at medhj\u00e6lperen boede hos arbejdsgiveren og s\u00e5ledes var medlem af husholdningen.'>tjenestetyende<\/abbr> i H\u00f8lkerup, Egebjerg sogn, i folket\u00e6llingen 1911.<\/p>\n\n\n\n<p>Marta Marie giftede sig med <a data-type=\"post\" data-id=\"199\" href=\"https:\/\/greiersen.dk\/egekilde\/?p=199\">Olaf Valdemar Pedersen<\/a> den 4. november 1914 i Vig kirke, Holb\u00e6k amt.  <a data-type=\"post\" data-id=\"199\" href=\"https:\/\/greiersen.dk\/egekilde\/?p=199\">Olaf Valdemar<\/a> var soldat i Holb\u00e6k, og Marta Marie var <abbr class='c2c-text-hover' title='Tjenestepige, pige p\u00e5 14-19 \u00e5r, som i 1800-1900 tallet arbejdede p\u00e5 en g\u00e5rd eller hos et herskab, fx p\u00e5 en herreg\u00e5rd.'>tjenestepige<\/abbr> i Lille Egebjerg. De fik syv b\u00f8rn sammen: <a href=\"https:\/\/greiersen.dk\/egekilde\/svend-arthur-petersen-1915-1986\/\">Svend Arthur<\/a>, <a href=\"https:\/\/greiersen.dk\/egekilde\/sigrid-agnete-madsen-foedt-pedersen-1916-1995\/\">Sigrid Agnete<\/a>, Helga Dagny, <a href=\"https:\/\/greiersen.dk\/egekilde\/helge-sigfred-petersen-1921-1997\/\">Helge Sigfred<\/a>, <a href=\"https:\/\/greiersen.dk\/egekilde\/herloev-sigurd-petersen-1922-1981\/\">Herl\u00f8v Sigaard<\/a>, Rigmor Margrethe og <a data-type=\"post\" data-id=\"67\" href=\"https:\/\/greiersen.dk\/egekilde\/?p=67\">Erne Magdelene<\/a>. Olaf Valdemar havde ogs\u00e5 en s\u00f8n fra et tidligere forhold, Holger, som boede hos dem. To af deres d\u00f8tre, Helga Dagny og Rigmor Margrethe, d\u00f8de som sp\u00e6db\u00f8rn.<\/p>\n<\/div>\n\n\n\n<div class=\"wp-block-column is-layout-flow wp-block-column-is-layout-flow\">\n<figure class=\"wp-block-gallery aligncenter has-nested-images columns-default is-cropped wp-block-gallery-2 is-layout-flex wp-block-gallery-is-layout-flex\">\n<figure class=\"wp-block-image size-large\"><img decoding=\"async\" src=\"https:\/\/greiersen.dk\/egekilde\/wp-content\/uploads\/2026\/02\/818381Marta-Marie-Petersen.jpg\" alt=\"\"\/><figcaption class=\"wp-element-caption\"><em>Marta Marie Petersen<\/em><\/figcaption><\/figure>\n<\/figure>\n\n\n\n<figure class=\"wp-block-flexible-table-block-table\"><table class=\"has-fixed-layout\"><tbody><tr><td style=\"line-height:0.5;width:10px;text-align:left\"><\/td><td style=\"width:10px;text-align:left;line-height:0.5\"><\/td><td style=\"line-height:0.5;width:65px;text-align:left\"><\/td><td style=\"line-height:0.5;text-align:left\"><\/td><td style=\"line-height:0.5;width:10px;text-align:right\"><\/td><\/tr><tr><td style=\"width:10px;color:#ffffff;background-color:#2a4861;border-color:#2a4861;text-align:left\"><\/td><td colspan=\"3\" style=\"width:10px;text-align:center;color:#ffffff;background-color:#2a4861;border-color:#2a4861;font-size:16px\"><strong><strong>Marta Marie Petersen<\/strong><\/strong><\/td><td style=\"width:10px;color:#ffffff;background-color:#2a4861;border-color:#2a4861;text-align:right\"><\/td><\/tr><tr><td style=\"width:10px;font-size:14px;background-color:#ededef;border-color:#ededef;text-align:left;vertical-align:top\"><\/td><td colspan=\"2\" style=\"width:10px;background-color:#ededef;border-color:#ededef;text-align:left;font-size:14px;vertical-align:top\"><strong>Far:<\/strong><\/td><td style=\"text-align:left;font-size:14px;background-color:#ededef;border-color:#ededef;vertical-align:top\"><a href=\"https:\/\/greiersen.dk\/egekilde\/karl-frederik-petersen-1866-1938\/\">Carl Frederik Pedersen<\/a><\/td><td style=\"width:10px;font-size:14px;background-color:#ededef;border-color:#ededef;text-align:right;vertical-align:top\"><\/td><\/tr><tr><td style=\"width:10px;font-size:14px;background-color:#ededef;border-color:#ededef;text-align:left;vertical-align:top\"><\/td><td colspan=\"2\" style=\"width:10px;text-align:left;background-color:#ededef;border-color:#ededef;font-size:14px;vertical-align:top\"><strong>Mor:<\/strong><\/td><td style=\"text-align:left;font-size:14px;background-color:#ededef;border-color:#ededef;vertical-align:top\"><a data-type=\"post\" data-id=\"618\" href=\"https:\/\/greiersen.dk\/egekilde\/karen-sofie-petersen-foedt-sivertsen-1866\/\">Karen Sofie Pedersen<\/a><\/td><td style=\"width:10px;font-size:14px;background-color:#ededef;border-color:#ededef;text-align:right;vertical-align:top\"><\/td><\/tr><tr><td style=\"width:10px;line-height:0.5;font-size:10px;text-align:left;color:#ffffff\">\u25cf<\/td><td style=\"width:10px;text-align:left;line-height:0.5;font-size:10px;color:#ffffff\"><\/td><td style=\"width:65px;text-align:left;line-height:0.5;font-size:10px;color:#ffffff\"><\/td><td style=\"text-align:left;line-height:0.5;font-size:10px;color:#ffffff\"><\/td><td style=\"width:10px;line-height:0.5;font-size:10px;text-align:right;color:#ffffff\">\u25cf<\/td><\/tr><tr><td style=\"width:10px;font-size:14px;background-color:#ededef;border-color:#ededef;text-align:left;vertical-align:top\"><\/td><td colspan=\"2\" style=\"width:10px;text-align:left;font-size:14px;background-color:#ededef;border-color:#ededef;vertical-align:top\"><strong><abbr class='c2c-text-hover' title='Gift. Indg\u00e5 \u00e6gteskab mellem to personer ved en kirkelig ceremoni.'>Viet<\/abbr>:<\/strong><\/td><td style=\"text-align:left;font-size:14px;background-color:#ededef;border-color:#ededef;vertical-align:top\"><a data-type=\"post\" data-id=\"199\" href=\"https:\/\/greiersen.dk\/egekilde\/?p=199\">Olaf Valdemar Pedersen<\/a><\/td><td style=\"width:10px;font-size:14px;background-color:#ededef;border-color:#ededef;text-align:right;vertical-align:top\"><\/td><\/tr><tr><td style=\"background-color:#ededef;border-color:#ededef;font-size:14px;vertical-align:top\"><\/td><td style=\"background-color:#ededef;border-color:#ededef;font-size:14px;vertical-align:top\"><\/td><td style=\"background-color:#ededef;border-color:#ededef;font-size:14px;width:65px;vertical-align:top\"><strong>B\u00f8rn: <\/strong><\/td><td style=\"background-color:#ededef;border-color:#ededef;font-size:14px;vertical-align:top\"><a href=\"https:\/\/greiersen.dk\/egekilde\/svend-arthur-petersen-1915-1986\/\">Svend Arthur<\/a> \u25cf <a href=\"https:\/\/greiersen.dk\/egekilde\/sigrid-agnete-madsen-foedt-pedersen-1916-1995\/\">Sigrid Agnete<\/a> \u25cf Helga Dagny \u25cf <a href=\"https:\/\/greiersen.dk\/egekilde\/helge-sigfred-petersen-1921-1997\/\">Helge Sigfred<\/a> \u25cf <a href=\"https:\/\/greiersen.dk\/egekilde\/herloev-sigurd-petersen-1922-1981\/\">Herl\u00f8v Sigaard<\/a> \u25cf Rigmor Margrethe \u25cf <a data-type=\"post\" data-id=\"67\" href=\"https:\/\/greiersen.dk\/egekilde\/?p=67\">Erne Magdelene<\/a><\/td><td style=\"background-color:#ededef;border-color:#ededef;font-size:14px;vertical-align:top\"><\/td><\/tr><tr><td style=\"width:10px;line-height:0.5;font-size:16px;text-align:left\"><\/td><td style=\"width:10px;text-align:left;font-size:16px;line-height:0.5\"><\/td><td style=\"width:65px;text-align:left;line-height:0.5;font-size:16px\"><\/td><td style=\"text-align:left;line-height:0.5;font-size:16px\"><\/td><td style=\"width:10px;line-height:0.5;font-size:16px;text-align:right\"><\/td><\/tr><\/tbody><\/table><\/figure>\n\n\n\n<p class=\"has-light-gray-background-color has-background has-small-font-size\">Karolines mormor, <em><a data-type=\"post\" data-id=\"67\" href=\"https:\/\/greiersen.dk\/egekilde\/?p=67\">Erne Magdelene<\/a><\/em>, er deres syvende og sidste barn. <\/p>\n<\/div>\n<\/div>\n\n\n\n<h2 class=\"wp-block-heading\">Bop\u00e6l i \u00e6gteskabet<\/h2>\n\n\n\n<p>Marta Marie og <a data-type=\"post\" data-id=\"199\" href=\"https:\/\/greiersen.dk\/egekilde\/?p=199\">Olaf Valdemar<\/a> boede i H\u00f8nsinge, Vig sogn, i folket\u00e6llingerne 1916, 1921 og 1925. Olaf Valdemar arbejdede som arbejdsmand og senere som landmand. De flyttede til Ellinge mark, H\u00f8jby sogn, i folket\u00e6llingen 1930. De flyttede igen til Egebjergvej 199, Kildehusene, N\u00f8rre Asmindrup, Holb\u00e6k amt, i folket\u00e6llingen 1940. <a data-type=\"post\" data-id=\"199\" href=\"https:\/\/greiersen.dk\/egekilde\/?p=199\">Olaf Valdemar<\/a> arbejdede som arbejdsmand. I deres sidste tid boede de p\u00e5 Nordtoften 6, H\u00f8ve, Asn\u00e6s sogn, Holb\u00e6k amt. <\/p>\n\n\n\n<p>Marta Marie og <a data-type=\"post\" data-id=\"199\" href=\"https:\/\/greiersen.dk\/egekilde\/?p=199\">Olaf Valdemar<\/a> fejrede deres guldbryllup den 4. november 1964 i Kildehusene, N\u00f8rre Asmindrup sogn og deres diamantbryllup den 4. november 1974 i H\u00f8ve, Asn\u00e6s sogn. Marta Marie d\u00f8de den 9. juli 1982 p\u00e5 plejehjemmet \u201cBakkeg\u00e5rden\u201d.<\/p>\n\n\n\n<h4 class=\"wp-block-heading\">Fakta tidslinje &#8211; barn<\/h4>\n\n\n\n<figure class=\"wp-block-flexible-table-block-table\"><table class=\"has-fixed-layout\"><tbody><tr><td style=\"width:70px;background-color:#ededef;border-color:#84848f;text-align:center;vertical-align:top\"><\/td><td style=\"width:30px;background-color:#ededef;border-color:#84848f;text-align:center;vertical-align:top\"><\/td><td style=\"background-color:#ededef;border-color:#84848f;vertical-align:top\"><\/td><\/tr><tr><td rowspan=\"3\" style=\"width:70px;text-align:center;vertical-align:top\"><strong>1896<\/strong><\/td><td style=\"width:30px;text-align:center;vertical-align:top\"><mark style=\"background-color:rgba(0, 0, 0, 0)\" class=\"has-inline-color has-tertiary-color\">\u25cf<\/mark><\/td><td style=\"vertical-align:top\"><strong><a href=\"https:\/\/ao.sa.dk\/ao\/data.ashx?bid=24646889\" target=\"_blank\" rel=\"noreferrer noopener\">F\u00f8dt<\/a><\/strong> d. 5. januar 1896. Glostrup by, <a href=\"https:\/\/greiersen.dk\/g-wiki\/egebjerg-sogn\/\" target=\"_blank\" rel=\"noreferrer noopener nofollow\">Egebjerg sogn<\/a>, Holb\u00e6k amt. <\/td><\/tr><tr><td style=\"width:30px;text-align:center;background-color:#ededef;border-color:#84848f;vertical-align:top\"><\/td><td style=\"background-color:#ededef;border-color:#84848f;vertical-align:top\"><\/td><\/tr><tr><td style=\"width:30px;text-align:center;vertical-align:top\"><mark style=\"background-color:rgba(0, 0, 0, 0)\" class=\"has-inline-color has-tertiary-color\">\u25cf<\/mark><\/td><td style=\"vertical-align:top\"><strong><a href=\"https:\/\/ao.sa.dk\/ao\/data.ashx?bid=24646889\" target=\"_blank\" rel=\"noreferrer noopener\">D\u00f8bt<\/a><\/strong> d. 26. januar 1896.  <a href=\"https:\/\/greiersen.dk\/g-wiki\/egebjerg-sogn\/\" target=\"_blank\" rel=\"noreferrer noopener nofollow\">Egebjerg kirke<\/a>, Holb\u00e6k amt. <\/td><\/tr><tr><td style=\"width:70px;text-align:center;background-color:#ededef;border-color:#84848f;vertical-align:top\"><\/td><td style=\"width:30px;text-align:center;background-color:#ededef;border-color:#84848f;vertical-align:top\"><\/td><td style=\"background-color:#ededef;border-color:#84848f;vertical-align:top\"><\/td><\/tr><tr><td style=\"width:70px;text-align:center;vertical-align:top\"><strong>1901<\/strong><br><sup>5 \u00e5r<\/sup><\/td><td style=\"width:30px;text-align:center;vertical-align:top\"><mark style=\"background-color:rgba(0, 0, 0, 0)\" class=\"has-inline-color has-tertiary-color\">\u25cf<\/mark><\/td><td style=\"vertical-align:top\"><strong><a href=\"https:\/\/ao.sa.dk\/ao\/data.ashx?bid=1899658\" target=\"_blank\" rel=\"noreferrer noopener\">FT 1901<\/a><\/strong> Glostrup by, <a href=\"https:\/\/greiersen.dk\/g-wiki\/egebjerg-sogn\/\" target=\"_blank\" rel=\"noreferrer noopener nofollow\">Egebjerg sogn<\/a>, Holb\u00e6k amt. <em>Husfader, Skovarbejder. Husmoder og b\u00f8rn.<\/em><\/td><\/tr><tr><td style=\"width:70px;text-align:center;background-color:#ededef;border-color:#84848f;vertical-align:top\"><\/td><td style=\"width:30px;text-align:center;background-color:#ededef;border-color:#84848f;vertical-align:top\"><\/td><td style=\"background-color:#ededef;border-color:#84848f;vertical-align:top\"><\/td><\/tr><tr><td style=\"width:70px;text-align:center;vertical-align:top\"><strong>1906<\/strong><br><sup>10 \u00e5r<\/sup><\/td><td style=\"width:30px;text-align:center;vertical-align:top\"><mark style=\"background-color:rgba(0, 0, 0, 0)\" class=\"has-inline-color has-tertiary-color\">\u25cf<\/mark><\/td><td style=\"vertical-align:top\"><strong><a href=\"https:\/\/ao.sa.dk\/ao\/data.ashx?bid=284817\" target=\"_blank\" rel=\"noreferrer noopener\">FT 1906<\/a><\/strong> Glostrup, <a href=\"https:\/\/greiersen.dk\/g-wiki\/egebjerg-sogn\/\" target=\"_blank\" rel=\"noreferrer noopener nofollow\">Egebjerg sogn<\/a>, Holb\u00e6k amt. <em>Husfader, Skorstensfejer, Landbrug. Husmoder, Husbestyrerinde og b\u00f8rn.<\/em><\/td><\/tr><tr><td style=\"width:70px;text-align:center;background-color:#ededef;border-color:#84848f;vertical-align:top\"><\/td><td style=\"width:30px;text-align:center;background-color:#ededef;border-color:#84848f;vertical-align:top\"><\/td><td style=\"background-color:#ededef;border-color:#84848f;vertical-align:top\"><\/td><\/tr><tr><td style=\"width:70px;text-align:center;vertical-align:top\"><strong>1910<\/strong><br><sup>14 \u00e5r<\/sup><\/td><td style=\"width:30px;text-align:center;vertical-align:top\"><mark style=\"background-color:rgba(0, 0, 0, 0)\" class=\"has-inline-color has-tertiary-color\">\u25cf<\/mark><\/td><td style=\"vertical-align:top\"><strong><a href=\"https:\/\/ao.sa.dk\/ao\/data.ashx?bid=24647293\" target=\"_blank\" rel=\"noreferrer noopener\">Konfirmeret<\/a><\/strong> d. 10. april 1910 Gelstrup, <a href=\"https:\/\/greiersen.dk\/g-wiki\/egebjerg-sogn\/\" target=\"_blank\" rel=\"noreferrer noopener nofollow\">Egebjerg kirke<\/a>, Holb\u00e6k amt. <\/td><\/tr><tr><td style=\"width:70px;text-align:center;background-color:#ededef;border-color:#84848f;vertical-align:top\"><\/td><td style=\"width:30px;text-align:center;background-color:#ededef;border-color:#84848f;vertical-align:top\"><\/td><td style=\"background-color:#ededef;border-color:#84848f;vertical-align:top\"><\/td><\/tr><tr><td style=\"width:70px;text-align:center;vertical-align:top\"><strong>1911<\/strong><br><sup>15 \u00e5r<\/sup><\/td><td style=\"width:30px;text-align:center;vertical-align:top\"><mark style=\"background-color:rgba(0, 0, 0, 0)\" class=\"has-inline-color has-tertiary-color\">\u25cf<\/mark><\/td><td style=\"vertical-align:top\"><strong><a href=\"https:\/\/ao.sa.dk\/ao\/data.ashx?bid=12423962\" target=\"_blank\" rel=\"noreferrer noopener\">FT 1911<\/a><\/strong> H\u00f8lkerup, <a href=\"https:\/\/greiersen.dk\/g-wiki\/egebjerg-sogn\/\" target=\"_blank\" rel=\"noreferrer noopener nofollow\">Egebjerg sogn<\/a>, Holb\u00e6k amt. <em><abbr class='c2c-text-hover' title='Tyende blev brugt som en f\u00e6llesbetegnelse for de personer, der stod i et s\u00e6rligt ans\u00e6ttelsesforhold, typisk som underordnet i et landbrug eller en anden type husholdning. Som for eksempel en tjener. Det afg\u00f8rende for denne type ans\u00e6ttelse var, at medhj\u00e6lperen boede hos arbejdsgiveren og s\u00e5ledes var medlem af husholdningen.'>Tjenestetyende<\/abbr> hos Landarbejder Valdemar Rasmussen.<\/em> <\/td><\/tr><tr><td style=\"width:70px;text-align:center;background-color:#ededef;border-color:#84848f;vertical-align:top\"><\/td><td style=\"width:30px;text-align:center;background-color:#ededef;border-color:#84848f;vertical-align:top\"><\/td><td style=\"background-color:#ededef;border-color:#84848f;vertical-align:top\"><\/td><\/tr><\/tbody><\/table><\/figure>\n\n\n\n<h4 class=\"wp-block-heading\">Fakta tidslinje &#8211; gift<\/h4>\n\n\n\n<figure class=\"wp-block-flexible-table-block-table\"><table class=\"has-fixed-layout\"><tbody><tr><td style=\"width:70px;background-color:#ededef;border-color:#84848f;text-align:center;vertical-align:top\"><\/td><td style=\"width:30px;background-color:#ededef;border-color:#84848f;text-align:center;vertical-align:top\"><\/td><td style=\"background-color:#ededef;border-color:#84848f;vertical-align:top\"><\/td><\/tr><tr><td rowspan=\"2\" style=\"width:70px;text-align:center;vertical-align:top\"><strong>1914<\/strong><br><sup>18 \u00e5r<\/sup><\/td><td style=\"width:30px;text-align:center;vertical-align:top\"><mark style=\"background-color:rgba(0, 0, 0, 0)\" class=\"has-inline-color has-tertiary-color\"><mark style=\"background-color:rgba(0, 0, 0, 0);color:#f80404\" class=\"has-inline-color\">\u2764<\/mark><\/mark><\/td><td style=\"vertical-align:top\"><strong><a href=\"https:\/\/arkivalieronline.rigsarkivet.dk\/da\/billedviser?epid=17119783#158688,26660153\" target=\"_blank\" rel=\"noreferrer noopener nofollow\"><abbr class='c2c-text-hover' title='Gift. Indg\u00e5 \u00e6gteskab mellem to personer ved en kirkelig ceremoni.'>Viet<\/abbr><\/a><\/strong> den 4. november 1914. <a href=\"https:\/\/greiersen.dk\/g-wiki\/vig-sogn\/\" target=\"_blank\" rel=\"noreferrer noopener nofollow\">Vig kirke<\/a>, Holb\u00e6k amt. med <a data-type=\"post\" data-id=\"199\" href=\"https:\/\/greiersen.dk\/egekilde\/?p=199\"><em>Olaf Valdemar Pe<\/em><\/a>d<a data-type=\"post\" data-id=\"199\" href=\"https:\/\/greiersen.dk\/egekilde\/?p=199\"><em>ersen<\/em><\/a>. <em>Olaf soldat i Holb\u00e6k. Martha <abbr class='c2c-text-hover' title='Tjenestepige, pige p\u00e5 14-19 \u00e5r, som i 1800-1900 tallet arbejdede p\u00e5 en g\u00e5rd eller hos et herskab, fx p\u00e5 en herreg\u00e5rd.'>tjenestepige<\/abbr> i Lille Egebjerg.<\/em><\/td><\/tr><tr><td><\/td><td style=\"font-size:16px\">Ungkarl Olaf Valdemar Pedersen, s\u00f8n af T\u00f8mrer Peder Madsen og Hustru Bodil Jensdatter i H\u00f8nsinge, f\u00f8de der 1890, den 15, april. Soldat i Holb\u00e6k. <br>Pige Martha Marie Petersen, datter af Husmand Karl Frederik Petersen og hustru Karen Sofie Sivertsen p\u00e5 Vig Lyng, f\u00f8dt i Glostrup. Egebjerg sogn 1896, den 5. januar. <abbr class='c2c-text-hover' title='Tjenestepige, pige p\u00e5 14-19 \u00e5r, som i 1800-1900 tallet arbejdede p\u00e5 en g\u00e5rd eller hos et herskab, fx p\u00e5 en herreg\u00e5rd.'>Tjenestepige<\/abbr> i Lille Egebjerg.<br>Forlovere: Skomager Jens Rasmussen i Lille Egebjerg og Husmand Karl Frederik Petersen p\u00e5 Vig Lyng,<\/td><\/tr><tr><td style=\"width:70px;background-color:#ededef;border-color:#84848f;text-align:center;vertical-align:top\"><\/td><td style=\"width:30px;background-color:#ededef;border-color:#84848f;text-align:center;vertical-align:top\"><\/td><td style=\"background-color:#ededef;border-color:#84848f;vertical-align:top\"><\/td><\/tr><tr><td style=\"width:70px;text-align:center;vertical-align:top\"><strong>1915<\/strong><br><sup>19 \u00e5r<\/sup><\/td><td style=\"width:30px;text-align:center;vertical-align:top\"><mark style=\"background-color:rgba(0, 0, 0, 0)\" class=\"has-inline-color has-tertiary-color\">\u25cf<\/mark><\/td><td style=\"vertical-align:top;background-color:#c3edfb\"><strong><a href=\"https:\/\/arkivalieronline.rigsarkivet.dk\/da\/billedviser?epid=17119783#158688,26659946\" target=\"_blank\" rel=\"noreferrer noopener nofollow\">Barn<\/a><\/strong><sup>1<\/sup> den 17. maj 1915. <a href=\"https:\/\/greiersen.dk\/g-wiki\/vig-sogn\/\" target=\"_blank\" rel=\"noreferrer noopener nofollow\">Vig sogn<\/a>, Holb\u00e6k amt. <em><a href=\"https:\/\/greiersen.dk\/egekilde\/svend-arthur-petersen-1915-1986\/\">Svend Arthur Pedersen<\/a><\/em>. <\/td><\/tr><tr><td style=\"width:70px;background-color:#ededef;border-color:#84848f;text-align:center;vertical-align:top\"><\/td><td style=\"width:30px;background-color:#ededef;border-color:#84848f;text-align:center;vertical-align:top\"><\/td><td style=\"background-color:#ededef;border-color:#84848f;vertical-align:top\"><\/td><\/tr><tr><td rowspan=\"4\" style=\"width:70px;text-align:center;vertical-align:top\"><strong>1916<\/strong><br><sup>20 \u00e5r<\/sup><\/td><td style=\"width:30px;text-align:center;vertical-align:top\"><mark style=\"background-color:rgba(0, 0, 0, 0)\" class=\"has-inline-color has-tertiary-color\">\u25cf<\/mark><\/td><td style=\"vertical-align:top\"><strong><a href=\"https:\/\/arkivalieronline.rigsarkivet.dk\/da\/billedviser?bsid=71648#71648,12993278\" target=\"_blank\" rel=\"noreferrer noopener nofollow\">FT 1916<\/a><\/strong>. 13a, H\u00f8nsinge, <a href=\"https:\/\/greiersen.dk\/g-wiki\/vig-sogn\/\" target=\"_blank\" rel=\"noreferrer noopener nofollow\">Vig sogn<\/a>, Holb\u00e6k amt. <em>Husfader, Arbejdsmand og Husmoder. <\/em><\/td><\/tr><tr><td><\/td><td style=\"font-size:16px\">Ravnsbjergvej 34, Ravnsbjerg, 4560 Vig. landbrugsejendom Opf\u00f8rsels\u00e5r: 1890.<\/td><\/tr><tr><td style=\"width:30px;background-color:#ededef;border-color:#84848f;text-align:center;vertical-align:top\"><\/td><td style=\"background-color:#ededef;border-color:#84848f;vertical-align:top\"><\/td><\/tr><tr><td style=\"width:30px;text-align:center;vertical-align:top\"><mark style=\"background-color:rgba(0, 0, 0, 0)\" class=\"has-inline-color has-tertiary-color\">\u25cf<\/mark><\/td><td style=\"vertical-align:top;background-color:#ffd8d9\"><strong><a href=\"https:\/\/arkivalieronline.rigsarkivet.dk\/da\/billedviser?epid=17119783#158688,26660017\" target=\"_blank\" rel=\"noreferrer noopener nofollow\">Barn<\/a><\/strong><sup>2<\/sup> den 22. september 1916. <a href=\"https:\/\/greiersen.dk\/g-wiki\/vig-sogn\/\" target=\"_blank\" rel=\"noreferrer noopener nofollow\">Vig sogn<\/a>, Holb\u00e6k amt. <em><a href=\"https:\/\/greiersen.dk\/egekilde\/sigrid-agnete-madsen-foedt-pedersen-1916-1995\/\">Sigrid Agnete Pedersen<\/a><\/em>. <\/td><\/tr><tr><td style=\"width:70px;background-color:#ededef;border-color:#84848f;text-align:center;vertical-align:top\"><\/td><td style=\"width:30px;background-color:#ededef;border-color:#84848f;text-align:center;vertical-align:top\"><\/td><td style=\"background-color:#ededef;border-color:#84848f;vertical-align:top\"><\/td><\/tr><tr><td style=\"width:70px;text-align:center;vertical-align:top\"><strong>1918<\/strong><br><sup>22 \u00e5r<\/sup><\/td><td style=\"width:30px;text-align:center;vertical-align:top\"><mark style=\"background-color:rgba(0, 0, 0, 0)\" class=\"has-inline-color has-tertiary-color\">\u25cf<\/mark><\/td><td style=\"vertical-align:top;background-color:#ffd8d9\"><a href=\"https:\/\/arkivalieronline.rigsarkivet.dk\/da\/billedviser?epid=17119783#158688,26660023\" target=\"_blank\" rel=\"noreferrer noopener nofollow\"><strong>Barn<\/strong><\/a><sup>3<\/sup> f\u00f8dt den 12. april 1918. <a href=\"https:\/\/greiersen.dk\/g-wiki\/vig-sogn\/\" target=\"_blank\" rel=\"noreferrer noopener nofollow\">Vig sogn<\/a>, Holb\u00e6k amt. <em>Helga Dagny Pedersen<\/em>. (<a href=\"https:\/\/arkivalieronline.rigsarkivet.dk\/da\/billedviser?epid=17119783#158688,26660227\" target=\"_blank\" rel=\"noreferrer noopener nofollow\">d\u00f8d<\/a> den 23. maj 1919). <\/td><\/tr><tr><td style=\"width:70px;background-color:#ededef;border-color:#84848f;text-align:center;vertical-align:top\"><\/td><td style=\"width:30px;background-color:#ededef;border-color:#84848f;text-align:center;vertical-align:top\"><\/td><td style=\"background-color:#ededef;border-color:#84848f;vertical-align:top\"><\/td><\/tr><tr><td rowspan=\"3\" style=\"width:70px;text-align:center;vertical-align:top\"><strong>1921<\/strong><br><sup>25 \u00e5r<\/sup><\/td><td style=\"width:30px;text-align:center;vertical-align:top\"><mark style=\"background-color:rgba(0, 0, 0, 0)\" class=\"has-inline-color has-tertiary-color\">\u25cf<\/mark><\/td><td style=\"vertical-align:top\"><strong><a href=\"https:\/\/arkivalieronline.rigsarkivet.dk\/da\/billedviser?bsid=79676#79676,13590486\" target=\"_blank\" rel=\"noreferrer noopener nofollow\">FT 1921<\/a><\/strong>.<strong> <\/strong>H\u00f8nsinge, <a href=\"https:\/\/greiersen.dk\/g-wiki\/vig-sogn\/\" target=\"_blank\" rel=\"noreferrer noopener nofollow\">Vig sogn<\/a>, Holb\u00e6k amt. <em>Husfader og Husmoder. <\/em><\/td><\/tr><tr><td style=\"width:30px;background-color:#ededef;border-color:#84848f;text-align:center;vertical-align:top\"><\/td><td style=\"background-color:#ededef;border-color:#84848f;vertical-align:top\"><\/td><\/tr><tr><td style=\"width:30px;text-align:center;vertical-align:top\"><mark style=\"background-color:rgba(0, 0, 0, 0)\" class=\"has-inline-color has-tertiary-color\">\u25cf<\/mark><\/td><td style=\"vertical-align:top;background-color:#c3edfb\"><strong><a href=\"https:\/\/arkivalieronline.rigsarkivet.dk\/da\/billedviser?epid=17119783#158688,26659975\" target=\"_blank\" rel=\"noreferrer noopener nofollow\">Barn<\/a><\/strong><sup>4<\/sup> den 26. februar 1921. <a href=\"https:\/\/greiersen.dk\/g-wiki\/vig-sogn\/\" target=\"_blank\" rel=\"noreferrer noopener nofollow\">Vig sogn<\/a>, Holb\u00e6k amt. <em><a href=\"https:\/\/greiersen.dk\/egekilde\/helge-sigfred-petersen-1921-1997\/\">Helge Sigfred Pedersen<\/a><\/em>. <\/td><\/tr><tr><td style=\"text-align:center;background-color:#ededef;border-color:#84848f;vertical-align:top\"><\/td><td style=\"text-align:center;background-color:#ededef;border-color:#84848f;vertical-align:top\"><\/td><td style=\"background-color:#ededef;border-color:#84848f;vertical-align:top\"><\/td><\/tr><tr><td style=\"text-align:center;vertical-align:top\"><strong>1922<\/strong><br><sup>26 \u00e5r<\/sup><\/td><td style=\"text-align:center;vertical-align:top\"><mark style=\"background-color:rgba(0, 0, 0, 0)\" class=\"has-inline-color has-tertiary-color\">\u25cf<\/mark><\/td><td style=\"vertical-align:top;background-color:#c3edfb\"><strong><a href=\"https:\/\/arkivalieronline.rigsarkivet.dk\/da\/billedviser?epid=17119783#158688,26659985\" target=\"_blank\" rel=\"noreferrer noopener nofollow\">Barn<\/a><\/strong><sup>5<\/sup> den 9. oktober 1922. <a href=\"https:\/\/greiersen.dk\/g-wiki\/vig-sogn\/\" target=\"_blank\" rel=\"noreferrer noopener nofollow\">Vig sogn<\/a>, Holb\u00e6k amt. <em><a href=\"https:\/\/greiersen.dk\/egekilde\/herloev-sigurd-petersen-1922-1981\/\">Herl\u00f8v Sigaard Pedersen<\/a><\/em>. <\/td><\/tr><tr><td style=\"text-align:center;background-color:#ededef;border-color:#84848f;vertical-align:top\"><\/td><td style=\"text-align:center;background-color:#ededef;border-color:#84848f;vertical-align:top\"><\/td><td style=\"background-color:#ededef;border-color:#84848f;vertical-align:top\"><\/td><\/tr><tr><td style=\"text-align:center;vertical-align:top\"><strong>1924<\/strong><br><sup>28 \u00e5r<\/sup><\/td><td style=\"text-align:center;vertical-align:top\"><mark style=\"background-color:rgba(0, 0, 0, 0)\" class=\"has-inline-color has-tertiary-color\">\u25cf<\/mark><\/td><td style=\"vertical-align:top;background-color:#ffd8d9\"><strong><a href=\"https:\/\/arkivalieronline.rigsarkivet.dk\/da\/billedviser?epid=17119783#158688,26660052\" target=\"_blank\" rel=\"noreferrer noopener nofollow\">Barn<\/a><\/strong><sup>6<\/sup> f\u00f8dt den 7. februar 1924. <a href=\"https:\/\/greiersen.dk\/g-wiki\/vig-sogn\/\" target=\"_blank\" rel=\"noreferrer noopener nofollow\">Vig sogn<\/a>, Holb\u00e6k amt. <em>Rigmor Margrethe Pedersen<\/em>.  (<a href=\"https:\/\/arkivalieronline.rigsarkivet.dk\/da\/billedviser?epid=17119783#158688,26660238\" target=\"_blank\" rel=\"noreferrer noopener nofollow\">d\u00f8d<\/a> den 30. september 1924). <\/td><\/tr><tr><td style=\"text-align:center;background-color:#ededef;border-color:#84848f;vertical-align:top\"><\/td><td style=\"text-align:center;background-color:#ededef;border-color:#84848f;vertical-align:top\"><\/td><td style=\"background-color:#ededef;border-color:#84848f;vertical-align:top\"><\/td><\/tr><tr><td style=\"text-align:center;vertical-align:top\"><strong>1925<\/strong><br><sup>29 \u00e5r<\/sup><\/td><td style=\"text-align:center;vertical-align:top\"><mark style=\"background-color:rgba(0, 0, 0, 0)\" class=\"has-inline-color has-tertiary-color\">\u25cf<\/mark><\/td><td style=\"vertical-align:top\"><strong><a href=\"https:\/\/arkivalieronline.rigsarkivet.dk\/da\/billedviser?bsid=92583#92583,15350889\" target=\"_blank\" rel=\"noreferrer noopener nofollow\">FT 1925<\/a><\/strong>.<strong> <\/strong>H\u00f8nsinge, <a href=\"https:\/\/greiersen.dk\/g-wiki\/vig-sogn\/\" target=\"_blank\" rel=\"noreferrer noopener nofollow\">Vig sogn<\/a>, Holb\u00e6k amt. <em>Husfader, Landmand og Husmoder. <\/em><\/td><\/tr><tr><td style=\"text-align:center;background-color:#ededef;border-color:#84848f;vertical-align:top\"><\/td><td style=\"text-align:center;background-color:#ededef;border-color:#84848f;vertical-align:top\"><\/td><td style=\"background-color:#ededef;border-color:#84848f;vertical-align:top\"><\/td><\/tr><tr><td style=\"text-align:center;vertical-align:top\"><strong>1926<\/strong><br><sup>30 \u00e5r<\/sup><\/td><td style=\"text-align:center;vertical-align:top\"><mark style=\"background-color:rgba(0, 0, 0, 0)\" class=\"has-inline-color has-tertiary-color\">\u25cf<\/mark><\/td><td style=\"vertical-align:top;background-color:#ffd8d9\"><strong><a href=\"https:\/\/arkivalieronline.rigsarkivet.dk\/da\/billedviser?epid=17116230#151968,25278506\" target=\"_blank\" rel=\"noreferrer noopener nofollow\">Barn<\/a><\/strong><sup>7<\/sup> den 19. november 1926. Ellinge mark, <a href=\"https:\/\/greiersen.dk\/g-wiki\/hoejby-sogn\/\" target=\"_blank\" rel=\"noreferrer noopener nofollow\">H\u00f8jby sogn<\/a>, Holb\u00e6k amt. <em><a data-type=\"post\" data-id=\"67\" href=\"https:\/\/greiersen.dk\/egekilde\/?p=67\">Erne Magdelene Pedersen<\/a><\/em>. <\/td><\/tr><tr><td style=\"text-align:center;background-color:#ededef;border-color:#84848f;vertical-align:top\"><\/td><td style=\"text-align:center;background-color:#ededef;border-color:#84848f;vertical-align:top\"><\/td><td style=\"background-color:#ededef;border-color:#84848f;vertical-align:top\"><\/td><\/tr><tr><td style=\"text-align:center;vertical-align:top\"><strong>1930<\/strong><br><sup>34 \u00e5r<\/sup><\/td><td style=\"text-align:center;vertical-align:top\"><mark style=\"background-color:rgba(0, 0, 0, 0)\" class=\"has-inline-color has-tertiary-color\">\u25cf<\/mark><\/td><td style=\"vertical-align:top\"><strong><strong><a href=\"https:\/\/arkivalieronline.rigsarkivet.dk\/da\/billedviser?bsid=102168#102168,16187802\" target=\"_blank\" rel=\"noreferrer noopener nofollow\">FT 1930<\/a><\/strong><\/strong>. <a href=\"https:\/\/greiersen.dk\/g-wiki\/hoejby-sogn\/\" target=\"_blank\" rel=\"noreferrer noopener nofollow\">H\u00f8jby sogn<\/a>, Holb\u00e6k amt. <em>Husfader, Landbrug og Husmoder.<\/em><\/td><\/tr><tr><td style=\"background-color:#ededef;border-color:#84848f\"><\/td><td style=\"background-color:#ededef;border-color:#84848f\"><\/td><td style=\"background-color:#ededef;border-color:#84848f\"><\/td><\/tr><tr><td rowspan=\"2\" style=\"text-align:center;vertical-align:top\"><strong>1940<\/strong><br><sup>44 \u00e5r<\/sup><\/td><td style=\"text-align:center;vertical-align:top\"><mark style=\"background-color:rgba(0, 0, 0, 0)\" class=\"has-inline-color has-tertiary-color\">\u25cf<\/mark><\/td><td style=\"text-align:left;vertical-align:top\"><strong><strong><a href=\"https:\/\/arkivalieronline.rigsarkivet.dk\/da\/billedviser?bsid=229266#229266,43400350\" target=\"_blank\" rel=\"noreferrer noopener nofollow\">FT 1940<\/a><\/strong><\/strong>. <a href=\"https:\/\/greiersen.dk\/g-wiki\/noerre-asmindrup-sogn\/\" target=\"_blank\" rel=\"noreferrer noopener nofollow\">N\u00f8rre Asmindrup<\/a>, Holb\u00e6k amt. <em>Husfader, Arbejdsmand og Husmoder.<\/em><\/td><\/tr><tr><td><\/td><td style=\"font-size:16px\">Matr. 27n, Egebjergvej 199, 4500 Nyk\u00f8bing Sj. Opf\u00f8rsels\u00e5r: 1924. &#8211; <a href=\"https:\/\/www.google.dk\/maps\/place\/Egebjergvej+199,+4500+Nyk%C3%B8bing+Sj%C3%A6lland\/@55.884904,11.6668979,17z\/data=!3m1!4b1!4m6!3m5!1s0x46527630a6c70d41:0x43d32c794538265!8m2!3d55.884904!4d11.6668979!16s%2Fg%2F11c2h40w_b?entry=ttu\">Egebjergvej 199&nbsp;\u2013 Google Maps<\/a><\/td><\/tr><tr><td style=\"background-color:#ededef;border-color:#84848f\"><\/td><td style=\"background-color:#ededef;border-color:#84848f\"><\/td><td style=\"background-color:#ededef;border-color:#84848f\"><\/td><\/tr><tr><td rowspan=\"2\" style=\"text-align:center;vertical-align:top\"><strong>1964<\/strong><br><sup>68 \u00e5r<\/sup><\/td><td style=\"text-align:center;vertical-align:top\"><mark style=\"background-color:rgba(0, 0, 0, 0)\" class=\"has-inline-color has-tertiary-color\">\u25cf<\/mark><\/td><td style=\"vertical-align:top\"><strong>Guldbryllup<\/strong> den 4. november 1964. Egebjergvej 199, Kildehusene, <a href=\"https:\/\/greiersen.dk\/g-wiki\/noerre-asmindrup-sogn\/\" target=\"_blank\" rel=\"noreferrer noopener nofollow\">N\u00f8rre Asmindrup<\/a>, Holb\u00e6k amt. <\/td><\/tr><tr><td><\/td><td style=\"font-size:16px\">Fest afholdt p\u00e5 Hotel du Vest, Algade 1, 4500 Nyk\u00f8bing Sj\u00e6lland. <\/td><\/tr><tr><td style=\"border-color:#84848f;background-color:#ededef\"><\/td><td style=\"border-color:#84848f;background-color:#ededef\"><\/td><td style=\"border-color:#84848f;background-color:#ededef\"><\/td><\/tr><tr><td style=\"text-align:center;vertical-align:top\"><strong>1967<\/strong><br><sup>70 \u00e5r<\/sup><\/td><td style=\"text-align:center;vertical-align:top\"><mark style=\"background-color:rgba(0, 0, 0, 0)\" class=\"has-inline-color has-tertiary-color\"><strong>\u00bb<\/strong><\/mark><\/td><td style=\"vertical-align:top\"><strong>Flytte<\/strong> fra Fra Kildehusende til Nordtoften 6, H\u00f8ve, <a href=\"https:\/\/greiersen.dk\/g-wiki\/asnaes-sogn\/\" target=\"_blank\" rel=\"noreferrer noopener\">Asn\u00e6s sogn<\/a>, Holb\u00e6k amt.<\/td><\/tr><tr><td style=\"background-color:#ededef;border-color:#84848f\"><\/td><td style=\"background-color:#ededef;border-color:#84848f\"><\/td><td style=\"background-color:#ededef;border-color:#84848f\"><\/td><\/tr><tr><td style=\"text-align:center;vertical-align:top\"><strong>1974<\/strong><br><sup>78 \u00e5r<\/sup><\/td><td style=\"text-align:center;vertical-align:top\"><mark style=\"background-color:rgba(0, 0, 0, 0)\" class=\"has-inline-color has-tertiary-color\">\u25cf<\/mark><\/td><td style=\"vertical-align:top\"><strong>Diamantbryllup<\/strong> den 4. november 1974. Nordtoften 6, H\u00f8ve, <a href=\"https:\/\/greiersen.dk\/g-wiki\/asnaes-sogn\/\" target=\"_blank\" rel=\"noreferrer noopener\">Asn\u00e6s sogn<\/a>, Holb\u00e6k amt. <\/td><\/tr><tr><td style=\"width:70px;background-color:#ededef;border-color:#84848f;text-align:center;vertical-align:top\"><\/td><td style=\"width:30px;background-color:#ededef;border-color:#84848f;text-align:center;vertical-align:top\"><\/td><td style=\"background-color:#ededef;border-color:#84848f;vertical-align:top\"><\/td><\/tr><\/tbody><\/table><\/figure>\n\n\n\n<h4 class=\"wp-block-heading\">Fakta tidslinje &#8211; d\u00f8d<\/h4>\n\n\n\n<figure class=\"wp-block-flexible-table-block-table\"><table class=\"has-fixed-layout\"><tbody><tr><td style=\"width:70px;background-color:#ededef;border-color:#84848f;text-align:center;vertical-align:top\"><\/td><td style=\"width:30px;background-color:#ededef;border-color:#84848f;text-align:center;vertical-align:top\"><\/td><td style=\"background-color:#ededef;border-color:#84848f;vertical-align:top\"><\/td><\/tr><tr><td style=\"text-align:center;vertical-align:top\"><strong>1976<\/strong><br><sup>80 \u00e5r<\/sup><\/td><td style=\"text-align:center;vertical-align:top\"><\/td><td style=\"text-align:left;vertical-align:top\"><strong>Enke<\/strong> &#8211; Mands d\u00f8d den &#8217;27. juni 1976&#8242;. Nordtoften 6, H\u00f8ve, <a href=\"https:\/\/greiersen.dk\/g-wiki\/asnaes-sogn\/\" target=\"_blank\" rel=\"noreferrer noopener\">Asn\u00e6s sogn<\/a>, Holb\u00e6k amt. <em>Er stille sovet ind.<\/em><\/td><\/tr><tr><td style=\"background-color:#ededef;border-color:#84848f\"><\/td><td style=\"background-color:#ededef;border-color:#84848f\"><\/td><td style=\"background-color:#ededef;border-color:#84848f\"><\/td><\/tr><tr><td style=\"width:70px;text-align:center;vertical-align:top\"><strong>1982<\/strong><br><sup>86 \u00e5r<\/sup><\/td><td style=\"width:30px;text-align:center;vertical-align:top\">\u25cf<\/td><td style=\"vertical-align:top\"><strong>D\u00f8d<\/strong> 9. juli 1982. Plejehjemmet &#8220;Bakkeg\u00e5rden&#8221;, <a href=\"https:\/\/greiersen.dk\/g-wiki\/hoerve-sogn\/\" target=\"_blank\" rel=\"noreferrer noopener nofollow\">H\u00f8rve sogn<\/a>, Holb\u00e6k amt. <\/td><\/tr><tr><td style=\"width:70px;text-align:center;background-color:#ededef;border-color:#84848f;vertical-align:top\"><\/td><td style=\"width:30px;text-align:center;background-color:#ededef;border-color:#84848f;vertical-align:top\"><\/td><td style=\"background-color:#ededef;border-color:#84848f;vertical-align:top\"><\/td><\/tr><\/tbody><\/table><\/figure>\n\n\n\n<h4 class=\"wp-block-heading\">Historiske begivenheder<\/h4>\n\n\n\n<p class=\"has-light-gray-background-color has-background has-small-font-size\">Marta Marie Petersen levede i en periode med store forandringer i Danmark og verden. Hun oplevede to verdenskrige, hvor Danmark var neutral i den f\u00f8rste og besat af Nazi-Tyskland i den anden. Hun oplevede ogs\u00e5 tabet af Norge i 1814, tabet af Slesvig, Holsten og Lauenborg i 1864, og anerkendelsen af Islands selvst\u00e6ndighed i 1944. Hun oplevede ogs\u00e5 opbygningen af velf\u00e6rdsstaten i Danmark, indf\u00f8relsen af kvinders stemmeret i 1918, og Danmarks tilslutning til NATO i 1949 og EF i 1973. Hun oplevede ogs\u00e5 den teknologiske udvikling, som gjorde det muligt at rejse med tog, bil, fly og broer. Hun oplevede ogs\u00e5 den kulturelle udvikling, som gjorde det muligt at nyde kunst, litteratur, film og musik.<\/p>\n\n\n\n<hr class=\"wp-block-separator has-css-opacity is-style-wide\"\/>\n\n\n\n<div class=\"wp-block-columns is-layout-flex wp-container-core-columns-is-layout-9d6595d7 wp-block-columns-is-layout-flex\">\n<div class=\"wp-block-column is-layout-flow wp-block-column-is-layout-flow\">\n<h4 class=\"wp-block-heading\">Billeder<\/h4>\n\n\n\n<p>Marta Marie Petersen og datter Erna Magdalene<\/p>\n\n\n<div class=\"wp-block-image\">\n<figure class=\"aligncenter size-large\"><a href=\"https:\/\/greiersen.dk\/egekilde\/wp-content\/uploads\/2026\/02\/818384Marta-Marie-Petersen-med-datter-Erna-Magdelene-Madsen-23-klip.jpg\"><img decoding=\"async\" src=\"https:\/\/greiersen.dk\/egekilde\/wp-content\/uploads\/2026\/02\/818384Marta-Marie-Petersen-med-datter-Erna-Magdelene-Madsen-23-klip.jpg\" alt=\"\"\/><\/a><\/figure>\n<\/div>\n\n\n<figure class=\"wp-block-image size-large\"><a href=\"https:\/\/greiersen.dk\/egekilde\/wp-content\/uploads\/2026\/02\/818368Erna-Magdalene-med-h-Mor-Marta-Marie-2-991x1024.jpg\"><img decoding=\"async\" src=\"https:\/\/greiersen.dk\/egekilde\/wp-content\/uploads\/2026\/02\/818368Erna-Magdalene-med-h-Mor-Marta-Marie-2-991x1024.jpg\" alt=\"\"\/><\/a><\/figure>\n\n\n\n<hr class=\"wp-block-separator has-alpha-channel-opacity is-style-wide\"\/>\n\n\n\n<p class=\"has-text-align-right\">Til h\u00f8jre<br>En <em>Annonce ved<\/em><br><em>Marta Marie Petersens<\/em><br><em>d\u00f8d d. 9. juli 1982.<\/em><\/p>\n<\/div>\n\n\n\n<div class=\"wp-block-column is-layout-flow wp-block-column-is-layout-flow\">\n<figure class=\"wp-block-image alignwide size-large\"><a href=\"https:\/\/greiersen.dk\/egekilde\/wp-content\/uploads\/2026\/02\/818382Marta-Marie-Petersen-1896-1982-doedsanonce-372x1024.jpg\"><img decoding=\"async\" src=\"https:\/\/greiersen.dk\/egekilde\/wp-content\/uploads\/2026\/02\/818382Marta-Marie-Petersen-1896-1982-doedsanonce-372x1024.jpg\" alt=\"\"\/><\/a><figcaption class=\"wp-element-caption\"><em>Annonce ved Marta Marie Petersens d\u00f8d d. 9. juli 1982.<\/em><\/figcaption><\/figure>\n<\/div>\n<\/div>\n\n\n\n<hr class=\"wp-block-separator has-alpha-channel-opacity is-style-wide\"\/>\n\n\n\n<h4 class=\"wp-block-heading\">Marta Marie Petersen og datter Erna Magdalene<\/h4>\n\n\n\n<figure class=\"wp-block-image alignwide size-large\"><a href=\"https:\/\/greiersen.dk\/egekilde\/wp-content\/uploads\/2026\/02\/799020IMG_20230322_0121.jpg\"><img decoding=\"async\" src=\"https:\/\/greiersen.dk\/egekilde\/wp-content\/uploads\/2026\/02\/799020IMG_20230322_0121.jpg\" alt=\"\"\/><\/a><figcaption class=\"wp-element-caption\"><em>Billede af Marta Marie Petersen og muligvis datter Erna Magdalene<\/em><\/figcaption><\/figure>\n\n\n\n<hr class=\"wp-block-separator has-alpha-channel-opacity is-style-wide\"\/>\n\n\n\n<h4 class=\"wp-block-heading\">Guldbryllup 1964 &#8211; 50 \u00e5r<\/h4>\n\n\n\n<p>Marta Marie og Olaf havde guldbryllup den 4. november 1964, her inder er nogle dejlige billeder.<\/p>\n\n\n\n<div class=\"wp-block-columns is-layout-flex wp-container-core-columns-is-layout-9d6595d7 wp-block-columns-is-layout-flex\">\n<div class=\"wp-block-column is-layout-flow wp-block-column-is-layout-flow\">\n<figure class=\"wp-block-image size-large\"><a href=\"https:\/\/greiersen.dk\/egekilde\/wp-content\/uploads\/2026\/02\/818397IMG_20230322_0109.jpg\"><img decoding=\"async\" src=\"https:\/\/greiersen.dk\/egekilde\/wp-content\/uploads\/2026\/02\/818397IMG_20230322_0109.jpg\" alt=\"\"\/><\/a><figcaption class=\"wp-element-caption\"><em>Guldbryllup parret har f\u00e5et en hel del blomster p\u00e5 dagen, som her vises frem.<\/em><\/figcaption><\/figure>\n<\/div>\n\n\n\n<div class=\"wp-block-column is-layout-flow wp-block-column-is-layout-flow\">\n<figure class=\"wp-block-image size-large\"><a href=\"https:\/\/greiersen.dk\/egekilde\/wp-content\/uploads\/2026\/02\/818403Marta20Marie20Petersen201896-198220og20Olaf20Valdemar20Petersen201890-197620guldb.jpg\"><img decoding=\"async\" src=\"https:\/\/greiersen.dk\/egekilde\/wp-content\/uploads\/2026\/02\/818403Marta20Marie20Petersen201896-198220og20Olaf20Valdemar20Petersen201890-197620guldb.jpg\" alt=\"\"\/><\/a><figcaption class=\"wp-element-caption\"><em>Guldbryllup parret har f\u00e5et en hel del blomster p\u00e5 dagen, som her vises frem.<\/em><\/figcaption><\/figure>\n<\/div>\n<\/div>\n\n\n\n<figure class=\"wp-block-image size-large\"><a href=\"https:\/\/greiersen.dk\/egekilde\/wp-content\/uploads\/2026\/02\/799023OlufOgMarie-G-Brylup-1964.jpg\"><img decoding=\"async\" src=\"https:\/\/greiersen.dk\/egekilde\/wp-content\/uploads\/2026\/02\/799023OlufOgMarie-G-Brylup-1964.jpg\" alt=\"\"\/><\/a><figcaption class=\"wp-element-caption\"><em>Der var lavet en flot \u00e6resport omkring hovedd\u00f8ren p\u00e5 deres hus i Kildehusende. <\/em><\/figcaption><\/figure>\n\n\n\n<div class=\"wp-block-columns is-layout-flex wp-container-core-columns-is-layout-9d6595d7 wp-block-columns-is-layout-flex\">\n<div class=\"wp-block-column is-layout-flow wp-block-column-is-layout-flow\" style=\"flex-basis:55%\">\n<figure class=\"wp-block-image size-large\"><a href=\"https:\/\/greiersen.dk\/egekilde\/wp-content\/uploads\/2026\/02\/820223IMG_20240227_0001.jpg\"><img decoding=\"async\" src=\"https:\/\/greiersen.dk\/egekilde\/wp-content\/uploads\/2026\/02\/820223IMG_20240227_0001.jpg\" alt=\"\"\/><\/a><figcaption class=\"wp-element-caption\"><em>Guldbryllup parret er blevet kronet her til festlighederne p\u00e5 Hotel du Vest.<\/em><\/figcaption><\/figure>\n<\/div>\n\n\n\n<div class=\"wp-block-column is-layout-flow wp-block-column-is-layout-flow\" style=\"flex-basis:45%\">\n<figure class=\"wp-block-image size-large\"><a href=\"https:\/\/bibod.dk\/odswiki\/index.php\/Hotel_du_Vest\" target=\"_blank\" rel=\"noreferrer noopener\"><img decoding=\"async\" src=\"https:\/\/greiersen.dk\/egekilde\/wp-content\/uploads\/2026\/02\/724px-Hotel_du_Vest_1.jpg\" alt=\"\"\/><\/a><figcaption class=\"wp-element-caption\"><em><a href=\"https:\/\/bibod.dk\/odswiki\/index.php\/Hotel_du_Vest\" target=\"_blank\" rel=\"noreferrer noopener\">Hotel du Vest<\/a> der \u00e5ret f\u00f8r var gen\u00e5bnet efter en st\u00f8rre udvidelse og ombygning i 1963.<\/em><\/figcaption><\/figure>\n<\/div>\n<\/div>\n\n\n\n<figure class=\"wp-block-image size-large\"><a href=\"https:\/\/greiersen.dk\/egekilde\/wp-content\/uploads\/2026\/02\/799078IMG_20230322_0110.jpg\"><img decoding=\"async\" src=\"https:\/\/greiersen.dk\/egekilde\/wp-content\/uploads\/2026\/02\/799078IMG_20230322_0110.jpg\" alt=\"\"\/><\/a><figcaption class=\"wp-element-caption\"><em>Marta Marie og Olaf p\u00e5 deres bryllupsdag i 1964, billedet er taget i deres dagligstue sammen med deres b\u00f8rn. Bagerst fra venstre st\u00e5r Holger Petersen, Svend Arthur, Helge Sigfred og Sigrid Agnete. Sidende p\u00e5 arml\u00e6n er Erna Magdalene og Herl\u00f8v Sigurt.<\/em><\/figcaption><\/figure>\n\n\n\n<h4 class=\"wp-block-heading\">Familiebillede<\/h4>\n\n\n\n<figure class=\"wp-block-image size-large\"><a href=\"https:\/\/greiersen.dk\/egekilde\/wp-content\/uploads\/2026\/02\/820295IMG_20230322_0035.jpg\"><img decoding=\"async\" src=\"https:\/\/greiersen.dk\/egekilde\/wp-content\/uploads\/2026\/02\/820295IMG_20230322_0035.jpg\" alt=\"\"\/><\/a><figcaption class=\"wp-element-caption\">Dette familiebillede er muligvis fra en barned\u00e5b, men hvis? Og hvem er g\u00e6sterne.. Vil du hj\u00e6lpe s\u00e5 <a href=\"https:\/\/greiersen.dk\/egekilde\/familiebillede\/\">klik her!<\/a> <\/figcaption><\/figure>\n\n\n\n<h4 class=\"wp-block-heading has-text-align-left\">Avisudklip<\/h4>\n\n\n\n<div class=\"wp-block-columns is-layout-flex wp-container-core-columns-is-layout-9d6595d7 wp-block-columns-is-layout-flex\">\n<div class=\"wp-block-column is-layout-flow wp-block-column-is-layout-flow\">\n<figure class=\"wp-block-image size-large\"><a href=\"https:\/\/greiersen.dk\/egekilde\/wp-content\/uploads\/2026\/02\/818385Olaf-Valdemar-Petersen-og-Marta-Maria-guldbryllup-196417-scaled.jpg\"><img decoding=\"async\" src=\"https:\/\/greiersen.dk\/egekilde\/wp-content\/uploads\/2026\/02\/818385Olaf-Valdemar-Petersen-og-Marta-Maria-guldbryllup-196417-scaled.jpg\" alt=\"\"\/><\/a><figcaption class=\"wp-element-caption\"><em>Guldbryllup onsdag  1964.<br>Olaf og Marie Petersen.<\/em><\/figcaption><\/figure>\n<\/div>\n\n\n\n<div class=\"wp-block-column is-layout-flow wp-block-column-is-layout-flow\">\n<figure class=\"wp-block-image size-large\"><a href=\"https:\/\/greiersen.dk\/egekilde\/wp-content\/uploads\/2026\/02\/820294Diamantbrudepar20Marta20Marie20og20Olaf20Petersen.jpg\"><img decoding=\"async\" src=\"https:\/\/greiersen.dk\/egekilde\/wp-content\/uploads\/2026\/02\/820294Diamantbrudepar20Marta20Marie20og20Olaf20Petersen.jpg\" alt=\"\"\/><\/a><figcaption class=\"wp-element-caption\"><em>Diamantbryllup  1974.<br>Olaf og Marie Petersen.<\/em><\/figcaption><\/figure>\n<\/div>\n\n\n\n<div class=\"wp-block-column is-layout-flow wp-block-column-is-layout-flow\">\n<figure class=\"wp-block-image size-large\"><a href=\"https:\/\/greiersen.dk\/egekilde\/wp-content\/uploads\/2026\/02\/818383Marta-Marie-Petersen-1896-avisudklip-80aar-1976-scaled.jpg\"><img decoding=\"async\" src=\"https:\/\/greiersen.dk\/egekilde\/wp-content\/uploads\/2026\/02\/818383Marta-Marie-Petersen-1896-avisudklip-80aar-1976-scaled.jpg\" alt=\"\"\/><\/a><figcaption class=\"wp-element-caption\"><em>80 \u00e5rs f\u00f8dselsdag.<br>Marta Marie Petersen<\/em><\/figcaption><\/figure>\n<\/div>\n<\/div>\n","protected":false},"excerpt":{"rendered":"<p>Karolines Oldemor &#8211; 86 \u00e5rMormors mor Marta Marie Petersen, kaldt Marie, blev f\u00f8dt den 5. januar 1896 i Glostrup by, Egebjerg sogn, Holb\u00e6k amt. Hun [&#8230;]<\/p>\n","protected":false},"author":1,"featured_media":0,"comment_status":"open","ping_status":"open","sticky":false,"template":"","format":"standard","meta":{"footnotes":""},"categories":[4],"tags":[57,11,15,258,264,18,31,58,22,5,21,255,250,9],"class_list":["post-201","post","type-post","status-publish","format-standard","hentry","category-karolines-aner","tag-carl-frederik-pedersen-1866-1938","tag-egebjerg-sogn","tag-erna-magdelene-madsen-foedt-petersen-1926-2014","tag-helge-sigfred-petersen-1921-1997","tag-herloev-sigurd-petersen-1922-1981","tag-hoejby-sogn","tag-hoerve-sogn","tag-karen-sofie-petersen-f-sivertsen-1866","tag-marta-marie-petersen-1896-1982","tag-noerre-asmindrup-sogn","tag-olaf-valdemar-pedersen-1890-1976","tag-sigrid-agnete-madsen-foedt-pedersen-1916-1995","tag-svend-arthur-petersen-1915-1986","tag-vig-sogn"],"yoast_head":"<!-- This site is optimized with the Yoast SEO plugin v27.5 - https:\/\/yoast.com\/product\/yoast-seo-wordpress\/ -->\n<title>Marta Marie Petersen 1896 - 1982 - Egekilde aner<\/title>\n<meta name=\"description\" content=\"Marta Marie Petersen. F\u00f8dt d. 5. januar 1896. Egebjerg sogn, Holb\u00e6k amt. D\u00f8d 9. juli 1982. Plejehjemmet &quot;Bakkeg\u00e5rden&quot;, Holb\u00e6k amt.\" \/>\n<meta name=\"robots\" content=\"index, follow, max-snippet:-1, max-image-preview:large, max-video-preview:-1\" \/>\n<link rel=\"canonical\" href=\"https:\/\/greiersen.dk\/egekilde\/marta-marie-petersen-1896-1982\/\" \/>\n<meta property=\"og:locale\" content=\"da_DK\" \/>\n<meta property=\"og:type\" content=\"article\" \/>\n<meta property=\"og:title\" content=\"Marta Marie Petersen 1896 - 1982 - Egekilde aner\" \/>\n<meta property=\"og:description\" content=\"Marta Marie Petersen. F\u00f8dt d. 5. januar 1896. Egebjerg sogn, Holb\u00e6k amt. D\u00f8d 9. juli 1982. Plejehjemmet &quot;Bakkeg\u00e5rden&quot;, Holb\u00e6k amt.\" \/>\n<meta property=\"og:url\" content=\"https:\/\/greiersen.dk\/egekilde\/marta-marie-petersen-1896-1982\/\" \/>\n<meta property=\"og:site_name\" content=\"Egekilde aner\" \/>\n<meta property=\"article:published_time\" content=\"2023-03-25T17:39:23+00:00\" \/>\n<meta property=\"article:modified_time\" content=\"2026-02-04T18:10:01+00:00\" \/>\n<meta property=\"og:image\" content=\"https:\/\/greiersen.dk\/egekilde\/egekilde\/wp-content\/uploads\/2026\/02\/818381Marta-Marie-Petersen.jpg\" \/>\n<meta name=\"author\" content=\"admin\" \/>\n<meta name=\"twitter:card\" content=\"summary_large_image\" \/>\n<meta name=\"twitter:label1\" content=\"Skrevet af\" \/>\n\t<meta name=\"twitter:data1\" content=\"admin\" \/>\n\t<meta name=\"twitter:label2\" content=\"Estimeret l\u00e6setid\" \/>\n\t<meta name=\"twitter:data2\" content=\"10 minutter\" \/>\n<script type=\"application\/ld+json\" class=\"yoast-schema-graph\">{\"@context\":\"https:\\\/\\\/schema.org\",\"@graph\":[{\"@type\":\"Article\",\"@id\":\"https:\\\/\\\/greiersen.dk\\\/egekilde\\\/marta-marie-petersen-1896-1982\\\/#article\",\"isPartOf\":{\"@id\":\"https:\\\/\\\/greiersen.dk\\\/egekilde\\\/marta-marie-petersen-1896-1982\\\/\"},\"author\":{\"name\":\"admin\",\"@id\":\"https:\\\/\\\/greiersen.dk\\\/egekilde\\\/#\\\/schema\\\/person\\\/ca47c2106addf58e871929ccc24106eb\"},\"headline\":\"Marta Marie Petersen 1896 &#8211; 1982\",\"datePublished\":\"2023-03-25T17:39:23+00:00\",\"dateModified\":\"2026-02-04T18:10:01+00:00\",\"mainEntityOfPage\":{\"@id\":\"https:\\\/\\\/greiersen.dk\\\/egekilde\\\/marta-marie-petersen-1896-1982\\\/\"},\"wordCount\":1102,\"commentCount\":0,\"publisher\":{\"@id\":\"https:\\\/\\\/greiersen.dk\\\/egekilde\\\/#\\\/schema\\\/person\\\/ca47c2106addf58e871929ccc24106eb\"},\"image\":{\"@id\":\"https:\\\/\\\/greiersen.dk\\\/egekilde\\\/marta-marie-petersen-1896-1982\\\/#primaryimage\"},\"thumbnailUrl\":\"https:\\\/\\\/greiersen.dk\\\/egekilde\\\/wp-content\\\/uploads\\\/2026\\\/02\\\/818381Marta-Marie-Petersen.jpg\",\"keywords\":[\"Carl Frederik Pedersen 1866-1938\",\"Egebjerg sogn\",\"Erna Magdelene Madsen f\u00f8dt Petersen 1926-2014\",\"Helge Sigfred Petersen 1921 - 1997\",\"Herl\u00f8v Sigurd Petersen 1922 - 1981\",\"H\u00f8jby sogn\",\"H\u00f8rve sogn\",\"Karen Sofie Petersen f Sivertsen 1866-\",\"Marta Marie Petersen 1896-1982\",\"N\u00f8rre Asmindrup sogn\",\"Olaf Valdemar Pedersen 1890-1976\",\"Sigrid Agnete Madsen f\u00f8dt Pedersen 1916 - 1995\",\"Svend Arthur Petersen 1915 - 1986\",\"Vig sogn\"],\"articleSection\":[\"Karolines aner\"],\"inLanguage\":\"da-DK\",\"potentialAction\":[{\"@type\":\"CommentAction\",\"name\":\"Comment\",\"target\":[\"https:\\\/\\\/greiersen.dk\\\/egekilde\\\/marta-marie-petersen-1896-1982\\\/#respond\"]}]},{\"@type\":\"WebPage\",\"@id\":\"https:\\\/\\\/greiersen.dk\\\/egekilde\\\/marta-marie-petersen-1896-1982\\\/\",\"url\":\"https:\\\/\\\/greiersen.dk\\\/egekilde\\\/marta-marie-petersen-1896-1982\\\/\",\"name\":\"Marta Marie Petersen 1896 - 1982 - Egekilde aner\",\"isPartOf\":{\"@id\":\"https:\\\/\\\/greiersen.dk\\\/egekilde\\\/#website\"},\"primaryImageOfPage\":{\"@id\":\"https:\\\/\\\/greiersen.dk\\\/egekilde\\\/marta-marie-petersen-1896-1982\\\/#primaryimage\"},\"image\":{\"@id\":\"https:\\\/\\\/greiersen.dk\\\/egekilde\\\/marta-marie-petersen-1896-1982\\\/#primaryimage\"},\"thumbnailUrl\":\"https:\\\/\\\/greiersen.dk\\\/egekilde\\\/wp-content\\\/uploads\\\/2026\\\/02\\\/818381Marta-Marie-Petersen.jpg\",\"datePublished\":\"2023-03-25T17:39:23+00:00\",\"dateModified\":\"2026-02-04T18:10:01+00:00\",\"description\":\"Marta Marie Petersen. F\u00f8dt d. 5. januar 1896. Egebjerg sogn, Holb\u00e6k amt. D\u00f8d 9. juli 1982. Plejehjemmet \\\"Bakkeg\u00e5rden\\\", Holb\u00e6k amt.\",\"breadcrumb\":{\"@id\":\"https:\\\/\\\/greiersen.dk\\\/egekilde\\\/marta-marie-petersen-1896-1982\\\/#breadcrumb\"},\"inLanguage\":\"da-DK\",\"potentialAction\":[{\"@type\":\"ReadAction\",\"target\":[\"https:\\\/\\\/greiersen.dk\\\/egekilde\\\/marta-marie-petersen-1896-1982\\\/\"]}]},{\"@type\":\"ImageObject\",\"inLanguage\":\"da-DK\",\"@id\":\"https:\\\/\\\/greiersen.dk\\\/egekilde\\\/marta-marie-petersen-1896-1982\\\/#primaryimage\",\"url\":\"https:\\\/\\\/greiersen.dk\\\/egekilde\\\/wp-content\\\/uploads\\\/2026\\\/02\\\/818381Marta-Marie-Petersen.jpg\",\"contentUrl\":\"https:\\\/\\\/greiersen.dk\\\/egekilde\\\/wp-content\\\/uploads\\\/2026\\\/02\\\/818381Marta-Marie-Petersen.jpg\",\"width\":135,\"height\":186},{\"@type\":\"BreadcrumbList\",\"@id\":\"https:\\\/\\\/greiersen.dk\\\/egekilde\\\/marta-marie-petersen-1896-1982\\\/#breadcrumb\",\"itemListElement\":[{\"@type\":\"ListItem\",\"position\":1,\"name\":\"Hjem\",\"item\":\"https:\\\/\\\/greiersen.dk\\\/egekilde\\\/\"},{\"@type\":\"ListItem\",\"position\":2,\"name\":\"Marta Marie Petersen 1896 &#8211; 1982\"}]},{\"@type\":\"WebSite\",\"@id\":\"https:\\\/\\\/greiersen.dk\\\/egekilde\\\/#website\",\"url\":\"https:\\\/\\\/greiersen.dk\\\/egekilde\\\/\",\"name\":\"Egekilde aner\",\"description\":\"Jensen, Madsen og Nielsen i Odsherred\",\"publisher\":{\"@id\":\"https:\\\/\\\/greiersen.dk\\\/egekilde\\\/#\\\/schema\\\/person\\\/ca47c2106addf58e871929ccc24106eb\"},\"potentialAction\":[{\"@type\":\"SearchAction\",\"target\":{\"@type\":\"EntryPoint\",\"urlTemplate\":\"https:\\\/\\\/greiersen.dk\\\/egekilde\\\/?s={search_term_string}\"},\"query-input\":{\"@type\":\"PropertyValueSpecification\",\"valueRequired\":true,\"valueName\":\"search_term_string\"}}],\"inLanguage\":\"da-DK\"},{\"@type\":[\"Person\",\"Organization\"],\"@id\":\"https:\\\/\\\/greiersen.dk\\\/egekilde\\\/#\\\/schema\\\/person\\\/ca47c2106addf58e871929ccc24106eb\",\"name\":\"admin\",\"image\":{\"@type\":\"ImageObject\",\"inLanguage\":\"da-DK\",\"@id\":\"https:\\\/\\\/greiersen.dk\\\/egekilde\\\/wp-content\\\/uploads\\\/2022\\\/05\\\/Jeppe-Mads-Jepsen-1887-1948-og-Inger-Katrine-Margrethe-Jepsen-f-Kristensen-1888-1858-scaled.jpg\",\"url\":\"https:\\\/\\\/greiersen.dk\\\/egekilde\\\/wp-content\\\/uploads\\\/2022\\\/05\\\/Jeppe-Mads-Jepsen-1887-1948-og-Inger-Katrine-Margrethe-Jepsen-f-Kristensen-1888-1858-scaled.jpg\",\"contentUrl\":\"https:\\\/\\\/greiersen.dk\\\/egekilde\\\/wp-content\\\/uploads\\\/2022\\\/05\\\/Jeppe-Mads-Jepsen-1887-1948-og-Inger-Katrine-Margrethe-Jepsen-f-Kristensen-1888-1858-scaled.jpg\",\"width\":2560,\"height\":1925,\"caption\":\"admin\"},\"logo\":{\"@id\":\"https:\\\/\\\/greiersen.dk\\\/egekilde\\\/wp-content\\\/uploads\\\/2022\\\/05\\\/Jeppe-Mads-Jepsen-1887-1948-og-Inger-Katrine-Margrethe-Jepsen-f-Kristensen-1888-1858-scaled.jpg\"},\"sameAs\":[\"https:\\\/\\\/greiersen.dk\\\/egekilde\"],\"url\":\"https:\\\/\\\/greiersen.dk\\\/egekilde\\\/author\\\/admin\\\/\"}]}<\/script>\n<!-- \/ Yoast SEO plugin. -->","yoast_head_json":{"title":"Marta Marie Petersen 1896 - 1982 - Egekilde aner","description":"Marta Marie Petersen. F\u00f8dt d. 5. januar 1896. Egebjerg sogn, Holb\u00e6k amt. D\u00f8d 9. juli 1982. Plejehjemmet \"Bakkeg\u00e5rden\", Holb\u00e6k amt.","robots":{"index":"index","follow":"follow","max-snippet":"max-snippet:-1","max-image-preview":"max-image-preview:large","max-video-preview":"max-video-preview:-1"},"canonical":"https:\/\/greiersen.dk\/egekilde\/marta-marie-petersen-1896-1982\/","og_locale":"da_DK","og_type":"article","og_title":"Marta Marie Petersen 1896 - 1982 - Egekilde aner","og_description":"Marta Marie Petersen. F\u00f8dt d. 5. januar 1896. Egebjerg sogn, Holb\u00e6k amt. D\u00f8d 9. juli 1982. Plejehjemmet \"Bakkeg\u00e5rden\", Holb\u00e6k amt.","og_url":"https:\/\/greiersen.dk\/egekilde\/marta-marie-petersen-1896-1982\/","og_site_name":"Egekilde aner","article_published_time":"2023-03-25T17:39:23+00:00","article_modified_time":"2026-02-04T18:10:01+00:00","og_image":[{"url":"https:\/\/greiersen.dk\/egekilde\/egekilde\/wp-content\/uploads\/2026\/02\/818381Marta-Marie-Petersen.jpg","type":"","width":"","height":""}],"author":"admin","twitter_card":"summary_large_image","twitter_misc":{"Skrevet af":"admin","Estimeret l\u00e6setid":"10 minutter"},"schema":{"@context":"https:\/\/schema.org","@graph":[{"@type":"Article","@id":"https:\/\/greiersen.dk\/egekilde\/marta-marie-petersen-1896-1982\/#article","isPartOf":{"@id":"https:\/\/greiersen.dk\/egekilde\/marta-marie-petersen-1896-1982\/"},"author":{"name":"admin","@id":"https:\/\/greiersen.dk\/egekilde\/#\/schema\/person\/ca47c2106addf58e871929ccc24106eb"},"headline":"Marta Marie Petersen 1896 &#8211; 1982","datePublished":"2023-03-25T17:39:23+00:00","dateModified":"2026-02-04T18:10:01+00:00","mainEntityOfPage":{"@id":"https:\/\/greiersen.dk\/egekilde\/marta-marie-petersen-1896-1982\/"},"wordCount":1102,"commentCount":0,"publisher":{"@id":"https:\/\/greiersen.dk\/egekilde\/#\/schema\/person\/ca47c2106addf58e871929ccc24106eb"},"image":{"@id":"https:\/\/greiersen.dk\/egekilde\/marta-marie-petersen-1896-1982\/#primaryimage"},"thumbnailUrl":"https:\/\/greiersen.dk\/egekilde\/wp-content\/uploads\/2026\/02\/818381Marta-Marie-Petersen.jpg","keywords":["Carl Frederik Pedersen 1866-1938","Egebjerg sogn","Erna Magdelene Madsen f\u00f8dt Petersen 1926-2014","Helge Sigfred Petersen 1921 - 1997","Herl\u00f8v Sigurd Petersen 1922 - 1981","H\u00f8jby sogn","H\u00f8rve sogn","Karen Sofie Petersen f Sivertsen 1866-","Marta Marie Petersen 1896-1982","N\u00f8rre Asmindrup sogn","Olaf Valdemar Pedersen 1890-1976","Sigrid Agnete Madsen f\u00f8dt Pedersen 1916 - 1995","Svend Arthur Petersen 1915 - 1986","Vig sogn"],"articleSection":["Karolines aner"],"inLanguage":"da-DK","potentialAction":[{"@type":"CommentAction","name":"Comment","target":["https:\/\/greiersen.dk\/egekilde\/marta-marie-petersen-1896-1982\/#respond"]}]},{"@type":"WebPage","@id":"https:\/\/greiersen.dk\/egekilde\/marta-marie-petersen-1896-1982\/","url":"https:\/\/greiersen.dk\/egekilde\/marta-marie-petersen-1896-1982\/","name":"Marta Marie Petersen 1896 - 1982 - Egekilde aner","isPartOf":{"@id":"https:\/\/greiersen.dk\/egekilde\/#website"},"primaryImageOfPage":{"@id":"https:\/\/greiersen.dk\/egekilde\/marta-marie-petersen-1896-1982\/#primaryimage"},"image":{"@id":"https:\/\/greiersen.dk\/egekilde\/marta-marie-petersen-1896-1982\/#primaryimage"},"thumbnailUrl":"https:\/\/greiersen.dk\/egekilde\/wp-content\/uploads\/2026\/02\/818381Marta-Marie-Petersen.jpg","datePublished":"2023-03-25T17:39:23+00:00","dateModified":"2026-02-04T18:10:01+00:00","description":"Marta Marie Petersen. F\u00f8dt d. 5. januar 1896. Egebjerg sogn, Holb\u00e6k amt. D\u00f8d 9. juli 1982. Plejehjemmet \"Bakkeg\u00e5rden\", Holb\u00e6k amt.","breadcrumb":{"@id":"https:\/\/greiersen.dk\/egekilde\/marta-marie-petersen-1896-1982\/#breadcrumb"},"inLanguage":"da-DK","potentialAction":[{"@type":"ReadAction","target":["https:\/\/greiersen.dk\/egekilde\/marta-marie-petersen-1896-1982\/"]}]},{"@type":"ImageObject","inLanguage":"da-DK","@id":"https:\/\/greiersen.dk\/egekilde\/marta-marie-petersen-1896-1982\/#primaryimage","url":"https:\/\/greiersen.dk\/egekilde\/wp-content\/uploads\/2026\/02\/818381Marta-Marie-Petersen.jpg","contentUrl":"https:\/\/greiersen.dk\/egekilde\/wp-content\/uploads\/2026\/02\/818381Marta-Marie-Petersen.jpg","width":135,"height":186},{"@type":"BreadcrumbList","@id":"https:\/\/greiersen.dk\/egekilde\/marta-marie-petersen-1896-1982\/#breadcrumb","itemListElement":[{"@type":"ListItem","position":1,"name":"Hjem","item":"https:\/\/greiersen.dk\/egekilde\/"},{"@type":"ListItem","position":2,"name":"Marta Marie Petersen 1896 &#8211; 1982"}]},{"@type":"WebSite","@id":"https:\/\/greiersen.dk\/egekilde\/#website","url":"https:\/\/greiersen.dk\/egekilde\/","name":"Egekilde aner","description":"Jensen, Madsen og Nielsen i Odsherred","publisher":{"@id":"https:\/\/greiersen.dk\/egekilde\/#\/schema\/person\/ca47c2106addf58e871929ccc24106eb"},"potentialAction":[{"@type":"SearchAction","target":{"@type":"EntryPoint","urlTemplate":"https:\/\/greiersen.dk\/egekilde\/?s={search_term_string}"},"query-input":{"@type":"PropertyValueSpecification","valueRequired":true,"valueName":"search_term_string"}}],"inLanguage":"da-DK"},{"@type":["Person","Organization"],"@id":"https:\/\/greiersen.dk\/egekilde\/#\/schema\/person\/ca47c2106addf58e871929ccc24106eb","name":"admin","image":{"@type":"ImageObject","inLanguage":"da-DK","@id":"https:\/\/greiersen.dk\/egekilde\/wp-content\/uploads\/2022\/05\/Jeppe-Mads-Jepsen-1887-1948-og-Inger-Katrine-Margrethe-Jepsen-f-Kristensen-1888-1858-scaled.jpg","url":"https:\/\/greiersen.dk\/egekilde\/wp-content\/uploads\/2022\/05\/Jeppe-Mads-Jepsen-1887-1948-og-Inger-Katrine-Margrethe-Jepsen-f-Kristensen-1888-1858-scaled.jpg","contentUrl":"https:\/\/greiersen.dk\/egekilde\/wp-content\/uploads\/2022\/05\/Jeppe-Mads-Jepsen-1887-1948-og-Inger-Katrine-Margrethe-Jepsen-f-Kristensen-1888-1858-scaled.jpg","width":2560,"height":1925,"caption":"admin"},"logo":{"@id":"https:\/\/greiersen.dk\/egekilde\/wp-content\/uploads\/2022\/05\/Jeppe-Mads-Jepsen-1887-1948-og-Inger-Katrine-Margrethe-Jepsen-f-Kristensen-1888-1858-scaled.jpg"},"sameAs":["https:\/\/greiersen.dk\/egekilde"],"url":"https:\/\/greiersen.dk\/egekilde\/author\/admin\/"}]}},"_links":{"self":[{"href":"https:\/\/greiersen.dk\/egekilde\/wp-json\/wp\/v2\/posts\/201","targetHints":{"allow":["GET"]}}],"collection":[{"href":"https:\/\/greiersen.dk\/egekilde\/wp-json\/wp\/v2\/posts"}],"about":[{"href":"https:\/\/greiersen.dk\/egekilde\/wp-json\/wp\/v2\/types\/post"}],"author":[{"embeddable":true,"href":"https:\/\/greiersen.dk\/egekilde\/wp-json\/wp\/v2\/users\/1"}],"replies":[{"embeddable":true,"href":"https:\/\/greiersen.dk\/egekilde\/wp-json\/wp\/v2\/comments?post=201"}],"version-history":[{"count":65,"href":"https:\/\/greiersen.dk\/egekilde\/wp-json\/wp\/v2\/posts\/201\/revisions"}],"predecessor-version":[{"id":8500,"href":"https:\/\/greiersen.dk\/egekilde\/wp-json\/wp\/v2\/posts\/201\/revisions\/8500"}],"wp:attachment":[{"href":"https:\/\/greiersen.dk\/egekilde\/wp-json\/wp\/v2\/media?parent=201"}],"wp:term":[{"taxonomy":"category","embeddable":true,"href":"https:\/\/greiersen.dk\/egekilde\/wp-json\/wp\/v2\/categories?post=201"},{"taxonomy":"post_tag","embeddable":true,"href":"https:\/\/greiersen.dk\/egekilde\/wp-json\/wp\/v2\/tags?post=201"}],"curies":[{"name":"wp","href":"https:\/\/api.w.org\/{rel}","templated":true}]}}