{"id":21,"date":"2020-05-11T13:41:04","date_gmt":"2020-05-11T13:41:04","guid":{"rendered":"https:\/\/greiersen.dk\/egekilde\/?p=21"},"modified":"2026-02-04T19:12:07","modified_gmt":"2026-02-04T18:12:07","slug":"lilian-eli-nielsen-foedt-jensen-1946","status":"publish","type":"post","link":"https:\/\/greiersen.dk\/egekilde\/lilian-eli-nielsen-foedt-jensen-1946\/","title":{"rendered":"Lilian Eli Nielsen f\u00f8dt Jensen 1946"},"content":{"rendered":"\n<div class=\"wp-block-columns is-layout-flex wp-container-core-columns-is-layout-9d6595d7 wp-block-columns-is-layout-flex\">\n<div class=\"wp-block-column is-layout-flow wp-block-column-is-layout-flow\">\n<p><strong>Karolines mor<\/strong><\/p>\n\n\n\n<p>Lilian er f\u00f8dt den 11. april 1946. H\u00f8nsinge lyng, N\u00f8rre Asmindrup sogn, Holb\u00e6k amt. Hun er datter af <a data-type=\"post\" data-id=\"67\" href=\"https:\/\/greiersen.dk\/egekilde\/?p=67\">Erna Magdelene Pedersen<\/a> og <a data-type=\"post\" data-id=\"74\" href=\"https:\/\/greiersen.dk\/egekilde\/?p=74\">Johannes Jensen<\/a>. <\/p>\n\n\n\n<p><a data-type=\"post\" data-id=\"67\" href=\"https:\/\/greiersen.dk\/egekilde\/?p=67\">Erne Magdelene<\/a> bliver skilt og gifter sig med <a href=\"https:\/\/greiersen.dk\/egekilde\/peter-boerge-madsen-1926-2011\/\">Peter B\u00f8rge Madsen<\/a>, b\u00f8rnene f\u00e5r i 1953 efternavnet Madsen, efter deres papfar.<\/p>\n\n\n\n<p>Lilian gifter sig med <a data-type=\"post\" data-id=\"27\" href=\"https:\/\/greiersen.dk\/egekilde\/?p=27\">Niels Erik Nielsen<\/a> i N\u00f8rre Asmindrup kirke den 15. januar 1966. De f\u00e5r to b\u00f8rn, en pige og en dreng.<\/p>\n<\/div>\n\n\n\n<div class=\"wp-block-column is-layout-flow wp-block-column-is-layout-flow\">\n<figure class=\"wp-block-image size-large\"><a href=\"https:\/\/greiersen.dk\/egekilde\/wp-content\/uploads\/2026\/02\/798995Lilian20Eli20Nielsen201946.jpg\"><img decoding=\"async\" src=\"https:\/\/greiersen.dk\/egekilde\/wp-content\/uploads\/2026\/02\/798995Lilian20Eli20Nielsen201946.jpg\" alt=\"\"\/><\/a><\/figure>\n\n\n\n<figure class=\"wp-block-flexible-table-block-table\"><table class=\"has-fixed-layout\"><tbody><tr><td style=\"line-height:0.5;width:10px;text-align:left\"><\/td><td style=\"width:10px;text-align:left;line-height:0.5\"><\/td><td style=\"line-height:0.5;width:65px;text-align:left\"><\/td><td style=\"line-height:0.5;text-align:left\"><\/td><td style=\"line-height:0.5;width:10px;text-align:right\"><\/td><\/tr><tr><td style=\"width:10px;color:#ffffff;background-color:#2a4861;border-color:#2a4861;text-align:left\"><\/td><td colspan=\"3\" style=\"width:10px;text-align:center;color:#ffffff;background-color:#2a4861;border-color:#2a4861;font-size:16px\"><strong><strong>Lilian Eli Nielsen<\/strong> <strong>f\u00f8dt Jensen (Madsen)<\/strong><\/strong><\/td><td style=\"width:10px;color:#ffffff;background-color:#2a4861;border-color:#2a4861;text-align:right\"><\/td><\/tr><tr><td style=\"width:10px;font-size:14px;background-color:#ededef;border-color:#ededef;text-align:left;vertical-align:top\"><\/td><td colspan=\"2\" style=\"width:10px;background-color:#ededef;border-color:#ededef;text-align:left;font-size:14px;vertical-align:top\"><strong>Far:<\/strong><\/td><td style=\"text-align:left;font-size:14px;background-color:#ededef;border-color:#ededef;vertical-align:top\"><a data-type=\"post\" data-id=\"74\" href=\"https:\/\/greiersen.dk\/egekilde\/?p=74\">Johannes Jensen<\/a><\/td><td style=\"width:10px;font-size:14px;background-color:#ededef;border-color:#ededef;text-align:right;vertical-align:top\"><\/td><\/tr><tr><td style=\"width:10px;font-size:14px;background-color:#ededef;border-color:#ededef;text-align:left;vertical-align:top\"><\/td><td colspan=\"2\" style=\"width:10px;text-align:left;background-color:#ededef;border-color:#ededef;font-size:14px;vertical-align:top\"><strong>Mor:<\/strong><\/td><td style=\"text-align:left;font-size:14px;background-color:#ededef;border-color:#ededef;vertical-align:top\"><a data-type=\"post\" data-id=\"67\" href=\"https:\/\/greiersen.dk\/egekilde\/?p=67\">Erna Magdelene Pedersen<\/a><\/td><td style=\"width:10px;font-size:14px;background-color:#ededef;border-color:#ededef;text-align:right;vertical-align:top\"><\/td><\/tr><tr><td style=\"width:10px;line-height:0.5;font-size:10px;text-align:left;color:#ffffff\">\u25cf<\/td><td style=\"width:10px;text-align:left;line-height:0.5;font-size:10px;color:#ffffff\"><\/td><td style=\"width:65px;text-align:left;line-height:0.5;font-size:10px;color:#ffffff\"><\/td><td style=\"text-align:left;line-height:0.5;font-size:10px;color:#ffffff\"><\/td><td style=\"width:10px;line-height:0.5;font-size:10px;text-align:right;color:#ffffff\">\u25cf<\/td><\/tr><tr><td style=\"width:10px;font-size:14px;background-color:#ededef;border-color:#ededef;text-align:left;vertical-align:top\"><\/td><td colspan=\"2\" style=\"width:10px;text-align:left;font-size:14px;background-color:#ededef;border-color:#ededef;vertical-align:top\"><strong>Papfar<\/strong>:<\/td><td style=\"text-align:left;font-size:14px;background-color:#ededef;border-color:#ededef;vertical-align:top\"><a href=\"https:\/\/greiersen.dk\/egekilde\/peter-boerge-madsen-1926-2011\/\">Peter B\u00f8rge Madsen<\/a><\/td><td style=\"width:10px;font-size:14px;background-color:#ededef;border-color:#ededef;text-align:right;vertical-align:top\"><\/td><\/tr><tr><td style=\"width:10px;line-height:0.5;font-size:10px;text-align:left;color:#ffffff\">\u25cf<\/td><td style=\"width:10px;text-align:left;line-height:0.5;font-size:10px;color:#ffffff\"><\/td><td style=\"width:65px;text-align:left;line-height:0.5;font-size:10px;color:#ffffff\"><\/td><td style=\"text-align:left;line-height:0.5;font-size:10px;color:#ffffff\"><\/td><td style=\"width:10px;line-height:0.5;font-size:10px;text-align:right;color:#ffffff\">\u25cf<\/td><\/tr><tr><td style=\"font-size:14px;border-color:#ededef;background-color:#ededef;text-align:left;vertical-align:top\"><\/td><td colspan=\"2\" style=\"width:10px;text-align:left;font-size:14px;border-color:#ededef;background-color:#ededef;vertical-align:top\"><strong><abbr class='c2c-text-hover' title='Gift. Indg\u00e5 \u00e6gteskab mellem to personer ved en kirkelig ceremoni.'>Viet<\/abbr>:<\/strong><\/td><td style=\"text-align:left;font-size:14px;border-color:#ededef;background-color:#ededef;vertical-align:top\"><a data-type=\"post\" data-id=\"27\" href=\"https:\/\/greiersen.dk\/egekilde\/?p=27\">Niels Erik Nielsen<\/a><\/td><td style=\"font-size:14px;border-color:#ededef;background-color:#ededef;text-align:right;vertical-align:top\"><\/td><\/tr><tr><td style=\"background-color:#ededef;border-color:#ededef;font-size:14px;vertical-align:top\"><\/td><td style=\"background-color:#ededef;border-color:#ededef;font-size:14px;vertical-align:top\"><\/td><td style=\"background-color:#ededef;border-color:#ededef;font-size:14px;width:65px;vertical-align:top\"><strong>B\u00f8rn: <\/strong><\/td><td style=\"background-color:#ededef;border-color:#ededef;font-size:14px;vertical-align:top\">Karoline \u25cf Dreng<\/td><td style=\"background-color:#ededef;border-color:#ededef;font-size:14px;vertical-align:top\"><\/td><\/tr><tr><td style=\"width:10px;line-height:0.5;font-size:16px;text-align:left\"><\/td><td style=\"width:10px;text-align:left;font-size:16px;line-height:0.5\"><\/td><td style=\"width:65px;text-align:left;line-height:0.5;font-size:16px\"><\/td><td style=\"text-align:left;line-height:0.5;font-size:16px\"><\/td><td style=\"width:10px;line-height:0.5;font-size:16px;text-align:right\"><\/td><\/tr><\/tbody><\/table><\/figure>\n<\/div>\n<\/div>\n\n\n\n<h4 class=\"wp-block-heading\">Fakta tidslinje &#8211; barn<\/h4>\n\n\n\n<figure class=\"wp-block-flexible-table-block-table\"><table class=\"has-fixed-layout\"><tbody><tr><td style=\"width:70px;background-color:#ededef;border-color:#84848f;text-align:center;vertical-align:top\"><\/td><td style=\"width:30px;background-color:#ededef;border-color:#84848f;text-align:center;vertical-align:top\"><\/td><td style=\"background-color:#ededef;border-color:#84848f;vertical-align:top\"><\/td><\/tr><tr><td rowspan=\"4\" style=\"width:70px;text-align:center;vertical-align:top\"><strong>1946<\/strong><\/td><td style=\"width:30px;text-align:center;vertical-align:top\"><mark style=\"background-color:rgba(0, 0, 0, 0)\" class=\"has-inline-color has-tertiary-color\">\u25cf<\/mark><\/td><td style=\"vertical-align:top\"><strong><a href=\"https:\/\/arkivalieronline.rigsarkivet.dk\/da\/billedviser?epid=17117550#154307,25736439\" target=\"_blank\" rel=\"noreferrer noopener nofollow\">F\u00f8dt<\/a><\/strong> den 11. april 1946. H\u00f8nsinge lyng, <a href=\"https:\/\/greiersen.dk\/g-wiki\/noerre-asmindrup-sogn\/\" target=\"_blank\" rel=\"noreferrer noopener nofollow\">N\u00f8rre Asmindrup sogn<\/a>, Holb\u00e6k amt. <\/td><\/tr><tr><td style=\"width:30px;text-align:center;background-color:#ededef;border-color:#84848f;vertical-align:top\"><\/td><td style=\"background-color:#ededef;border-color:#84848f;vertical-align:top\"><\/td><\/tr><tr><td style=\"width:30px;text-align:center;vertical-align:top\"><mark style=\"background-color:rgba(0, 0, 0, 0)\" class=\"has-inline-color has-tertiary-color\">\u25cf<\/mark><\/td><td style=\"vertical-align:top\"><strong><a href=\"https:\/\/arkivalieronline.rigsarkivet.dk\/da\/billedviser?epid=17117550#154307,25736439\" target=\"_blank\" rel=\"noreferrer noopener nofollow\">D\u00f8bt<\/a><\/strong> den 2. juni 1946. <a href=\"https:\/\/greiersen.dk\/g-wiki\/noerre-asmindrup-sogn\/\" target=\"_blank\" rel=\"noreferrer noopener nofollow\">N\u00f8rre Asmindrup kirke<\/a>, Holb\u00e6k amt. <\/td><\/tr><tr><td><\/td><td style=\"font-size:16px\">For\u00e6ldre: Arbejdsmand Johannes Jensen, f\u00f8dt 9. august 1924 og hustru Erna Magdalene f. Pedersen, f\u00f8dt 19. november 1926, Svendstrup Hestehave.<br>(Borgerligt \u00e6gteforenede for sognepr\u00e6sten i Nr. Asmindrup 4\/11 45).<br>Faddere: Fru Martha Marie Pedersen f. Petersen og denne mand, Skovarbejder Olaf Valdemar Pedersen, Svendstrup Hestehave. Barnets Fader. <\/td><\/tr><tr><td style=\"width:70px;text-align:center;background-color:#ededef;border-color:#84848f;vertical-align:top\"><\/td><td style=\"width:30px;text-align:center;background-color:#ededef;border-color:#84848f;vertical-align:top\"><\/td><td style=\"background-color:#ededef;border-color:#84848f;vertical-align:top\"><\/td><\/tr><tr><td rowspan=\"2\" style=\"width:70px;text-align:center;vertical-align:top\"><strong>1953<\/strong><br><sup>7 \u00e5r<\/sup><\/td><td style=\"width:30px;text-align:center;vertical-align:top\"><mark style=\"background-color:rgba(0, 0, 0, 0)\" class=\"has-inline-color has-tertiary-color\">\u25cf<\/mark><\/td><td style=\"vertical-align:top\"><strong><a href=\"https:\/\/arkivalieronline.rigsarkivet.dk\/da\/billedviser?epid=17117550#154307,25736439\" target=\"_blank\" rel=\"noreferrer noopener nofollow\">Navne skift<\/a><\/strong> den 13. maj 1953. <em>(if\u00f8lge kgl. bevilling).<\/em> <\/td><\/tr><tr><td><\/td><td style=\"font-size:16px\">Fra d\u00e5bsnavn Jensen til Madsen, efter moderens mand. <\/td><\/tr><tr><td style=\"width:70px;text-align:center;background-color:#ededef;border-color:#84848f;vertical-align:top\"><\/td><td style=\"width:30px;text-align:center;background-color:#ededef;border-color:#84848f;vertical-align:top\"><\/td><td style=\"background-color:#ededef;border-color:#84848f;vertical-align:top\"><\/td><\/tr><tr><td style=\"width:70px;text-align:center;vertical-align:top\"><strong>1960<\/strong><br><sup>13 \u00e5r<\/sup><\/td><td style=\"width:30px;text-align:center;vertical-align:top\"><mark style=\"background-color:rgba(0, 0, 0, 0)\" class=\"has-inline-color has-tertiary-color\">\u25cf<\/mark><\/td><td style=\"vertical-align:top\"><strong><a href=\"https:\/\/arkivalieronline.rigsarkivet.dk\/da\/billedviser?epid=17117550#154307,25736516\" target=\"_blank\" rel=\"noreferrer noopener nofollow\">Konfirmeret<\/a><\/strong> den 27. marts 1960. Svendstrup Hestehave, <a href=\"https:\/\/greiersen.dk\/g-wiki\/noerre-asmindrup-sogn\/\" target=\"_blank\" rel=\"noreferrer noopener nofollow\">N\u00f8rre Asmindrup kirke<\/a>, Holb\u00e6k amt. <\/td><\/tr><tr><td style=\"width:70px;text-align:center;background-color:#ededef;border-color:#84848f;vertical-align:top\"><\/td><td style=\"width:30px;text-align:center;background-color:#ededef;border-color:#84848f;vertical-align:top\"><\/td><td style=\"background-color:#ededef;border-color:#84848f;vertical-align:top\"><\/td><\/tr><\/tbody><\/table><\/figure>\n\n\n\n<h4 class=\"wp-block-heading\">Fakta tidslinje &#8211; gift (57 \u00e5r)<\/h4>\n\n\n\n<figure class=\"wp-block-flexible-table-block-table\"><table class=\"has-fixed-layout\"><tbody><tr><td style=\"width:70px;background-color:#ededef;border-color:#84848f;text-align:center;vertical-align:top\"><\/td><td style=\"width:30px;background-color:#ededef;border-color:#84848f;text-align:center;vertical-align:top\"><\/td><td style=\"background-color:#ededef;border-color:#84848f;vertical-align:top\"><\/td><\/tr><tr><td style=\"width:70px;text-align:center;vertical-align:top\"><strong>1966<\/strong><br><sup>19 \u00e5r<\/sup><\/td><td style=\"width:30px;text-align:center;vertical-align:top\"><mark style=\"background-color:rgba(0, 0, 0, 0)\" class=\"has-inline-color has-tertiary-color\"><mark style=\"background-color:rgba(0, 0, 0, 0);color:#f80404\" class=\"has-inline-color\">\u2764<\/mark><\/mark><\/td><td style=\"vertical-align:top\"><strong><abbr class='c2c-text-hover' title='Gift. Indg\u00e5 \u00e6gteskab mellem to personer ved en kirkelig ceremoni.'>Viet<\/abbr><\/strong> den 15. januar 1966. <a href=\"https:\/\/greiersen.dk\/g-wiki\/noerre-asmindrup-sogn\/\" target=\"_blank\" rel=\"noreferrer noopener nofollow\">N\u00f8rre Asmindrup sogn<\/a>, Holb\u00e6k amt. med <a data-type=\"post\" data-id=\"27\" href=\"https:\/\/greiersen.dk\/egekilde\/?p=27\">Niels Erik Nielsen<\/a>. <\/td><\/tr><tr><td style=\"width:70px;text-align:center;background-color:#ededef;border-color:#84848f;vertical-align:top\"><\/td><td style=\"width:30px;text-align:center;background-color:#ededef;border-color:#84848f;vertical-align:top\"><\/td><td style=\"background-color:#ededef;border-color:#84848f;vertical-align:top\"><\/td><\/tr><tr><td rowspan=\"2\" style=\"width:70px;text-align:center;vertical-align:top\"><strong>1967<\/strong><br><sup>21 \u00e5r<\/sup><\/td><td style=\"width:30px;text-align:center;vertical-align:top\"><mark style=\"background-color:rgba(0, 0, 0, 0)\" class=\"has-inline-color has-tertiary-color\">\u25cf<\/mark><\/td><td style=\"vertical-align:top;background-color:#ffd8d9\"><strong>Barn<\/strong><sup>1<\/sup> f\u00f8dt den 30. maj 1967. Svendstrup Hestehave, <a href=\"https:\/\/greiersen.dk\/g-wiki\/noerre-asmindrup-sogn\/\" target=\"_blank\" rel=\"noreferrer noopener nofollow\">N\u00f8rre Asmindrup sogn<\/a>, Holb\u00e6k amt. Pige. <\/td><\/tr><tr><td><\/td><td style=\"font-size:16px\">Svendstrup Hestehave, N\u00f8rre Asmindrup sogn. Bop\u00e6l: Egebjergvej 39 Nyk\u00f8bing Sj.<\/td><\/tr><tr><td style=\"width:70px;text-align:center;background-color:#ededef;border-color:#84848f;vertical-align:top\"><\/td><td style=\"width:30px;text-align:center;background-color:#ededef;border-color:#84848f;vertical-align:top\"><\/td><td style=\"background-color:#ededef;border-color:#84848f;vertical-align:top\"><\/td><\/tr><tr><td style=\"width:70px;text-align:center;vertical-align:top\"><strong>1970<\/strong><br><sup>24 \u00e5r<\/sup><\/td><td style=\"width:30px;text-align:center;vertical-align:top\"><mark style=\"background-color:rgba(0, 0, 0, 0)\" class=\"has-inline-color has-tertiary-color\">\u25cf<\/mark><\/td><td style=\"vertical-align:top;background-color:#c3edfb\"><strong>Barn<\/strong><sup>2<\/sup> f\u00f8dt den 17. august 1970. <a href=\"https:\/\/greiersen.dk\/g-wiki\/borup-sogn\/\" target=\"_blank\" rel=\"noreferrer noopener nofollow\">Borup sogn<\/a>, Roskilde amt. Dreng. <\/td><\/tr><tr><td style=\"width:70px;text-align:center;background-color:#ededef;border-color:#84848f;vertical-align:top\"><\/td><td style=\"width:30px;text-align:center;background-color:#ededef;border-color:#84848f;vertical-align:top\"><\/td><td style=\"background-color:#ededef;border-color:#84848f;vertical-align:top\"><\/td><\/tr><\/tbody><\/table><\/figure>\n\n\n\n<h4 class=\"wp-block-heading\">Fakta tidslinje &#8211; enke<\/h4>\n\n\n\n<figure class=\"wp-block-flexible-table-block-table\"><table class=\"has-fixed-layout\"><tbody><tr><td style=\"width:70px;background-color:#ededef;border-color:#84848f;text-align:center;vertical-align:top\"><\/td><td style=\"width:30px;background-color:#ededef;border-color:#84848f;text-align:center;vertical-align:top\"><\/td><td style=\"background-color:#ededef;border-color:#84848f;vertical-align:top\"><\/td><\/tr><tr><td style=\"width:70px;text-align:center;vertical-align:top\"><strong>2023<\/strong><br><sup>77 \u00e5r<\/sup><\/td><td style=\"width:30px;text-align:center;vertical-align:top\">\u25cf<\/td><td style=\"vertical-align:top\"><strong>Enke<\/strong> &#8211; Mands d\u00f8d den 29. april 2023. Glostrup sygehus, Glostrup, K\u00f8benhavns amt. <a href=\"https:\/\/greiersen.dk\/egekilde\/?p=27\">Niels Erik Nielsen<\/a> d\u00f8d af hjertestop. <\/td><\/tr><tr><td style=\"width:70px;text-align:center;background-color:#ededef;border-color:#84848f;vertical-align:top\"><\/td><td style=\"width:30px;text-align:center;background-color:#ededef;border-color:#84848f;vertical-align:top\"><\/td><td style=\"background-color:#ededef;border-color:#84848f;vertical-align:top\"><\/td><\/tr><\/tbody><\/table><\/figure>\n\n\n\n<h4 class=\"wp-block-heading\">Adresser<\/h4>\n\n\n\n<figure class=\"wp-block-flexible-table-block-table\"><table class=\"has-fixed-layout\"><tbody><tr><td style=\"background-color:#ededef;border-color:#84848f;width:100px;text-align:left;vertical-align:top\"><\/td><td style=\"background-color:#ededef;border-color:#84848f;width:100px;text-align:left;vertical-align:top\"><\/td><td style=\"background-color:#ededef;border-color:#84848f;text-align:left;vertical-align:top\"><\/td><td style=\"background-color:#ededef;border-color:#84848f;text-align:left;vertical-align:top\"><\/td><\/tr><tr><td style=\"width:100px;text-align:left;vertical-align:top;background-color:#ededef;border-color:#ededef\"><strong>\u00c5r<\/strong><\/td><td style=\"width:100px;text-align:left;vertical-align:top;background-color:#ededef;border-color:#ededef\"><strong>til \u00e5r<\/strong><\/td><td style=\"text-align:left;vertical-align:top;background-color:#ededef;border-color:#ededef\"><strong>Adresse \/ sted<\/strong><\/td><td style=\"text-align:left;vertical-align:top;background-color:#ededef;border-color:#ededef\"><strong>Nota<\/strong><\/td><\/tr><tr><td style=\"width:100px;text-align:left;vertical-align:top;background-color:#ededef;border-color:#84848f\"><\/td><td style=\"width:100px;text-align:left;vertical-align:top;background-color:#ededef;border-color:#84848f\"><\/td><td style=\"text-align:left;vertical-align:top;background-color:#ededef;border-color:#84848f\"><\/td><td style=\"text-align:left;vertical-align:top;background-color:#ededef;border-color:#84848f\"><\/td><\/tr><tr><td style=\"width:100px;text-align:left;vertical-align:top\"><strong>1946<\/strong><\/td><td style=\"width:100px;text-align:left;vertical-align:top\">&#8211;<\/td><td style=\"text-align:left;vertical-align:top\">H\u00f8nsinge lyng, N\u00f8rre Asmindrup sogn. <\/td><td style=\"text-align:left;vertical-align:top\">F\u00f8dt.<\/td><\/tr><tr><td style=\"width:100px;text-align:left;vertical-align:top;background-color:#ededef;border-color:#84848f\"><\/td><td style=\"width:100px;text-align:left;vertical-align:top;background-color:#ededef;border-color:#84848f\"><\/td><td style=\"text-align:left;vertical-align:top;background-color:#ededef;border-color:#84848f\"><\/td><td style=\"text-align:left;vertical-align:top;background-color:#ededef;border-color:#84848f\"><\/td><\/tr><tr><td style=\"width:100px;text-align:left;vertical-align:top\"><strong>1956<\/strong><\/td><td style=\"width:100px;text-align:left;vertical-align:top\">&#8211;<\/td><td style=\"text-align:left;vertical-align:top\">Svendstrup Hestehave, N\u00f8rre Asmindrup sogn.<\/td><td style=\"text-align:left;vertical-align:top\">Konfirmation<\/td><\/tr><tr><td style=\"width:100px;text-align:left;vertical-align:top;background-color:#ededef;border-color:#84848f\"><\/td><td style=\"width:100px;text-align:left;vertical-align:top;background-color:#ededef;border-color:#84848f\"><\/td><td style=\"text-align:left;vertical-align:top;background-color:#ededef;border-color:#84848f\"><\/td><td style=\"text-align:left;vertical-align:top;background-color:#ededef;border-color:#84848f\"><\/td><\/tr><tr><td style=\"width:100px;text-align:left;vertical-align:top\"><strong>1963<\/strong><\/td><td style=\"width:100px;text-align:left;vertical-align:top\"><\/td><td style=\"text-align:left;vertical-align:top\">Algade 1, Nyk\u00f8bing.<\/td><td style=\"text-align:left;vertical-align:top\">p\u00e5 et v\u00e6relse over Hotel du vest<\/td><\/tr><tr><td style=\"width:100px;text-align:left;vertical-align:top;background-color:#ededef;border-color:#84848f\"><\/td><td style=\"width:100px;text-align:left;vertical-align:top;background-color:#ededef;border-color:#84848f\"><\/td><td style=\"text-align:left;vertical-align:top;background-color:#ededef;border-color:#84848f\"><\/td><td style=\"text-align:left;vertical-align:top;background-color:#ededef;border-color:#84848f\"><\/td><\/tr><tr><td style=\"width:100px;text-align:left;vertical-align:top\"><strong>1966<\/strong><\/td><td style=\"width:100px;text-align:left;vertical-align:top\"><\/td><td style=\"text-align:left;vertical-align:top\">Vesterbro 31, Nyk\u00f8bing sj.<\/td><td style=\"text-align:left;vertical-align:top\">Flyttet sammen med Niels.<\/td><\/tr><tr><td style=\"width:100px;text-align:left;vertical-align:top;background-color:#ededef;border-color:#84848f\"><\/td><td style=\"width:100px;text-align:left;vertical-align:top;background-color:#ededef;border-color:#84848f\"><\/td><td style=\"text-align:left;vertical-align:top;background-color:#ededef;border-color:#84848f\"><\/td><td style=\"text-align:left;vertical-align:top;background-color:#ededef;border-color:#84848f\"><\/td><\/tr><tr><td style=\"width:100px;text-align:left;vertical-align:top\"><strong>1967<\/strong>, mar. <\/td><td style=\"width:100px;text-align:left;vertical-align:top\"><strong>1967<\/strong>, nov. <\/td><td style=\"text-align:left;vertical-align:top\">Egebjergvej 39, kl. Nyk\u00f8bing Sj.<\/td><td style=\"text-align:left;vertical-align:top\">Datter f\u00f8dt mens de boede her.<\/td><\/tr><tr><td style=\"width:100px;text-align:left;vertical-align:top;background-color:#ededef;border-color:#84848f\"><\/td><td style=\"width:100px;text-align:left;vertical-align:top;background-color:#ededef;border-color:#84848f\"><\/td><td style=\"text-align:left;vertical-align:top;background-color:#ededef;border-color:#84848f\"><\/td><td style=\"text-align:left;vertical-align:top;background-color:#ededef;border-color:#84848f\"><\/td><\/tr><tr><td style=\"width:100px;text-align:left;vertical-align:top\"><strong>1967<\/strong>, nov. <\/td><td style=\"width:100px;text-align:left;vertical-align:top\"><strong>1970<\/strong><\/td><td style=\"text-align:left;vertical-align:top\">S\u00f8vej 24, Borup.<\/td><td style=\"text-align:left;vertical-align:top\">Lejlighed.<\/td><\/tr><tr><td style=\"width:100px;text-align:left;vertical-align:top;background-color:#ededef;border-color:#84848f\"><\/td><td style=\"width:100px;text-align:left;vertical-align:top;background-color:#ededef;border-color:#84848f\"><\/td><td style=\"text-align:left;vertical-align:top;background-color:#ededef;border-color:#84848f\"><\/td><td style=\"text-align:left;vertical-align:top;background-color:#ededef;border-color:#84848f\"><\/td><\/tr><tr><td style=\"width:100px;text-align:left;vertical-align:top\"><strong>1970<\/strong><\/td><td style=\"width:100px;text-align:left;vertical-align:top\"><strong>1971<\/strong>, 1\/9 <\/td><td style=\"text-align:left;vertical-align:top\">Hovedgaden 28, Borup.<\/td><td style=\"text-align:left;vertical-align:top\">Dreng f\u00f8dt her<\/td><\/tr><tr><td style=\"width:100px;text-align:left;vertical-align:top;background-color:#ededef;border-color:#84848f\"><\/td><td style=\"width:100px;text-align:left;vertical-align:top;background-color:#ededef;border-color:#84848f\"><\/td><td style=\"text-align:left;vertical-align:top;background-color:#ededef;border-color:#84848f\"><\/td><td style=\"text-align:left;vertical-align:top;background-color:#ededef;border-color:#84848f\"><\/td><\/tr><tr><td style=\"width:100px;text-align:left;vertical-align:top\"><strong>1971<\/strong>, 1\/9 <\/td><td style=\"width:100px;text-align:left;vertical-align:top\"><strong>1975<\/strong>, 1\/10 <\/td><td style=\"text-align:left;vertical-align:top\">Hovedgaden 46, Borup. <\/td><td style=\"text-align:left;vertical-align:top\">Nielsen Radio og TV<\/td><\/tr><tr><td style=\"width:100px;text-align:left;vertical-align:top;background-color:#ededef;border-color:#84848f\"><\/td><td style=\"width:100px;text-align:left;vertical-align:top;background-color:#ededef;border-color:#84848f\"><\/td><td style=\"text-align:left;vertical-align:top;background-color:#ededef;border-color:#84848f\"><\/td><td style=\"text-align:left;vertical-align:top;background-color:#ededef;border-color:#84848f\"><\/td><\/tr><tr><td style=\"width:100px;text-align:left;vertical-align:top\"><strong>1975<\/strong>, 1\/10 <\/td><td style=\"width:100px;text-align:left;vertical-align:top\"><strong>1977<\/strong>, 1\/1 <\/td><td style=\"text-align:left;vertical-align:top\">Helgebakken 24, 1, tv. Roskilde. <\/td><td style=\"text-align:left;vertical-align:top\">Lejlighed.<\/td><\/tr><tr><td style=\"width:100px;text-align:left;vertical-align:top;background-color:#ededef;border-color:#84848f\"><\/td><td style=\"width:100px;text-align:left;vertical-align:top;background-color:#ededef;border-color:#84848f\"><\/td><td style=\"text-align:left;vertical-align:top;background-color:#ededef;border-color:#84848f\"><\/td><td style=\"text-align:left;vertical-align:top;background-color:#ededef;border-color:#84848f\"><\/td><\/tr><tr><td style=\"width:100px;text-align:left;vertical-align:top\"><strong>1977<\/strong>, 1\/1 <\/td><td style=\"width:100px;text-align:left;vertical-align:top\"><strong>1978<\/strong>, 1\/11 <\/td><td style=\"text-align:left;vertical-align:top\">Algade 10A, 1, tv. Nyk\u00f8bing Sj\u00e6lland. <\/td><td style=\"text-align:left;vertical-align:top\">Lejlighed.<\/td><\/tr><tr><td style=\"width:100px;text-align:left;vertical-align:top;background-color:#ededef;border-color:#84848f\"><\/td><td style=\"width:100px;text-align:left;vertical-align:top;background-color:#ededef;border-color:#84848f\"><\/td><td style=\"text-align:left;vertical-align:top;background-color:#ededef;border-color:#84848f\"><\/td><td style=\"text-align:left;vertical-align:top;background-color:#ededef;border-color:#84848f\"><\/td><\/tr><tr><td style=\"width:100px;text-align:left;vertical-align:top\"><strong>1978<\/strong>, 1\/11 <\/td><td style=\"width:100px;text-align:left;vertical-align:top\"><strong>1986<\/strong>, 20\/1 <\/td><td style=\"text-align:left;vertical-align:top\">Egebjergvej 14. Nyk\u00f8bing Sj\u00e6lland. <\/td><td style=\"text-align:left;vertical-align:top\">Eget hus.<\/td><\/tr><tr><td style=\"width:100px;text-align:left;vertical-align:top;background-color:#ededef;border-color:#84848f\"><\/td><td style=\"width:100px;text-align:left;vertical-align:top;background-color:#ededef;border-color:#84848f\"><\/td><td style=\"text-align:left;vertical-align:top;background-color:#ededef;border-color:#84848f\"><\/td><td style=\"text-align:left;vertical-align:top;background-color:#ededef;border-color:#84848f\"><\/td><\/tr><tr><td style=\"width:100px;text-align:left;vertical-align:top\"><strong>1986<\/strong>, 20\/1 <\/td><td style=\"width:100px;text-align:left;vertical-align:top\"><strong>2022<\/strong>, 1\/2<\/td><td style=\"text-align:left;vertical-align:top\">R\u00f8rvigvej 26. Nyk\u00f8bing Sj\u00e6lland. <\/td><td style=\"text-align:left;vertical-align:top\">Eget hus.<\/td><\/tr><tr><td style=\"width:100px;text-align:left;vertical-align:top;background-color:#ededef;border-color:#84848f\"><\/td><td style=\"width:100px;text-align:left;vertical-align:top;background-color:#ededef;border-color:#84848f\"><\/td><td style=\"text-align:left;vertical-align:top;background-color:#ededef;border-color:#84848f\"><\/td><td style=\"text-align:left;vertical-align:top;background-color:#ededef;border-color:#84848f\"><\/td><\/tr><tr><td style=\"width:100px;text-align:left;vertical-align:top\"><strong>2022<\/strong>, 1\/2<\/td><td style=\"width:100px;text-align:left;vertical-align:top\"><\/td><td style=\"text-align:left;vertical-align:top\">Glostrup<\/td><td style=\"text-align:left;vertical-align:top\">Lejlighed.<\/td><\/tr><tr><td style=\"width:100px;text-align:left;vertical-align:top;background-color:#ededef;border-color:#84848f\"><\/td><td style=\"width:100px;text-align:left;vertical-align:top;background-color:#ededef;border-color:#84848f\"><\/td><td style=\"text-align:left;vertical-align:top;background-color:#ededef;border-color:#84848f\"><\/td><td style=\"text-align:left;vertical-align:top;background-color:#ededef;border-color:#84848f\"><\/td><\/tr><\/tbody><\/table><\/figure>\n\n\n\n<hr class=\"wp-block-separator has-alpha-channel-opacity is-style-wide\"\/>\n\n\n\n<h4 class=\"wp-block-heading\">Billeder<\/h4>\n\n\n\n<div class=\"wp-block-columns is-layout-flex wp-container-core-columns-is-layout-9d6595d7 wp-block-columns-is-layout-flex\">\n<div class=\"wp-block-column is-layout-flow wp-block-column-is-layout-flow\">\n<figure class=\"wp-block-gallery aligncenter has-nested-images columns-default is-cropped wp-block-gallery-2 is-layout-flex wp-block-gallery-is-layout-flex\">\n<figure class=\"wp-block-image size-large\"><a href=\"https:\/\/greiersen.dk\/egekilde\/wp-content\/uploads\/2026\/02\/798998LilianEliMadsen-2kl-8aar.jpg\"><img decoding=\"async\" src=\"https:\/\/greiersen.dk\/egekilde\/wp-content\/uploads\/2026\/02\/798998LilianEliMadsen-2kl-8aar.jpg\" alt=\"\"\/><\/a><figcaption class=\"wp-element-caption\"><em>Lilian Eli Madsen i skole<\/em><\/figcaption><\/figure>\n<\/figure>\n<\/div>\n\n\n\n<div class=\"wp-block-column is-layout-flow wp-block-column-is-layout-flow\">\n<figure class=\"wp-block-gallery aligncenter has-nested-images columns-default is-cropped wp-block-gallery-3 is-layout-flex wp-block-gallery-is-layout-flex\">\n<figure class=\"wp-block-image size-large\"><a href=\"https:\/\/greiersen.dk\/egekilde\/wp-content\/uploads\/2026\/02\/798992IMG_20230322_0138.jpg\"><img decoding=\"async\" src=\"https:\/\/greiersen.dk\/egekilde\/wp-content\/uploads\/2026\/02\/798992IMG_20230322_0138.jpg\" alt=\"\"\/><\/a><figcaption class=\"wp-element-caption\"><em>Lilian Eli Nielsen<\/em><\/figcaption><\/figure>\n<\/figure>\n<\/div>\n<\/div>\n\n\n\n<h4 class=\"wp-block-heading\">Skolen i N\u00f8rre Asmindrup<\/h4>\n\n\n\n<div class=\"wp-block-columns is-layout-flex wp-container-core-columns-is-layout-9d6595d7 wp-block-columns-is-layout-flex\">\n<div class=\"wp-block-column is-layout-flow wp-block-column-is-layout-flow\">\n<figure class=\"wp-block-gallery aligncenter has-nested-images columns-default is-cropped wp-block-gallery-4 is-layout-flex wp-block-gallery-is-layout-flex\">\n<figure class=\"wp-block-image size-large\"><a href=\"https:\/\/greiersen.dk\/egekilde\/wp-content\/uploads\/2026\/02\/798999Liljan5kl-lC3A6reJahn-NrAsmindrup1957.jpg\"><img decoding=\"async\" src=\"https:\/\/greiersen.dk\/egekilde\/wp-content\/uploads\/2026\/02\/798999Liljan5kl-lC3A6reJahn-NrAsmindrup1957.jpg\" alt=\"\"\/><\/a><figcaption class=\"wp-element-caption\"><em>5 klasse N\u00f8rre Asmindrup skole. 1957 &#8211; Lilian i midten forreste r\u00e6kke<\/em><\/figcaption><\/figure>\n<\/figure>\n<\/div>\n\n\n\n<div class=\"wp-block-column is-layout-flow wp-block-column-is-layout-flow\">\n<figure class=\"wp-block-gallery aligncenter has-nested-images columns-default is-cropped wp-block-gallery-5 is-layout-flex wp-block-gallery-is-layout-flex\">\n<figure class=\"wp-block-image size-large\"><a href=\"https:\/\/greiersen.dk\/egekilde\/wp-content\/uploads\/2026\/02\/798994Lilian207kl.jpg\"><img decoding=\"async\" src=\"https:\/\/greiersen.dk\/egekilde\/wp-content\/uploads\/2026\/02\/798994Lilian207kl.jpg\" alt=\"\"\/><\/a><figcaption class=\"wp-element-caption\"><em>7 klasse N\u00f8rre Asmindrup skole. 1959 &#8211; Lilian nummer fem i forreste r\u00e6kke<\/em><\/figcaption><\/figure>\n<\/figure>\n<\/div>\n<\/div>\n\n\n\n<div class=\"wp-block-columns is-layout-flex wp-container-core-columns-is-layout-9d6595d7 wp-block-columns-is-layout-flex\">\n<div class=\"wp-block-column is-layout-flow wp-block-column-is-layout-flow\" style=\"flex-basis:60%\">\n<p>1954 den 5. november blev den nye skole indviet, som er tegnet af Marius Pedersen, Holb\u00e6k.<\/p>\n\n\n\n<p>Oprindelig havde man haft tegninger og planer f\u00e6rdig til allerede 1940. Men p\u00e5 grund af de vanskelige forhold under bes\u00e6ttelsen, veg man tilbage med at g\u00e5 i gang med byggeriet.   L\u00e6s mere p\u00e5 <a href=\"https:\/\/bibod.dk\/odswiki\/index.php\/Nr._Asmindrup_Skole\" target=\"_blank\" rel=\"noreferrer noopener nofollow\">Odswiki<\/a>.<\/p>\n<\/div>\n\n\n\n<div class=\"wp-block-column is-layout-flow wp-block-column-is-layout-flow\" style=\"flex-basis:40%\">\n<div style=\"height:40px\" aria-hidden=\"true\" class=\"wp-block-spacer\"><\/div>\n\n\n\n<figure class=\"wp-block-gallery aligncenter has-nested-images columns-default is-cropped wp-block-gallery-6 is-layout-flex wp-block-gallery-is-layout-flex\"><div class=\"wp-block-image\">\n<figure class=\"aligncenter size-large\"><img decoding=\"async\" src=\"https:\/\/greiersen.dk\/egekilde\/wp-content\/uploads\/2026\/02\/400px-Nr._Asmindrup_Skole.jpg\" alt=\"\"\/><figcaption class=\"wp-element-caption\"><em>N\u00f8rre Asmindrup skole<\/em><\/figcaption><\/figure>\n<\/div><\/figure>\n<\/div>\n<\/div>\n\n\n\n<h4 class=\"wp-block-heading\">Konfirmation 1960<\/h4>\n\n\n\n<div class=\"wp-block-columns is-layout-flex wp-container-core-columns-is-layout-9d6595d7 wp-block-columns-is-layout-flex\">\n<div class=\"wp-block-column is-layout-flow wp-block-column-is-layout-flow\">\n<figure class=\"wp-block-gallery aligncenter has-nested-images columns-default is-cropped wp-block-gallery-7 is-layout-flex wp-block-gallery-is-layout-flex\">\n<figure class=\"wp-block-image size-large\"><a href=\"https:\/\/greiersen.dk\/egekilde\/wp-content\/uploads\/2026\/02\/818970LiljanEliMadsen-Konfirmation201-klip.jpg\"><img decoding=\"async\" src=\"https:\/\/greiersen.dk\/egekilde\/wp-content\/uploads\/2026\/02\/818970LiljanEliMadsen-Konfirmation201-klip.jpg\" alt=\"\"\/><\/a><figcaption class=\"wp-element-caption\"><em>Lilian Eli Madsen konfirmand foran N\u00f8rre Asmindrup kirke med mor. <a href=\"https:\/\/greiersen.dk\/egekilde\/erna-magdelene-madsen-foedt-pedersen-1926-2014\/\">Erna <\/a>og papfar <a href=\"https:\/\/greiersen.dk\/egekilde\/peter-boerge-madsen-1926-2011\/\">B\u00f8rge<\/a>. &#8211; 27. marts 1960<\/em><\/figcaption><\/figure>\n<\/figure>\n<\/div>\n\n\n\n<div class=\"wp-block-column is-layout-flow wp-block-column-is-layout-flow\">\n<figure class=\"wp-block-gallery aligncenter has-nested-images columns-default is-cropped wp-block-gallery-8 is-layout-flex wp-block-gallery-is-layout-flex\">\n<figure class=\"wp-block-image size-large\"><a href=\"https:\/\/greiersen.dk\/egekilde\/wp-content\/uploads\/2026\/02\/799001Liljan-Konfirmation1959.jpg\"><img decoding=\"async\" src=\"https:\/\/greiersen.dk\/egekilde\/wp-content\/uploads\/2026\/02\/799001Liljan-Konfirmation1959.jpg\" alt=\"\"\/><\/a><figcaption class=\"wp-element-caption\"><em>Lilian Eli Madsen konfirmeret i N\u00f8rre Asmindrup kirke. 27. marts 1960 &#8211; I midten forreste r\u00e6kke<\/em><\/figcaption><\/figure>\n<\/figure>\n<\/div>\n<\/div>\n\n\n\n<h4 class=\"wp-block-heading\">Brugsen Nyk\u00f8bing Sj.<\/h4>\n\n\n\n<figure class=\"wp-block-gallery aligncenter has-nested-images columns-default is-cropped wp-block-gallery-9 is-layout-flex wp-block-gallery-is-layout-flex\">\n<figure class=\"wp-block-image size-large\"><a href=\"https:\/\/greiersen.dk\/egekilde\/wp-content\/uploads\/2026\/02\/798997Lilian-Brugsen-NykC3B8bing-ca201987.jpg\"><img decoding=\"async\" src=\"https:\/\/greiersen.dk\/egekilde\/wp-content\/uploads\/2026\/02\/798997Lilian-Brugsen-NykC3B8bing-ca201987.jpg\" alt=\"\"\/><\/a><figcaption class=\"wp-element-caption\"><em>Medarbejder Brugsen Nyk\u00f8bing Sj\u00e6lland 1987 &#8211; Lilian st\u00e5r bagerst femte sidst.<\/em><\/figcaption><\/figure>\n<\/figure>\n\n\n\n<hr class=\"wp-block-separator has-alpha-channel-opacity is-style-wide\"\/>\n\n\n\n<hr class=\"wp-block-separator has-alpha-channel-opacity is-style-wide\"\/>\n\n\n\n<h4 class=\"wp-block-heading\">Ferie til S\u00f8nder Jylland i Moris 1000<\/h4>\n\n\n\n<figure class=\"wp-block-gallery has-nested-images columns-default is-cropped wp-block-gallery-10 is-layout-flex wp-block-gallery-is-layout-flex\">\n<figure class=\"wp-block-image size-large\"><a href=\"https:\/\/greiersen.dk\/egekilde\/wp-content\/uploads\/2026\/02\/799039LilianOgErikNielsen-FerieSJylland-1-Bil-camper.jpg\"><img decoding=\"async\" src=\"https:\/\/greiersen.dk\/egekilde\/wp-content\/uploads\/2026\/02\/799039LilianOgErikNielsen-FerieSJylland-1-Bil-camper.jpg\" alt=\"\"\/><\/a><figcaption class=\"wp-element-caption\"><em>Lidt snilde og Moris 1000 er en camper<\/em><\/figcaption><\/figure>\n\n\n\n<figure class=\"wp-block-image size-large\"><a href=\"https:\/\/greiersen.dk\/egekilde\/wp-content\/uploads\/2026\/02\/799043LilianOgErikNielsen-FerieSJylland-1-Lilian.jpg\"><img decoding=\"async\" src=\"https:\/\/greiersen.dk\/egekilde\/wp-content\/uploads\/2026\/02\/799043LilianOgErikNielsen-FerieSJylland-1-Lilian.jpg\" alt=\"\"\/><\/a><figcaption class=\"wp-element-caption\"><em>Lilian<\/em><\/figcaption><\/figure>\n\n\n\n<figure class=\"wp-block-image size-large\"><a href=\"https:\/\/greiersen.dk\/egekilde\/wp-content\/uploads\/2026\/02\/799041LilianOgErikNielsen-FerieSJylland-1-Erik-Moris1000.jpg\"><img decoding=\"async\" src=\"https:\/\/greiersen.dk\/egekilde\/wp-content\/uploads\/2026\/02\/799041LilianOgErikNielsen-FerieSJylland-1-Erik-Moris1000.jpg\" alt=\"\"\/><\/a><figcaption class=\"wp-element-caption\"><em>Niels Erik ved Moris 1000<\/em><\/figcaption><\/figure>\n\n\n\n<figure class=\"wp-block-image size-large\"><a href=\"https:\/\/greiersen.dk\/egekilde\/wp-content\/uploads\/2026\/02\/799042LilianOgErikNielsen-FerieSJylland-1-Landskab1.jpg\"><img decoding=\"async\" src=\"https:\/\/greiersen.dk\/egekilde\/wp-content\/uploads\/2026\/02\/799042LilianOgErikNielsen-FerieSJylland-1-Landskab1.jpg\" alt=\"\"\/><\/a><figcaption class=\"wp-element-caption\"><em>Udsigt<\/em><\/figcaption><\/figure>\n\n\n\n<figure class=\"wp-block-image size-large\"><a href=\"https:\/\/greiersen.dk\/egekilde\/wp-content\/uploads\/2026\/02\/799040LilianOgErikNielsen-FerieSJylland-1-EnMoelle.jpg\"><img decoding=\"async\" src=\"https:\/\/greiersen.dk\/egekilde\/wp-content\/uploads\/2026\/02\/799040LilianOgErikNielsen-FerieSJylland-1-EnMoelle.jpg\" alt=\"\"\/><\/a><figcaption class=\"wp-element-caption\"><em>Dybb\u00f8l M\u00f8lle<\/em><\/figcaption><\/figure>\n\n\n\n<figure class=\"wp-block-image size-large\"><a href=\"https:\/\/greiersen.dk\/egekilde\/wp-content\/uploads\/2026\/02\/799045LilianOgErikNielsen-FerieSJylland-1-VestHavet.jpg\"><img decoding=\"async\" src=\"https:\/\/greiersen.dk\/egekilde\/wp-content\/uploads\/2026\/02\/799045LilianOgErikNielsen-FerieSJylland-1-VestHavet.jpg\" alt=\"\"\/><\/a><figcaption class=\"wp-element-caption\"><em>Vesterhavet<\/em><\/figcaption><\/figure>\n<figcaption class=\"blocks-gallery-caption wp-element-caption\"><em>Ferie til S\u00f8nder Jylland<\/em><\/figcaption><\/figure>\n\n\n\n<hr class=\"wp-block-separator has-alpha-channel-opacity is-style-wide\"\/>\n","protected":false},"excerpt":{"rendered":"<p>Karolines mor Lilian er f\u00f8dt den 11. april 1946. H\u00f8nsinge lyng, N\u00f8rre Asmindrup sogn, Holb\u00e6k amt. Hun er datter af Erna Magdelene Pedersen og Johannes [&#8230;]<\/p>\n","protected":false},"author":1,"featured_media":0,"comment_status":"open","ping_status":"open","sticky":false,"template":"","format":"standard","meta":{"footnotes":""},"categories":[4],"tags":[12,15,6,16,7,10,5,17,13],"class_list":["post-21","post","type-post","status-publish","format-standard","hentry","category-karolines-aner","tag-borup-sogn","tag-erna-magdelene-madsen-foedt-petersen-1926-2014","tag-hoensinge-lyng","tag-johannes-jensen-1924-2009","tag-lilian-eli-nielsen-foedt-jensen-1946","tag-niels-erik-nielsen-1944","tag-noerre-asmindrup-sogn","tag-peder-boerge-madsen-1926-2011","tag-svendstrup-hestehave"],"yoast_head":"<!-- This site is optimized with the Yoast SEO plugin v27.5 - https:\/\/yoast.com\/product\/yoast-seo-wordpress\/ -->\n<title>Lilian Eli Nielsen f\u00f8dt Jensen 1946 - Egekilde aner<\/title>\n<meta name=\"description\" content=\"Lilian Eli Nielsen f\u00f8dt Jensen. F\u00f8dt den 11. april 1946 H\u00f8nsinge lyng, N\u00f8rre Asmindrup sogn, Holb\u00e6k amt.\" \/>\n<meta name=\"robots\" content=\"index, follow, max-snippet:-1, max-image-preview:large, max-video-preview:-1\" \/>\n<link rel=\"canonical\" href=\"https:\/\/greiersen.dk\/egekilde\/lilian-eli-nielsen-foedt-jensen-1946\/\" \/>\n<meta property=\"og:locale\" content=\"da_DK\" \/>\n<meta property=\"og:type\" content=\"article\" \/>\n<meta property=\"og:title\" content=\"Lilian Eli Nielsen f\u00f8dt Jensen 1946 - Egekilde aner\" \/>\n<meta property=\"og:description\" content=\"Lilian Eli Nielsen f\u00f8dt Jensen. F\u00f8dt den 11. april 1946 H\u00f8nsinge lyng, N\u00f8rre Asmindrup sogn, Holb\u00e6k amt.\" \/>\n<meta property=\"og:url\" content=\"https:\/\/greiersen.dk\/egekilde\/lilian-eli-nielsen-foedt-jensen-1946\/\" \/>\n<meta property=\"og:site_name\" content=\"Egekilde aner\" \/>\n<meta property=\"article:published_time\" content=\"2020-05-11T13:41:04+00:00\" \/>\n<meta property=\"article:modified_time\" content=\"2026-02-04T18:12:07+00:00\" \/>\n<meta property=\"og:image\" content=\"https:\/\/greiersen.dk\/egekilde\/egekilde\/wp-content\/uploads\/2026\/02\/798995Lilian20Eli20Nielsen201946.jpg\" \/>\n<meta name=\"author\" content=\"admin\" \/>\n<meta name=\"twitter:card\" content=\"summary_large_image\" \/>\n<meta name=\"twitter:label1\" content=\"Skrevet af\" \/>\n\t<meta name=\"twitter:data1\" content=\"admin\" \/>\n\t<meta name=\"twitter:label2\" content=\"Estimeret l\u00e6setid\" \/>\n\t<meta name=\"twitter:data2\" content=\"7 minutter\" \/>\n<script type=\"application\/ld+json\" class=\"yoast-schema-graph\">{\"@context\":\"https:\\\/\\\/schema.org\",\"@graph\":[{\"@type\":\"Article\",\"@id\":\"https:\\\/\\\/greiersen.dk\\\/egekilde\\\/lilian-eli-nielsen-foedt-jensen-1946\\\/#article\",\"isPartOf\":{\"@id\":\"https:\\\/\\\/greiersen.dk\\\/egekilde\\\/lilian-eli-nielsen-foedt-jensen-1946\\\/\"},\"author\":{\"name\":\"admin\",\"@id\":\"https:\\\/\\\/greiersen.dk\\\/egekilde\\\/#\\\/schema\\\/person\\\/ca47c2106addf58e871929ccc24106eb\"},\"headline\":\"Lilian Eli Nielsen f\u00f8dt Jensen 1946\",\"datePublished\":\"2020-05-11T13:41:04+00:00\",\"dateModified\":\"2026-02-04T18:12:07+00:00\",\"mainEntityOfPage\":{\"@id\":\"https:\\\/\\\/greiersen.dk\\\/egekilde\\\/lilian-eli-nielsen-foedt-jensen-1946\\\/\"},\"wordCount\":577,\"commentCount\":2,\"publisher\":{\"@id\":\"https:\\\/\\\/greiersen.dk\\\/egekilde\\\/#\\\/schema\\\/person\\\/ca47c2106addf58e871929ccc24106eb\"},\"image\":{\"@id\":\"https:\\\/\\\/greiersen.dk\\\/egekilde\\\/lilian-eli-nielsen-foedt-jensen-1946\\\/#primaryimage\"},\"thumbnailUrl\":\"https:\\\/\\\/greiersen.dk\\\/egekilde\\\/wp-content\\\/uploads\\\/2026\\\/02\\\/798995Lilian20Eli20Nielsen201946.jpg\",\"keywords\":[\"Borup sogn\",\"Erna Magdelene Madsen f\u00f8dt Petersen 1926-2014\",\"H\u00f8nsinge lyng\",\"Johannes Jensen 1924-2009\",\"Lilian Eli Nielsen f\u00f8dt Jensen 1946\",\"Niels Erik Nielsen 1944\",\"N\u00f8rre Asmindrup sogn\",\"Peder B\u00f8rge Madsen 1926-2011\",\"Svendstrup Hestehave\"],\"articleSection\":[\"Karolines aner\"],\"inLanguage\":\"da-DK\",\"potentialAction\":[{\"@type\":\"CommentAction\",\"name\":\"Comment\",\"target\":[\"https:\\\/\\\/greiersen.dk\\\/egekilde\\\/lilian-eli-nielsen-foedt-jensen-1946\\\/#respond\"]}]},{\"@type\":\"WebPage\",\"@id\":\"https:\\\/\\\/greiersen.dk\\\/egekilde\\\/lilian-eli-nielsen-foedt-jensen-1946\\\/\",\"url\":\"https:\\\/\\\/greiersen.dk\\\/egekilde\\\/lilian-eli-nielsen-foedt-jensen-1946\\\/\",\"name\":\"Lilian Eli Nielsen f\u00f8dt Jensen 1946 - Egekilde aner\",\"isPartOf\":{\"@id\":\"https:\\\/\\\/greiersen.dk\\\/egekilde\\\/#website\"},\"primaryImageOfPage\":{\"@id\":\"https:\\\/\\\/greiersen.dk\\\/egekilde\\\/lilian-eli-nielsen-foedt-jensen-1946\\\/#primaryimage\"},\"image\":{\"@id\":\"https:\\\/\\\/greiersen.dk\\\/egekilde\\\/lilian-eli-nielsen-foedt-jensen-1946\\\/#primaryimage\"},\"thumbnailUrl\":\"https:\\\/\\\/greiersen.dk\\\/egekilde\\\/wp-content\\\/uploads\\\/2026\\\/02\\\/798995Lilian20Eli20Nielsen201946.jpg\",\"datePublished\":\"2020-05-11T13:41:04+00:00\",\"dateModified\":\"2026-02-04T18:12:07+00:00\",\"description\":\"Lilian Eli Nielsen f\u00f8dt Jensen. F\u00f8dt den 11. april 1946 H\u00f8nsinge lyng, N\u00f8rre Asmindrup sogn, Holb\u00e6k amt.\",\"breadcrumb\":{\"@id\":\"https:\\\/\\\/greiersen.dk\\\/egekilde\\\/lilian-eli-nielsen-foedt-jensen-1946\\\/#breadcrumb\"},\"inLanguage\":\"da-DK\",\"potentialAction\":[{\"@type\":\"ReadAction\",\"target\":[\"https:\\\/\\\/greiersen.dk\\\/egekilde\\\/lilian-eli-nielsen-foedt-jensen-1946\\\/\"]}]},{\"@type\":\"ImageObject\",\"inLanguage\":\"da-DK\",\"@id\":\"https:\\\/\\\/greiersen.dk\\\/egekilde\\\/lilian-eli-nielsen-foedt-jensen-1946\\\/#primaryimage\",\"url\":\"https:\\\/\\\/greiersen.dk\\\/egekilde\\\/wp-content\\\/uploads\\\/2026\\\/02\\\/798995Lilian20Eli20Nielsen201946.jpg\",\"contentUrl\":\"https:\\\/\\\/greiersen.dk\\\/egekilde\\\/wp-content\\\/uploads\\\/2026\\\/02\\\/798995Lilian20Eli20Nielsen201946.jpg\",\"width\":940,\"height\":705},{\"@type\":\"BreadcrumbList\",\"@id\":\"https:\\\/\\\/greiersen.dk\\\/egekilde\\\/lilian-eli-nielsen-foedt-jensen-1946\\\/#breadcrumb\",\"itemListElement\":[{\"@type\":\"ListItem\",\"position\":1,\"name\":\"Hjem\",\"item\":\"https:\\\/\\\/greiersen.dk\\\/egekilde\\\/\"},{\"@type\":\"ListItem\",\"position\":2,\"name\":\"Lilian Eli Nielsen f\u00f8dt Jensen 1946\"}]},{\"@type\":\"WebSite\",\"@id\":\"https:\\\/\\\/greiersen.dk\\\/egekilde\\\/#website\",\"url\":\"https:\\\/\\\/greiersen.dk\\\/egekilde\\\/\",\"name\":\"Egekilde aner\",\"description\":\"Jensen, Madsen og Nielsen i Odsherred\",\"publisher\":{\"@id\":\"https:\\\/\\\/greiersen.dk\\\/egekilde\\\/#\\\/schema\\\/person\\\/ca47c2106addf58e871929ccc24106eb\"},\"potentialAction\":[{\"@type\":\"SearchAction\",\"target\":{\"@type\":\"EntryPoint\",\"urlTemplate\":\"https:\\\/\\\/greiersen.dk\\\/egekilde\\\/?s={search_term_string}\"},\"query-input\":{\"@type\":\"PropertyValueSpecification\",\"valueRequired\":true,\"valueName\":\"search_term_string\"}}],\"inLanguage\":\"da-DK\"},{\"@type\":[\"Person\",\"Organization\"],\"@id\":\"https:\\\/\\\/greiersen.dk\\\/egekilde\\\/#\\\/schema\\\/person\\\/ca47c2106addf58e871929ccc24106eb\",\"name\":\"admin\",\"image\":{\"@type\":\"ImageObject\",\"inLanguage\":\"da-DK\",\"@id\":\"https:\\\/\\\/greiersen.dk\\\/egekilde\\\/wp-content\\\/uploads\\\/2022\\\/05\\\/Jeppe-Mads-Jepsen-1887-1948-og-Inger-Katrine-Margrethe-Jepsen-f-Kristensen-1888-1858-scaled.jpg\",\"url\":\"https:\\\/\\\/greiersen.dk\\\/egekilde\\\/wp-content\\\/uploads\\\/2022\\\/05\\\/Jeppe-Mads-Jepsen-1887-1948-og-Inger-Katrine-Margrethe-Jepsen-f-Kristensen-1888-1858-scaled.jpg\",\"contentUrl\":\"https:\\\/\\\/greiersen.dk\\\/egekilde\\\/wp-content\\\/uploads\\\/2022\\\/05\\\/Jeppe-Mads-Jepsen-1887-1948-og-Inger-Katrine-Margrethe-Jepsen-f-Kristensen-1888-1858-scaled.jpg\",\"width\":2560,\"height\":1925,\"caption\":\"admin\"},\"logo\":{\"@id\":\"https:\\\/\\\/greiersen.dk\\\/egekilde\\\/wp-content\\\/uploads\\\/2022\\\/05\\\/Jeppe-Mads-Jepsen-1887-1948-og-Inger-Katrine-Margrethe-Jepsen-f-Kristensen-1888-1858-scaled.jpg\"},\"sameAs\":[\"https:\\\/\\\/greiersen.dk\\\/egekilde\"],\"url\":\"https:\\\/\\\/greiersen.dk\\\/egekilde\\\/author\\\/admin\\\/\"}]}<\/script>\n<!-- \/ Yoast SEO plugin. -->","yoast_head_json":{"title":"Lilian Eli Nielsen f\u00f8dt Jensen 1946 - Egekilde aner","description":"Lilian Eli Nielsen f\u00f8dt Jensen. F\u00f8dt den 11. april 1946 H\u00f8nsinge lyng, N\u00f8rre Asmindrup sogn, Holb\u00e6k amt.","robots":{"index":"index","follow":"follow","max-snippet":"max-snippet:-1","max-image-preview":"max-image-preview:large","max-video-preview":"max-video-preview:-1"},"canonical":"https:\/\/greiersen.dk\/egekilde\/lilian-eli-nielsen-foedt-jensen-1946\/","og_locale":"da_DK","og_type":"article","og_title":"Lilian Eli Nielsen f\u00f8dt Jensen 1946 - Egekilde aner","og_description":"Lilian Eli Nielsen f\u00f8dt Jensen. F\u00f8dt den 11. april 1946 H\u00f8nsinge lyng, N\u00f8rre Asmindrup sogn, Holb\u00e6k amt.","og_url":"https:\/\/greiersen.dk\/egekilde\/lilian-eli-nielsen-foedt-jensen-1946\/","og_site_name":"Egekilde aner","article_published_time":"2020-05-11T13:41:04+00:00","article_modified_time":"2026-02-04T18:12:07+00:00","og_image":[{"url":"https:\/\/greiersen.dk\/egekilde\/egekilde\/wp-content\/uploads\/2026\/02\/798995Lilian20Eli20Nielsen201946.jpg","type":"","width":"","height":""}],"author":"admin","twitter_card":"summary_large_image","twitter_misc":{"Skrevet af":"admin","Estimeret l\u00e6setid":"7 minutter"},"schema":{"@context":"https:\/\/schema.org","@graph":[{"@type":"Article","@id":"https:\/\/greiersen.dk\/egekilde\/lilian-eli-nielsen-foedt-jensen-1946\/#article","isPartOf":{"@id":"https:\/\/greiersen.dk\/egekilde\/lilian-eli-nielsen-foedt-jensen-1946\/"},"author":{"name":"admin","@id":"https:\/\/greiersen.dk\/egekilde\/#\/schema\/person\/ca47c2106addf58e871929ccc24106eb"},"headline":"Lilian Eli Nielsen f\u00f8dt Jensen 1946","datePublished":"2020-05-11T13:41:04+00:00","dateModified":"2026-02-04T18:12:07+00:00","mainEntityOfPage":{"@id":"https:\/\/greiersen.dk\/egekilde\/lilian-eli-nielsen-foedt-jensen-1946\/"},"wordCount":577,"commentCount":2,"publisher":{"@id":"https:\/\/greiersen.dk\/egekilde\/#\/schema\/person\/ca47c2106addf58e871929ccc24106eb"},"image":{"@id":"https:\/\/greiersen.dk\/egekilde\/lilian-eli-nielsen-foedt-jensen-1946\/#primaryimage"},"thumbnailUrl":"https:\/\/greiersen.dk\/egekilde\/wp-content\/uploads\/2026\/02\/798995Lilian20Eli20Nielsen201946.jpg","keywords":["Borup sogn","Erna Magdelene Madsen f\u00f8dt Petersen 1926-2014","H\u00f8nsinge lyng","Johannes Jensen 1924-2009","Lilian Eli Nielsen f\u00f8dt Jensen 1946","Niels Erik Nielsen 1944","N\u00f8rre Asmindrup sogn","Peder B\u00f8rge Madsen 1926-2011","Svendstrup Hestehave"],"articleSection":["Karolines aner"],"inLanguage":"da-DK","potentialAction":[{"@type":"CommentAction","name":"Comment","target":["https:\/\/greiersen.dk\/egekilde\/lilian-eli-nielsen-foedt-jensen-1946\/#respond"]}]},{"@type":"WebPage","@id":"https:\/\/greiersen.dk\/egekilde\/lilian-eli-nielsen-foedt-jensen-1946\/","url":"https:\/\/greiersen.dk\/egekilde\/lilian-eli-nielsen-foedt-jensen-1946\/","name":"Lilian Eli Nielsen f\u00f8dt Jensen 1946 - Egekilde aner","isPartOf":{"@id":"https:\/\/greiersen.dk\/egekilde\/#website"},"primaryImageOfPage":{"@id":"https:\/\/greiersen.dk\/egekilde\/lilian-eli-nielsen-foedt-jensen-1946\/#primaryimage"},"image":{"@id":"https:\/\/greiersen.dk\/egekilde\/lilian-eli-nielsen-foedt-jensen-1946\/#primaryimage"},"thumbnailUrl":"https:\/\/greiersen.dk\/egekilde\/wp-content\/uploads\/2026\/02\/798995Lilian20Eli20Nielsen201946.jpg","datePublished":"2020-05-11T13:41:04+00:00","dateModified":"2026-02-04T18:12:07+00:00","description":"Lilian Eli Nielsen f\u00f8dt Jensen. F\u00f8dt den 11. april 1946 H\u00f8nsinge lyng, N\u00f8rre Asmindrup sogn, Holb\u00e6k amt.","breadcrumb":{"@id":"https:\/\/greiersen.dk\/egekilde\/lilian-eli-nielsen-foedt-jensen-1946\/#breadcrumb"},"inLanguage":"da-DK","potentialAction":[{"@type":"ReadAction","target":["https:\/\/greiersen.dk\/egekilde\/lilian-eli-nielsen-foedt-jensen-1946\/"]}]},{"@type":"ImageObject","inLanguage":"da-DK","@id":"https:\/\/greiersen.dk\/egekilde\/lilian-eli-nielsen-foedt-jensen-1946\/#primaryimage","url":"https:\/\/greiersen.dk\/egekilde\/wp-content\/uploads\/2026\/02\/798995Lilian20Eli20Nielsen201946.jpg","contentUrl":"https:\/\/greiersen.dk\/egekilde\/wp-content\/uploads\/2026\/02\/798995Lilian20Eli20Nielsen201946.jpg","width":940,"height":705},{"@type":"BreadcrumbList","@id":"https:\/\/greiersen.dk\/egekilde\/lilian-eli-nielsen-foedt-jensen-1946\/#breadcrumb","itemListElement":[{"@type":"ListItem","position":1,"name":"Hjem","item":"https:\/\/greiersen.dk\/egekilde\/"},{"@type":"ListItem","position":2,"name":"Lilian Eli Nielsen f\u00f8dt Jensen 1946"}]},{"@type":"WebSite","@id":"https:\/\/greiersen.dk\/egekilde\/#website","url":"https:\/\/greiersen.dk\/egekilde\/","name":"Egekilde aner","description":"Jensen, Madsen og Nielsen i Odsherred","publisher":{"@id":"https:\/\/greiersen.dk\/egekilde\/#\/schema\/person\/ca47c2106addf58e871929ccc24106eb"},"potentialAction":[{"@type":"SearchAction","target":{"@type":"EntryPoint","urlTemplate":"https:\/\/greiersen.dk\/egekilde\/?s={search_term_string}"},"query-input":{"@type":"PropertyValueSpecification","valueRequired":true,"valueName":"search_term_string"}}],"inLanguage":"da-DK"},{"@type":["Person","Organization"],"@id":"https:\/\/greiersen.dk\/egekilde\/#\/schema\/person\/ca47c2106addf58e871929ccc24106eb","name":"admin","image":{"@type":"ImageObject","inLanguage":"da-DK","@id":"https:\/\/greiersen.dk\/egekilde\/wp-content\/uploads\/2022\/05\/Jeppe-Mads-Jepsen-1887-1948-og-Inger-Katrine-Margrethe-Jepsen-f-Kristensen-1888-1858-scaled.jpg","url":"https:\/\/greiersen.dk\/egekilde\/wp-content\/uploads\/2022\/05\/Jeppe-Mads-Jepsen-1887-1948-og-Inger-Katrine-Margrethe-Jepsen-f-Kristensen-1888-1858-scaled.jpg","contentUrl":"https:\/\/greiersen.dk\/egekilde\/wp-content\/uploads\/2022\/05\/Jeppe-Mads-Jepsen-1887-1948-og-Inger-Katrine-Margrethe-Jepsen-f-Kristensen-1888-1858-scaled.jpg","width":2560,"height":1925,"caption":"admin"},"logo":{"@id":"https:\/\/greiersen.dk\/egekilde\/wp-content\/uploads\/2022\/05\/Jeppe-Mads-Jepsen-1887-1948-og-Inger-Katrine-Margrethe-Jepsen-f-Kristensen-1888-1858-scaled.jpg"},"sameAs":["https:\/\/greiersen.dk\/egekilde"],"url":"https:\/\/greiersen.dk\/egekilde\/author\/admin\/"}]}},"_links":{"self":[{"href":"https:\/\/greiersen.dk\/egekilde\/wp-json\/wp\/v2\/posts\/21","targetHints":{"allow":["GET"]}}],"collection":[{"href":"https:\/\/greiersen.dk\/egekilde\/wp-json\/wp\/v2\/posts"}],"about":[{"href":"https:\/\/greiersen.dk\/egekilde\/wp-json\/wp\/v2\/types\/post"}],"author":[{"embeddable":true,"href":"https:\/\/greiersen.dk\/egekilde\/wp-json\/wp\/v2\/users\/1"}],"replies":[{"embeddable":true,"href":"https:\/\/greiersen.dk\/egekilde\/wp-json\/wp\/v2\/comments?post=21"}],"version-history":[{"count":52,"href":"https:\/\/greiersen.dk\/egekilde\/wp-json\/wp\/v2\/posts\/21\/revisions"}],"predecessor-version":[{"id":8874,"href":"https:\/\/greiersen.dk\/egekilde\/wp-json\/wp\/v2\/posts\/21\/revisions\/8874"}],"wp:attachment":[{"href":"https:\/\/greiersen.dk\/egekilde\/wp-json\/wp\/v2\/media?parent=21"}],"wp:term":[{"taxonomy":"category","embeddable":true,"href":"https:\/\/greiersen.dk\/egekilde\/wp-json\/wp\/v2\/categories?post=21"},{"taxonomy":"post_tag","embeddable":true,"href":"https:\/\/greiersen.dk\/egekilde\/wp-json\/wp\/v2\/tags?post=21"}],"curies":[{"name":"wp","href":"https:\/\/api.w.org\/{rel}","templated":true}]}}