{"id":6842,"date":"2024-02-28T12:34:11","date_gmt":"2024-02-28T11:34:11","guid":{"rendered":"https:\/\/greiersen.dk\/egekilde\/?p=6842"},"modified":"2026-02-04T19:09:54","modified_gmt":"2026-02-04T18:09:54","slug":"familiebillede-ved-mogens-daab","status":"publish","type":"post","link":"https:\/\/greiersen.dk\/egekilde\/familiebillede-ved-mogens-daab\/","title":{"rendered":"Familiebillede ved Mogens d\u00e5b"},"content":{"rendered":"\n<div class=\"wp-block-columns is-layout-flex wp-container-core-columns-is-layout-9d6595d7 wp-block-columns-is-layout-flex\">\n<div class=\"wp-block-column is-layout-flow wp-block-column-is-layout-flow\">\n<p>Dette familiebillede er fra Mogens barned\u00e5b, men hvem er g\u00e6sterne.<\/p>\n\n\n\n<p>Kan du hj\u00e6lpe med at identificere g\u00e6sterne ved brylluppet s\u00e5 skriv endelig en kommentar nederst p\u00e5 siden. <\/p>\n<\/div>\n<\/div>\n\n\n\n<figure class=\"wp-block-image size-large\"><a href=\"https:\/\/greiersen.dk\/egekilde\/wp-content\/uploads\/2026\/02\/820295IMG_20230322_0035.jpg\"><img decoding=\"async\" src=\"https:\/\/greiersen.dk\/egekilde\/wp-content\/uploads\/2026\/02\/820295IMG_20230322_0035.jpg\" alt=\"\"\/><\/a><\/figure>\n\n\n\n<figure class=\"wp-block-image size-large\"><a href=\"https:\/\/greiersen.dk\/egekilde\/wp-content\/uploads\/2026\/02\/820296Marie20og20Olaf20Diamantbryllup20-20med20tal.jpg\"><img decoding=\"async\" src=\"https:\/\/greiersen.dk\/egekilde\/wp-content\/uploads\/2026\/02\/820296Marie20og20Olaf20Diamantbryllup20-20med20tal.jpg\" alt=\"\"\/><\/a><\/figure>\n\n\n\n<div class=\"wp-block-columns is-layout-flex wp-container-core-columns-is-layout-9d6595d7 wp-block-columns-is-layout-flex\">\n<div class=\"wp-block-column is-layout-flow wp-block-column-is-layout-flow\" style=\"flex-basis:100%\">\n<p><strong>G\u00e6sterne ved ?<\/strong><\/p>\n\n\n\n<figure class=\"wp-block-flexible-table-block-table\"><table class=\"has-fixed-layout\"><tbody><tr><td style=\"background-color:#ededef;width:40px;font-size:16px;border-color:#ededef\"><\/td><td style=\"background-color:#ededef;border-color:#ededef\"><strong>Navn<\/strong><\/td><td style=\"background-color:#ededef;font-size:16px;vertical-align:middle;border-color:#ededef\"><strong>Sl\u00e6gtskab til nr. 19 &amp; 20.<\/strong><\/td><\/tr><tr><td style=\"background-color:#ededef;border-color:#84848f\"><\/td><td style=\"background-color:#ededef;border-color:#84848f\"><\/td><td style=\"background-color:#ededef;border-color:#84848f\"><\/td><\/tr><tr><td style=\"width:50px;text-align:center;vertical-align:top;font-size:16px\"><strong>1<\/strong><\/td><td style=\"vertical-align:top\"><\/td><td style=\"vertical-align:middle;font-size:16px\"><\/td><\/tr><tr><td style=\"background-color:#ededef;border-color:#84848f\"><\/td><td style=\"background-color:#ededef;border-color:#84848f\"><\/td><td style=\"background-color:#ededef;border-color:#84848f;vertical-align:middle\"><\/td><\/tr><tr><td style=\"width:50px;text-align:center;vertical-align:top;font-size:16px\"><strong>2<\/strong><\/td><td style=\"vertical-align:top\">Harald Madsen<\/td><td style=\"vertical-align:middle;font-size:16px\">Svigers\u00f8n til nr. 19 &amp; 20. Gift med nr. 8.<\/td><\/tr><tr><td style=\"background-color:#ededef;border-color:#84848f\"><\/td><td style=\"background-color:#ededef;border-color:#84848f\"><\/td><td style=\"background-color:#ededef;border-color:#84848f;vertical-align:middle\"><\/td><\/tr><tr><td style=\"width:50px;text-align:center;vertical-align:top;font-size:16px\"><strong>3<\/strong><\/td><td style=\"vertical-align:top\"><\/td><td style=\"vertical-align:middle;font-size:16px\"><\/td><\/tr><tr><td style=\"background-color:#ededef;border-color:#84848f\"><\/td><td style=\"background-color:#ededef;border-color:#84848f\"><\/td><td style=\"background-color:#ededef;border-color:#84848f;vertical-align:middle\"><\/td><\/tr><tr><td style=\"width:50px;text-align:center;vertical-align:top;font-size:16px\"><strong>4<\/strong><\/td><td style=\"vertical-align:top\"><\/td><td style=\"vertical-align:middle;font-size:16px\"><\/td><\/tr><tr><td style=\"background-color:#ededef;border-color:#84848f\"><\/td><td style=\"background-color:#ededef;border-color:#84848f\"><\/td><td style=\"background-color:#ededef;border-color:#84848f;vertical-align:middle\"><\/td><\/tr><tr><td style=\"width:50px;text-align:center;vertical-align:top;font-size:16px\"><strong>5<\/strong><\/td><td style=\"vertical-align:top\"><\/td><td style=\"vertical-align:middle;font-size:16px\"><\/td><\/tr><tr><td style=\"background-color:#ededef;border-color:#84848f\"><\/td><td style=\"background-color:#ededef;border-color:#84848f\"><\/td><td style=\"background-color:#ededef;border-color:#84848f;vertical-align:middle\"><\/td><\/tr><tr><td style=\"width:50px;text-align:center;vertical-align:top;font-size:16px\"><strong>6<\/strong><\/td><td style=\"vertical-align:top\"><\/td><td style=\"vertical-align:middle;font-size:16px\"><\/td><\/tr><tr><td style=\"background-color:#ededef;border-color:#84848f\"><\/td><td style=\"background-color:#ededef;border-color:#84848f\"><\/td><td style=\"background-color:#ededef;border-color:#84848f;vertical-align:middle\"><\/td><\/tr><tr><td style=\"width:50px;text-align:center;vertical-align:top;font-size:16px\"><strong>7<\/strong><\/td><td style=\"vertical-align:top\"><\/td><td style=\"vertical-align:middle;font-size:16px\"><\/td><\/tr><tr><td style=\"background-color:#ededef;border-color:#84848f\"><\/td><td style=\"background-color:#ededef;border-color:#84848f\"><\/td><td style=\"background-color:#ededef;border-color:#84848f;vertical-align:middle\"><\/td><\/tr><tr><td style=\"width:50px;text-align:center;vertical-align:top;font-size:16px\"><strong>8<\/strong><\/td><td style=\"vertical-align:top\"><a href=\"https:\/\/greiersen.dk\/egekilde\/sigrid-agnete-madsen-foedt-pedersen-1916-1995\/\">Sigrid Agnete Madsen<\/a><\/td><td style=\"vertical-align:middle;font-size:16px\">Datter af nr. 19 &amp; 20.<\/td><\/tr><tr><td style=\"background-color:#ededef;border-color:#84848f\"><\/td><td style=\"background-color:#ededef;border-color:#84848f\"><\/td><td style=\"background-color:#ededef;border-color:#84848f;vertical-align:middle\"><\/td><\/tr><tr><td style=\"width:50px;text-align:center;vertical-align:top;font-size:16px\"><strong>9<\/strong><\/td><td style=\"vertical-align:top\"><\/td><td style=\"vertical-align:middle;font-size:16px\"><\/td><\/tr><tr><td style=\"background-color:#ededef;border-color:#84848f\"><\/td><td style=\"background-color:#ededef;border-color:#84848f\"><\/td><td style=\"background-color:#ededef;border-color:#84848f;vertical-align:middle\"><\/td><\/tr><tr><td style=\"width:50px;text-align:center;vertical-align:top;font-size:16px\"><strong>10<\/strong><\/td><td style=\"vertical-align:top\"><\/td><td style=\"vertical-align:middle;font-size:16px\"><\/td><\/tr><tr><td style=\"background-color:#ededef;border-color:#84848f\"><\/td><td style=\"background-color:#ededef;border-color:#84848f\"><\/td><td style=\"background-color:#ededef;border-color:#84848f;vertical-align:middle\"><\/td><\/tr><tr><td style=\"width:50px;text-align:center;vertical-align:top;font-size:16px\"><strong>11<\/strong><\/td><td style=\"vertical-align:top\"><a href=\"https:\/\/greiersen.dk\/egekilde\/herloev-sigurd-petersen-1922-1981\/\">Herl\u00f8v Sigurd Petersen<\/a><\/td><td style=\"vertical-align:middle;font-size:16px\">S\u00f8n af nr. 19 &amp; 20, gift med nr, 12.<\/td><\/tr><tr><td style=\"background-color:#ededef;border-color:#84848f\"><\/td><td style=\"background-color:#ededef;border-color:#84848f\"><\/td><td style=\"background-color:#ededef;border-color:#84848f;vertical-align:middle\"><\/td><\/tr><tr><td style=\"width:50px;text-align:center;vertical-align:top;font-size:16px\"><strong>12<\/strong><\/td><td style=\"vertical-align:top\">? &#8211; Aase Louisa Petersen<\/td><td style=\"vertical-align:middle;font-size:16px\">Gift med nr. 11. <\/td><\/tr><tr><td style=\"background-color:#ededef;border-color:#84848f\"><\/td><td style=\"background-color:#ededef;border-color:#84848f\"><\/td><td style=\"background-color:#ededef;border-color:#84848f;vertical-align:middle\"><\/td><\/tr><tr><td style=\"width:50px;text-align:center;vertical-align:top;font-size:16px\"><strong>13<\/strong><\/td><td style=\"vertical-align:top\"><\/td><td style=\"vertical-align:middle;font-size:16px\"><\/td><\/tr><tr><td style=\"background-color:#ededef;border-color:#84848f\"><\/td><td style=\"background-color:#ededef;border-color:#84848f\"><\/td><td style=\"background-color:#ededef;border-color:#84848f;vertical-align:middle\"><\/td><\/tr><tr><td style=\"width:50px;text-align:center;vertical-align:top;font-size:16px\"><strong>14<\/strong><\/td><td style=\"vertical-align:top\"><a href=\"https:\/\/greiersen.dk\/egekilde\/?p=81\">Peder B\u00f8rge Madsen<\/a><\/td><td style=\"vertical-align:middle;font-size:16px\">Svigers\u00f8n til nr. 19 &amp; 20. Gift med nr. 25.<\/td><\/tr><tr><td style=\"background-color:#ededef;border-color:#84848f\"><\/td><td style=\"background-color:#ededef;border-color:#84848f\"><\/td><td style=\"background-color:#ededef;border-color:#84848f;vertical-align:middle\"><\/td><\/tr><tr><td style=\"width:50px;text-align:center;vertical-align:top;font-size:16px\"><strong>15<\/strong><\/td><td style=\"vertical-align:top\"><a href=\"https:\/\/greiersen.dk\/egekilde\/helge-sigfred-petersen-1921-1997\/\">Helge Sigfred Petersen<\/a><\/td><td style=\"vertical-align:middle;font-size:16px\">S\u00f8n af nr. 19 &amp; 20 og gift med nr. 16, far til nr. 17.<\/td><\/tr><tr><td style=\"background-color:#ededef;border-color:#84848f\"><\/td><td style=\"background-color:#ededef;border-color:#84848f\"><\/td><td style=\"background-color:#ededef;border-color:#84848f;vertical-align:middle\"><\/td><\/tr><tr><td style=\"width:50px;text-align:center;vertical-align:top;font-size:16px\"><strong>16<\/strong><\/td><td style=\"vertical-align:top\">Alice Sander Petersen<\/td><td style=\"vertical-align:middle;font-size:16px\">Gift med nr. 15 og mor til nr. 17, 18, 22 og 23.<\/td><\/tr><tr><td style=\"background-color:#ededef;border-color:#84848f\"><\/td><td style=\"background-color:#ededef;border-color:#84848f\"><\/td><td style=\"background-color:#ededef;border-color:#84848f;vertical-align:middle\"><\/td><\/tr><tr><td style=\"width:50px;text-align:center;vertical-align:top;font-size:16px\"><strong>17<\/strong><\/td><td style=\"vertical-align:top\">Mogens Helge Sander Pedersen<\/td><td style=\"vertical-align:middle;font-size:16px\">D\u00e5bsbarn. S\u00f8n af nr. 15 og 16,<\/td><\/tr><tr><td style=\"background-color:#ededef;border-color:#84848f\"><\/td><td style=\"background-color:#ededef;border-color:#84848f\"><\/td><td style=\"background-color:#ededef;border-color:#84848f;vertical-align:middle\"><\/td><\/tr><tr><td style=\"width:50px;text-align:center;vertical-align:top;font-size:16px\"><strong>18<\/strong><\/td><td style=\"vertical-align:top\"><\/td><td style=\"vertical-align:middle;font-size:16px\"><\/td><\/tr><tr><td style=\"background-color:#ededef;border-color:#84848f\"><\/td><td style=\"background-color:#ededef;border-color:#84848f\"><\/td><td style=\"background-color:#ededef;border-color:#84848f;vertical-align:middle\"><\/td><\/tr><tr><td style=\"width:50px;text-align:center;vertical-align:top;font-size:16px\"><strong>19<\/strong><\/td><td style=\"vertical-align:top\"><a data-type=\"post\" data-id=\"199\" href=\"https:\/\/greiersen.dk\/egekilde\/?p=199\">Olaf Valdemar Petersen<\/a><\/td><td style=\"vertical-align:middle;font-size:16px\">Karolines oldefar<\/td><\/tr><tr><td style=\"background-color:#ededef;border-color:#84848f\"><\/td><td style=\"background-color:#ededef;border-color:#84848f\"><\/td><td style=\"background-color:#ededef;border-color:#84848f;vertical-align:middle\"><\/td><\/tr><tr><td style=\"width:50px;text-align:center;vertical-align:top;font-size:16px\"><strong>20<\/strong><\/td><td style=\"vertical-align:top\"><a data-type=\"post\" data-id=\"201\" href=\"https:\/\/greiersen.dk\/egekilde\/?p=201\">Marta Marie Petersen<\/a><\/td><td style=\"vertical-align:middle;font-size:16px\">Karolines oldemor<\/td><\/tr><tr><td style=\"background-color:#ededef;border-color:#84848f\"><\/td><td style=\"background-color:#ededef;border-color:#84848f\"><\/td><td style=\"background-color:#ededef;border-color:#84848f;vertical-align:middle\"><\/td><\/tr><tr><td style=\"width:50px;text-align:center;vertical-align:top;font-size:16px\"><strong>21<\/strong><\/td><td style=\"vertical-align:top\"><\/td><td style=\"vertical-align:middle;font-size:16px\"><\/td><\/tr><tr><td style=\"background-color:#ededef;border-color:#84848f\"><\/td><td style=\"background-color:#ededef;border-color:#84848f\"><\/td><td style=\"background-color:#ededef;border-color:#84848f;vertical-align:middle\"><\/td><\/tr><tr><td style=\"width:50px;text-align:center;vertical-align:top;font-size:16px\"><strong>22<\/strong><\/td><td style=\"vertical-align:top\"><\/td><td style=\"vertical-align:middle;font-size:16px\"><\/td><\/tr><tr><td style=\"background-color:#ededef;border-color:#84848f\"><\/td><td style=\"background-color:#ededef;border-color:#84848f\"><\/td><td style=\"background-color:#ededef;border-color:#84848f;vertical-align:middle\"><\/td><\/tr><tr><td style=\"width:50px;text-align:center;vertical-align:top;font-size:16px\"><strong>23<\/strong><\/td><td style=\"vertical-align:top\"><\/td><td style=\"vertical-align:middle;font-size:16px\"><\/td><\/tr><tr><td style=\"background-color:#ededef;border-color:#84848f\"><\/td><td style=\"background-color:#ededef;border-color:#84848f\"><\/td><td style=\"background-color:#ededef;border-color:#84848f;vertical-align:middle\"><\/td><\/tr><tr><td style=\"width:50px;text-align:center;vertical-align:top;font-size:16px\"><strong>24<\/strong><\/td><td style=\"vertical-align:top\">? &#8211; Annelise Petersen<\/td><td style=\"vertical-align:middle;font-size:16px\">Datter af nr. 12<\/td><\/tr><tr><td style=\"background-color:#ededef;border-color:#84848f\"><\/td><td style=\"background-color:#ededef;border-color:#84848f\"><\/td><td style=\"background-color:#ededef;border-color:#84848f;vertical-align:middle\"><\/td><\/tr><tr><td style=\"width:50px;text-align:center;vertical-align:top;font-size:16px\"><strong>25<\/strong><\/td><td style=\"vertical-align:top\"><a data-type=\"post\" data-id=\"67\" href=\"https:\/\/greiersen.dk\/egekilde\/?p=67\">Erne Magdelene Petersen<\/a><\/td><td style=\"vertical-align:middle;font-size:16px\">Karolines mormor. <br>Datter af nr. 19 &amp; 20. Gift med nr. 14<\/td><\/tr><tr><td style=\"background-color:#ededef;border-color:#84848f\"><\/td><td style=\"background-color:#ededef;border-color:#84848f\"><\/td><td style=\"background-color:#ededef;border-color:#84848f;vertical-align:middle\"><\/td><\/tr><\/tbody><\/table><\/figure>\n<\/div>\n<\/div>\n","protected":false},"excerpt":{"rendered":"<p>Dette familiebillede er fra Mogens barned\u00e5b, men hvem er g\u00e6sterne. Kan du hj\u00e6lpe med at identificere g\u00e6sterne ved brylluppet s\u00e5 skriv endelig en kommentar nederst [&#8230;]<\/p>\n","protected":false},"author":1,"featured_media":0,"comment_status":"open","ping_status":"open","sticky":false,"template":"","format":"standard","meta":{"footnotes":""},"categories":[1],"tags":[15,258,264,22,21,17,255],"class_list":["post-6842","post","type-post","status-publish","format-standard","hentry","category-slaegts-historier","tag-erna-magdelene-madsen-foedt-petersen-1926-2014","tag-helge-sigfred-petersen-1921-1997","tag-herloev-sigurd-petersen-1922-1981","tag-marta-marie-petersen-1896-1982","tag-olaf-valdemar-pedersen-1890-1976","tag-peder-boerge-madsen-1926-2011","tag-sigrid-agnete-madsen-foedt-pedersen-1916-1995"],"yoast_head":"<!-- This site is optimized with the Yoast SEO plugin v27.5 - https:\/\/yoast.com\/product\/yoast-seo-wordpress\/ -->\n<title>Familiebillede ved Mogens d\u00e5b - Egekilde aner<\/title>\n<meta name=\"description\" content=\"Familiebillede. Dette familiebillede er fra Mogens barned\u00e5b, men hvem er g\u00e6sterne. Kan du hj\u00e6lpe, s\u00e5 skriv en kommentar.\" \/>\n<meta name=\"robots\" content=\"index, follow, max-snippet:-1, max-image-preview:large, max-video-preview:-1\" \/>\n<link rel=\"canonical\" href=\"https:\/\/greiersen.dk\/egekilde\/familiebillede-ved-mogens-daab\/\" \/>\n<meta property=\"og:locale\" content=\"da_DK\" \/>\n<meta property=\"og:type\" content=\"article\" \/>\n<meta property=\"og:title\" content=\"Familiebillede ved Mogens d\u00e5b - Egekilde aner\" \/>\n<meta property=\"og:description\" content=\"Familiebillede. Dette familiebillede er fra Mogens barned\u00e5b, men hvem er g\u00e6sterne. Kan du hj\u00e6lpe, s\u00e5 skriv en kommentar.\" \/>\n<meta property=\"og:url\" content=\"https:\/\/greiersen.dk\/egekilde\/familiebillede-ved-mogens-daab\/\" \/>\n<meta property=\"og:site_name\" content=\"Egekilde aner\" \/>\n<meta property=\"article:published_time\" content=\"2024-02-28T11:34:11+00:00\" \/>\n<meta property=\"article:modified_time\" content=\"2026-02-04T18:09:54+00:00\" \/>\n<meta property=\"og:image\" content=\"https:\/\/greiersen.dk\/egekilde\/egekilde\/wp-content\/uploads\/2026\/02\/820295IMG_20230322_0035.jpg\" \/>\n<meta name=\"author\" content=\"admin\" \/>\n<meta name=\"twitter:card\" content=\"summary_large_image\" \/>\n<meta name=\"twitter:label1\" content=\"Skrevet af\" \/>\n\t<meta name=\"twitter:data1\" content=\"admin\" \/>\n\t<meta name=\"twitter:label2\" content=\"Estimeret l\u00e6setid\" \/>\n\t<meta name=\"twitter:data2\" content=\"2 minutter\" \/>\n<script type=\"application\/ld+json\" class=\"yoast-schema-graph\">{\"@context\":\"https:\\\/\\\/schema.org\",\"@graph\":[{\"@type\":\"Article\",\"@id\":\"https:\\\/\\\/greiersen.dk\\\/egekilde\\\/familiebillede-ved-mogens-daab\\\/#article\",\"isPartOf\":{\"@id\":\"https:\\\/\\\/greiersen.dk\\\/egekilde\\\/familiebillede-ved-mogens-daab\\\/\"},\"author\":{\"name\":\"admin\",\"@id\":\"https:\\\/\\\/greiersen.dk\\\/egekilde\\\/#\\\/schema\\\/person\\\/ca47c2106addf58e871929ccc24106eb\"},\"headline\":\"Familiebillede ved Mogens d\u00e5b\",\"datePublished\":\"2024-02-28T11:34:11+00:00\",\"dateModified\":\"2026-02-04T18:09:54+00:00\",\"mainEntityOfPage\":{\"@id\":\"https:\\\/\\\/greiersen.dk\\\/egekilde\\\/familiebillede-ved-mogens-daab\\\/\"},\"wordCount\":158,\"commentCount\":0,\"publisher\":{\"@id\":\"https:\\\/\\\/greiersen.dk\\\/egekilde\\\/#\\\/schema\\\/person\\\/ca47c2106addf58e871929ccc24106eb\"},\"image\":{\"@id\":\"https:\\\/\\\/greiersen.dk\\\/egekilde\\\/familiebillede-ved-mogens-daab\\\/#primaryimage\"},\"thumbnailUrl\":\"https:\\\/\\\/greiersen.dk\\\/egekilde\\\/wp-content\\\/uploads\\\/2026\\\/02\\\/820295IMG_20230322_0035.jpg\",\"keywords\":[\"Erna Magdelene Madsen f\u00f8dt Petersen 1926-2014\",\"Helge Sigfred Petersen 1921 - 1997\",\"Herl\u00f8v Sigurd Petersen 1922 - 1981\",\"Marta Marie Petersen 1896-1982\",\"Olaf Valdemar Pedersen 1890-1976\",\"Peder B\u00f8rge Madsen 1926-2011\",\"Sigrid Agnete Madsen f\u00f8dt Pedersen 1916 - 1995\"],\"articleSection\":[\"Sl\u00e6gts historier\"],\"inLanguage\":\"da-DK\",\"potentialAction\":[{\"@type\":\"CommentAction\",\"name\":\"Comment\",\"target\":[\"https:\\\/\\\/greiersen.dk\\\/egekilde\\\/familiebillede-ved-mogens-daab\\\/#respond\"]}]},{\"@type\":\"WebPage\",\"@id\":\"https:\\\/\\\/greiersen.dk\\\/egekilde\\\/familiebillede-ved-mogens-daab\\\/\",\"url\":\"https:\\\/\\\/greiersen.dk\\\/egekilde\\\/familiebillede-ved-mogens-daab\\\/\",\"name\":\"Familiebillede ved Mogens d\u00e5b - Egekilde aner\",\"isPartOf\":{\"@id\":\"https:\\\/\\\/greiersen.dk\\\/egekilde\\\/#website\"},\"primaryImageOfPage\":{\"@id\":\"https:\\\/\\\/greiersen.dk\\\/egekilde\\\/familiebillede-ved-mogens-daab\\\/#primaryimage\"},\"image\":{\"@id\":\"https:\\\/\\\/greiersen.dk\\\/egekilde\\\/familiebillede-ved-mogens-daab\\\/#primaryimage\"},\"thumbnailUrl\":\"https:\\\/\\\/greiersen.dk\\\/egekilde\\\/wp-content\\\/uploads\\\/2026\\\/02\\\/820295IMG_20230322_0035.jpg\",\"datePublished\":\"2024-02-28T11:34:11+00:00\",\"dateModified\":\"2026-02-04T18:09:54+00:00\",\"description\":\"Familiebillede. Dette familiebillede er fra Mogens barned\u00e5b, men hvem er g\u00e6sterne. Kan du hj\u00e6lpe, s\u00e5 skriv en kommentar.\",\"breadcrumb\":{\"@id\":\"https:\\\/\\\/greiersen.dk\\\/egekilde\\\/familiebillede-ved-mogens-daab\\\/#breadcrumb\"},\"inLanguage\":\"da-DK\",\"potentialAction\":[{\"@type\":\"ReadAction\",\"target\":[\"https:\\\/\\\/greiersen.dk\\\/egekilde\\\/familiebillede-ved-mogens-daab\\\/\"]}]},{\"@type\":\"ImageObject\",\"inLanguage\":\"da-DK\",\"@id\":\"https:\\\/\\\/greiersen.dk\\\/egekilde\\\/familiebillede-ved-mogens-daab\\\/#primaryimage\",\"url\":\"https:\\\/\\\/greiersen.dk\\\/egekilde\\\/wp-content\\\/uploads\\\/2026\\\/02\\\/820295IMG_20230322_0035.jpg\",\"contentUrl\":\"https:\\\/\\\/greiersen.dk\\\/egekilde\\\/wp-content\\\/uploads\\\/2026\\\/02\\\/820295IMG_20230322_0035.jpg\",\"width\":1256,\"height\":940},{\"@type\":\"BreadcrumbList\",\"@id\":\"https:\\\/\\\/greiersen.dk\\\/egekilde\\\/familiebillede-ved-mogens-daab\\\/#breadcrumb\",\"itemListElement\":[{\"@type\":\"ListItem\",\"position\":1,\"name\":\"Hjem\",\"item\":\"https:\\\/\\\/greiersen.dk\\\/egekilde\\\/\"},{\"@type\":\"ListItem\",\"position\":2,\"name\":\"Familiebillede ved Mogens d\u00e5b\"}]},{\"@type\":\"WebSite\",\"@id\":\"https:\\\/\\\/greiersen.dk\\\/egekilde\\\/#website\",\"url\":\"https:\\\/\\\/greiersen.dk\\\/egekilde\\\/\",\"name\":\"Egekilde aner\",\"description\":\"Jensen, Madsen og Nielsen i Odsherred\",\"publisher\":{\"@id\":\"https:\\\/\\\/greiersen.dk\\\/egekilde\\\/#\\\/schema\\\/person\\\/ca47c2106addf58e871929ccc24106eb\"},\"potentialAction\":[{\"@type\":\"SearchAction\",\"target\":{\"@type\":\"EntryPoint\",\"urlTemplate\":\"https:\\\/\\\/greiersen.dk\\\/egekilde\\\/?s={search_term_string}\"},\"query-input\":{\"@type\":\"PropertyValueSpecification\",\"valueRequired\":true,\"valueName\":\"search_term_string\"}}],\"inLanguage\":\"da-DK\"},{\"@type\":[\"Person\",\"Organization\"],\"@id\":\"https:\\\/\\\/greiersen.dk\\\/egekilde\\\/#\\\/schema\\\/person\\\/ca47c2106addf58e871929ccc24106eb\",\"name\":\"admin\",\"image\":{\"@type\":\"ImageObject\",\"inLanguage\":\"da-DK\",\"@id\":\"https:\\\/\\\/greiersen.dk\\\/egekilde\\\/wp-content\\\/uploads\\\/2022\\\/05\\\/Jeppe-Mads-Jepsen-1887-1948-og-Inger-Katrine-Margrethe-Jepsen-f-Kristensen-1888-1858-scaled.jpg\",\"url\":\"https:\\\/\\\/greiersen.dk\\\/egekilde\\\/wp-content\\\/uploads\\\/2022\\\/05\\\/Jeppe-Mads-Jepsen-1887-1948-og-Inger-Katrine-Margrethe-Jepsen-f-Kristensen-1888-1858-scaled.jpg\",\"contentUrl\":\"https:\\\/\\\/greiersen.dk\\\/egekilde\\\/wp-content\\\/uploads\\\/2022\\\/05\\\/Jeppe-Mads-Jepsen-1887-1948-og-Inger-Katrine-Margrethe-Jepsen-f-Kristensen-1888-1858-scaled.jpg\",\"width\":2560,\"height\":1925,\"caption\":\"admin\"},\"logo\":{\"@id\":\"https:\\\/\\\/greiersen.dk\\\/egekilde\\\/wp-content\\\/uploads\\\/2022\\\/05\\\/Jeppe-Mads-Jepsen-1887-1948-og-Inger-Katrine-Margrethe-Jepsen-f-Kristensen-1888-1858-scaled.jpg\"},\"sameAs\":[\"https:\\\/\\\/greiersen.dk\\\/egekilde\"],\"url\":\"https:\\\/\\\/greiersen.dk\\\/egekilde\\\/author\\\/admin\\\/\"}]}<\/script>\n<!-- \/ Yoast SEO plugin. -->","yoast_head_json":{"title":"Familiebillede ved Mogens d\u00e5b - Egekilde aner","description":"Familiebillede. Dette familiebillede er fra Mogens barned\u00e5b, men hvem er g\u00e6sterne. Kan du hj\u00e6lpe, s\u00e5 skriv en kommentar.","robots":{"index":"index","follow":"follow","max-snippet":"max-snippet:-1","max-image-preview":"max-image-preview:large","max-video-preview":"max-video-preview:-1"},"canonical":"https:\/\/greiersen.dk\/egekilde\/familiebillede-ved-mogens-daab\/","og_locale":"da_DK","og_type":"article","og_title":"Familiebillede ved Mogens d\u00e5b - Egekilde aner","og_description":"Familiebillede. Dette familiebillede er fra Mogens barned\u00e5b, men hvem er g\u00e6sterne. Kan du hj\u00e6lpe, s\u00e5 skriv en kommentar.","og_url":"https:\/\/greiersen.dk\/egekilde\/familiebillede-ved-mogens-daab\/","og_site_name":"Egekilde aner","article_published_time":"2024-02-28T11:34:11+00:00","article_modified_time":"2026-02-04T18:09:54+00:00","og_image":[{"url":"https:\/\/greiersen.dk\/egekilde\/egekilde\/wp-content\/uploads\/2026\/02\/820295IMG_20230322_0035.jpg","type":"","width":"","height":""}],"author":"admin","twitter_card":"summary_large_image","twitter_misc":{"Skrevet af":"admin","Estimeret l\u00e6setid":"2 minutter"},"schema":{"@context":"https:\/\/schema.org","@graph":[{"@type":"Article","@id":"https:\/\/greiersen.dk\/egekilde\/familiebillede-ved-mogens-daab\/#article","isPartOf":{"@id":"https:\/\/greiersen.dk\/egekilde\/familiebillede-ved-mogens-daab\/"},"author":{"name":"admin","@id":"https:\/\/greiersen.dk\/egekilde\/#\/schema\/person\/ca47c2106addf58e871929ccc24106eb"},"headline":"Familiebillede ved Mogens d\u00e5b","datePublished":"2024-02-28T11:34:11+00:00","dateModified":"2026-02-04T18:09:54+00:00","mainEntityOfPage":{"@id":"https:\/\/greiersen.dk\/egekilde\/familiebillede-ved-mogens-daab\/"},"wordCount":158,"commentCount":0,"publisher":{"@id":"https:\/\/greiersen.dk\/egekilde\/#\/schema\/person\/ca47c2106addf58e871929ccc24106eb"},"image":{"@id":"https:\/\/greiersen.dk\/egekilde\/familiebillede-ved-mogens-daab\/#primaryimage"},"thumbnailUrl":"https:\/\/greiersen.dk\/egekilde\/wp-content\/uploads\/2026\/02\/820295IMG_20230322_0035.jpg","keywords":["Erna Magdelene Madsen f\u00f8dt Petersen 1926-2014","Helge Sigfred Petersen 1921 - 1997","Herl\u00f8v Sigurd Petersen 1922 - 1981","Marta Marie Petersen 1896-1982","Olaf Valdemar Pedersen 1890-1976","Peder B\u00f8rge Madsen 1926-2011","Sigrid Agnete Madsen f\u00f8dt Pedersen 1916 - 1995"],"articleSection":["Sl\u00e6gts historier"],"inLanguage":"da-DK","potentialAction":[{"@type":"CommentAction","name":"Comment","target":["https:\/\/greiersen.dk\/egekilde\/familiebillede-ved-mogens-daab\/#respond"]}]},{"@type":"WebPage","@id":"https:\/\/greiersen.dk\/egekilde\/familiebillede-ved-mogens-daab\/","url":"https:\/\/greiersen.dk\/egekilde\/familiebillede-ved-mogens-daab\/","name":"Familiebillede ved Mogens d\u00e5b - Egekilde aner","isPartOf":{"@id":"https:\/\/greiersen.dk\/egekilde\/#website"},"primaryImageOfPage":{"@id":"https:\/\/greiersen.dk\/egekilde\/familiebillede-ved-mogens-daab\/#primaryimage"},"image":{"@id":"https:\/\/greiersen.dk\/egekilde\/familiebillede-ved-mogens-daab\/#primaryimage"},"thumbnailUrl":"https:\/\/greiersen.dk\/egekilde\/wp-content\/uploads\/2026\/02\/820295IMG_20230322_0035.jpg","datePublished":"2024-02-28T11:34:11+00:00","dateModified":"2026-02-04T18:09:54+00:00","description":"Familiebillede. Dette familiebillede er fra Mogens barned\u00e5b, men hvem er g\u00e6sterne. Kan du hj\u00e6lpe, s\u00e5 skriv en kommentar.","breadcrumb":{"@id":"https:\/\/greiersen.dk\/egekilde\/familiebillede-ved-mogens-daab\/#breadcrumb"},"inLanguage":"da-DK","potentialAction":[{"@type":"ReadAction","target":["https:\/\/greiersen.dk\/egekilde\/familiebillede-ved-mogens-daab\/"]}]},{"@type":"ImageObject","inLanguage":"da-DK","@id":"https:\/\/greiersen.dk\/egekilde\/familiebillede-ved-mogens-daab\/#primaryimage","url":"https:\/\/greiersen.dk\/egekilde\/wp-content\/uploads\/2026\/02\/820295IMG_20230322_0035.jpg","contentUrl":"https:\/\/greiersen.dk\/egekilde\/wp-content\/uploads\/2026\/02\/820295IMG_20230322_0035.jpg","width":1256,"height":940},{"@type":"BreadcrumbList","@id":"https:\/\/greiersen.dk\/egekilde\/familiebillede-ved-mogens-daab\/#breadcrumb","itemListElement":[{"@type":"ListItem","position":1,"name":"Hjem","item":"https:\/\/greiersen.dk\/egekilde\/"},{"@type":"ListItem","position":2,"name":"Familiebillede ved Mogens d\u00e5b"}]},{"@type":"WebSite","@id":"https:\/\/greiersen.dk\/egekilde\/#website","url":"https:\/\/greiersen.dk\/egekilde\/","name":"Egekilde aner","description":"Jensen, Madsen og Nielsen i Odsherred","publisher":{"@id":"https:\/\/greiersen.dk\/egekilde\/#\/schema\/person\/ca47c2106addf58e871929ccc24106eb"},"potentialAction":[{"@type":"SearchAction","target":{"@type":"EntryPoint","urlTemplate":"https:\/\/greiersen.dk\/egekilde\/?s={search_term_string}"},"query-input":{"@type":"PropertyValueSpecification","valueRequired":true,"valueName":"search_term_string"}}],"inLanguage":"da-DK"},{"@type":["Person","Organization"],"@id":"https:\/\/greiersen.dk\/egekilde\/#\/schema\/person\/ca47c2106addf58e871929ccc24106eb","name":"admin","image":{"@type":"ImageObject","inLanguage":"da-DK","@id":"https:\/\/greiersen.dk\/egekilde\/wp-content\/uploads\/2022\/05\/Jeppe-Mads-Jepsen-1887-1948-og-Inger-Katrine-Margrethe-Jepsen-f-Kristensen-1888-1858-scaled.jpg","url":"https:\/\/greiersen.dk\/egekilde\/wp-content\/uploads\/2022\/05\/Jeppe-Mads-Jepsen-1887-1948-og-Inger-Katrine-Margrethe-Jepsen-f-Kristensen-1888-1858-scaled.jpg","contentUrl":"https:\/\/greiersen.dk\/egekilde\/wp-content\/uploads\/2022\/05\/Jeppe-Mads-Jepsen-1887-1948-og-Inger-Katrine-Margrethe-Jepsen-f-Kristensen-1888-1858-scaled.jpg","width":2560,"height":1925,"caption":"admin"},"logo":{"@id":"https:\/\/greiersen.dk\/egekilde\/wp-content\/uploads\/2022\/05\/Jeppe-Mads-Jepsen-1887-1948-og-Inger-Katrine-Margrethe-Jepsen-f-Kristensen-1888-1858-scaled.jpg"},"sameAs":["https:\/\/greiersen.dk\/egekilde"],"url":"https:\/\/greiersen.dk\/egekilde\/author\/admin\/"}]}},"_links":{"self":[{"href":"https:\/\/greiersen.dk\/egekilde\/wp-json\/wp\/v2\/posts\/6842","targetHints":{"allow":["GET"]}}],"collection":[{"href":"https:\/\/greiersen.dk\/egekilde\/wp-json\/wp\/v2\/posts"}],"about":[{"href":"https:\/\/greiersen.dk\/egekilde\/wp-json\/wp\/v2\/types\/post"}],"author":[{"embeddable":true,"href":"https:\/\/greiersen.dk\/egekilde\/wp-json\/wp\/v2\/users\/1"}],"replies":[{"embeddable":true,"href":"https:\/\/greiersen.dk\/egekilde\/wp-json\/wp\/v2\/comments?post=6842"}],"version-history":[{"count":20,"href":"https:\/\/greiersen.dk\/egekilde\/wp-json\/wp\/v2\/posts\/6842\/revisions"}],"predecessor-version":[{"id":8470,"href":"https:\/\/greiersen.dk\/egekilde\/wp-json\/wp\/v2\/posts\/6842\/revisions\/8470"}],"wp:attachment":[{"href":"https:\/\/greiersen.dk\/egekilde\/wp-json\/wp\/v2\/media?parent=6842"}],"wp:term":[{"taxonomy":"category","embeddable":true,"href":"https:\/\/greiersen.dk\/egekilde\/wp-json\/wp\/v2\/categories?post=6842"},{"taxonomy":"post_tag","embeddable":true,"href":"https:\/\/greiersen.dk\/egekilde\/wp-json\/wp\/v2\/tags?post=6842"}],"curies":[{"name":"wp","href":"https:\/\/api.w.org\/{rel}","templated":true}]}}