{"id":6866,"date":"2024-02-29T16:18:30","date_gmt":"2024-02-29T15:18:30","guid":{"rendered":"https:\/\/greiersen.dk\/egekilde\/?p=6866"},"modified":"2026-02-04T19:09:53","modified_gmt":"2026-02-04T18:09:53","slug":"holger-petersen-1910-1996","status":"publish","type":"post","link":"https:\/\/greiersen.dk\/egekilde\/holger-petersen-1910-1996\/","title":{"rendered":"Holger Petersen 1910 &#8211; 1996"},"content":{"rendered":"\n<div class=\"wp-block-columns is-layout-flex wp-container-core-columns-is-layout-9d6595d7 wp-block-columns-is-layout-flex\">\n<div class=\"wp-block-column is-layout-flow wp-block-column-is-layout-flow\">\n<p><strong>Karolines mormors halvbror &#8211; 86 \u00e5r<\/strong><br><em><sup>Mormors halvbror<\/sup><\/em><\/p>\n\n\n\n<p>Holger Petersen blev f\u00f8dt i 1910 i Tvilum sogn, Skanderborg amt, som s\u00f8n af Ellen Katrine Jensen og Olaf Valdemar Pedersen. Hans mor var ugift og boede hos en \u00f8lhandler i Faarvang Stationsby, hvor hun f\u00f8dte ham. Hans far var ungkarl og boede i Bj\u00f8dstrup, Gjellerup sogn ved Herning. Holger blev d\u00f8bt i Skorup kirke og indskrevet i kirkebogen for Tvilum sogn.<\/p>\n<\/div>\n\n\n\n<div class=\"wp-block-column is-layout-flow wp-block-column-is-layout-flow\">\n<figure class=\"wp-block-image alignwide size-large\"><img decoding=\"async\" src=\"https:\/\/greiersen.dk\/egekilde\/wp-content\/uploads\/2026\/02\/f2c3c102-75ab-480d-a3bb-219e9e4b2cc8.jpg\" alt=\"\"\/><\/figure>\n\n\n\n<figure class=\"wp-block-flexible-table-block-table\"><table class=\"has-fixed-layout\"><tbody><tr><td style=\"line-height:0.5;width:10px;text-align:left\"><\/td><td style=\"width:10px;text-align:left;line-height:0.5\"><\/td><td style=\"line-height:0.5;width:65px;text-align:left\"><\/td><td style=\"line-height:0.5;text-align:left\"><\/td><td style=\"line-height:0.5;width:10px;text-align:right\"><\/td><\/tr><tr><td style=\"width:10px;color:#ffffff;background-color:#2a4861;border-color:#2a4861;text-align:left\"><\/td><td colspan=\"3\" style=\"width:10px;text-align:center;color:#ffffff;background-color:#2a4861;border-color:#2a4861;font-size:16px\"><strong><strong>Holger Petersen<\/strong><\/strong><\/td><td style=\"width:10px;color:#ffffff;background-color:#2a4861;border-color:#2a4861;text-align:right\"><\/td><\/tr><tr><td style=\"width:10px;font-size:14px;background-color:#ededef;border-color:#ededef;text-align:left;vertical-align:top\"><\/td><td colspan=\"2\" style=\"width:10px;background-color:#ededef;border-color:#ededef;text-align:left;font-size:14px;vertical-align:top\"><strong>Far:<\/strong><\/td><td style=\"text-align:left;font-size:14px;background-color:#ededef;border-color:#ededef;vertical-align:top\"><a data-type=\"post\" data-id=\"199\" href=\"https:\/\/greiersen.dk\/egekilde\/?p=199\">Olaf Valdemar Pedersen<\/a><\/td><td style=\"width:10px;font-size:14px;background-color:#ededef;border-color:#ededef;text-align:right;vertical-align:top\"><\/td><\/tr><tr><td style=\"width:10px;font-size:14px;background-color:#ededef;border-color:#ededef;text-align:left;vertical-align:top\"><\/td><td colspan=\"2\" style=\"width:10px;text-align:left;background-color:#ededef;border-color:#ededef;font-size:14px;vertical-align:top\"><strong>Mor:<\/strong><\/td><td style=\"text-align:left;font-size:14px;background-color:#ededef;border-color:#ededef;vertical-align:top\">Ellen Katrine Jensen<\/td><td style=\"width:10px;font-size:14px;background-color:#ededef;border-color:#ededef;text-align:right;vertical-align:top\"><\/td><\/tr><tr><td style=\"width:10px;line-height:0.5;font-size:10px;text-align:left;color:#ffffff\">\u25cf<\/td><td style=\"width:10px;text-align:left;line-height:0.5;font-size:10px;color:#ffffff\"><\/td><td style=\"width:65px;text-align:left;line-height:0.5;font-size:10px;color:#ffffff\"><\/td><td style=\"text-align:left;line-height:0.5;font-size:10px;color:#ffffff\"><\/td><td style=\"width:10px;line-height:0.5;font-size:10px;text-align:right;color:#ffffff\">\u25cf<\/td><\/tr><tr><td style=\"width:10px;font-size:14px;background-color:#ededef;border-color:#ededef;text-align:left;vertical-align:top\"><\/td><td colspan=\"2\" style=\"width:10px;text-align:left;font-size:14px;background-color:#ededef;border-color:#ededef;vertical-align:top\"><strong>Stedmor:<\/strong><\/td><td style=\"text-align:left;font-size:14px;background-color:#ededef;border-color:#ededef;vertical-align:top\"><a href=\"https:\/\/greiersen.dk\/egekilde\/?p=201\">Marta Marie Petersen<\/a><\/td><td style=\"width:10px;font-size:14px;background-color:#ededef;border-color:#ededef;text-align:right;vertical-align:top\"><\/td><\/tr><tr><td style=\"width:10px;line-height:0.5;font-size:10px;text-align:left;color:#ffffff\">\u25cf<\/td><td style=\"width:10px;text-align:left;line-height:0.5;font-size:10px;color:#ffffff\"><\/td><td style=\"width:65px;text-align:left;line-height:0.5;font-size:10px;color:#ffffff\"><\/td><td style=\"text-align:left;line-height:0.5;font-size:10px;color:#ffffff\"><\/td><td style=\"width:10px;line-height:0.5;font-size:10px;text-align:right;color:#ffffff\">\u25cf<\/td><\/tr><tr><td style=\"font-size:14px;border-color:#ededef;background-color:#ededef;text-align:left;vertical-align:top\"><\/td><td colspan=\"2\" style=\"width:10px;text-align:left;font-size:14px;border-color:#ededef;background-color:#ededef;vertical-align:top\"><strong><abbr class='c2c-text-hover' title='Gift. Indg\u00e5 \u00e6gteskab mellem to personer ved en kirkelig ceremoni.'>Viet<\/abbr>:<\/strong><\/td><td style=\"text-align:left;font-size:14px;border-color:#ededef;background-color:#ededef;vertical-align:top\">Asta Ebba Lynge Petersen <br>f\u00f8dt Nielsen<\/td><td style=\"font-size:14px;border-color:#ededef;background-color:#ededef;text-align:right;vertical-align:top\"><\/td><\/tr><tr><td style=\"background-color:#ededef;border-color:#ededef;font-size:14px;vertical-align:top\"><\/td><td style=\"background-color:#ededef;border-color:#ededef;font-size:14px;vertical-align:top\"><\/td><td style=\"background-color:#ededef;border-color:#ededef;font-size:14px;width:65px;vertical-align:top\"><strong>B\u00f8rn: <\/strong><\/td><td style=\"background-color:#ededef;border-color:#ededef;font-size:14px;vertical-align:top\">Grethe Elisabeth \u25cf Ketty Rosa \u25cf Flemming Sigurd \u25cf Else Anette<\/td><td style=\"background-color:#ededef;border-color:#ededef;font-size:14px;vertical-align:top\"><\/td><\/tr><tr><td style=\"width:10px;line-height:0.5;font-size:16px;text-align:left\"><\/td><td style=\"width:10px;text-align:left;font-size:16px;line-height:0.5\"><\/td><td style=\"width:65px;text-align:left;line-height:0.5;font-size:16px\"><\/td><td style=\"text-align:left;line-height:0.5;font-size:16px\"><\/td><td style=\"width:10px;line-height:0.5;font-size:16px;text-align:right\"><\/td><\/tr><\/tbody><\/table><\/figure>\n<\/div>\n<\/div>\n\n\n\n<div class=\"wp-block-columns is-layout-flex wp-container-core-columns-is-layout-9d6595d7 wp-block-columns-is-layout-flex\">\n<div class=\"wp-block-column is-layout-flow wp-block-column-is-layout-flow\" style=\"flex-basis:70%\">\n<p>Holger boede hos sin mor i Jylland, indtil hun d\u00f8de (mellem 1916-1921), og flyttede derefter til sin far i Odsherred. Han blev konfirmeret i Vig kirke i 1924 og arbejdede som <abbr class='c2c-text-hover' title='Tjenestekarl, karl som i 1800-1900 tallet arbejdede p\u00e5 en g\u00e5rd eller hos et herskab, fx p\u00e5 en herreg\u00e5rd.'>tjenestekarl<\/abbr> og forkarl hos forskellige landm\u00e6nd i Vig sogn. I 1934 giftede han sig med Asta Ebba Lynge Nielsen, en pige fra Ellinge Lyng, H\u00f8jby sogn, hvor de bosatte sig. De fik fire b\u00f8rn: Grethe, Kitty, Flemming og Else. Holger arbejdede som skallearbejder, det vil sige, at han gravede skaller ud af havbunden til brug for vejbygning og andre form\u00e5l. Han d\u00f8de i 1996 p\u00e5 Klintvej 104, Nyk\u00f8bing Sj\u00e6lland, hvor han havde sin sidste bop\u00e6l. <\/p>\n<\/div>\n\n\n\n<div class=\"wp-block-column is-layout-flow wp-block-column-is-layout-flow\" style=\"flex-basis:30%\">\n<p><\/p>\n\n\n\n<figure class=\"wp-block-image size-large\"><a href=\"https:\/\/greiersen.dk\/egekilde\/wp-content\/uploads\/2026\/02\/818391Holger-Petersen-1910-1996-doedsannonce-816x1024.jpg\"><img decoding=\"async\" src=\"https:\/\/greiersen.dk\/egekilde\/wp-content\/uploads\/2026\/02\/818391Holger-Petersen-1910-1996-doedsannonce-816x1024.jpg\" alt=\"\"\/><\/a><\/figure>\n<\/div>\n<\/div>\n\n\n\n<h4 class=\"wp-block-heading\">Fakta tidslinje &#8211; barn og ung<\/h4>\n\n\n\n<figure class=\"wp-block-flexible-table-block-table\"><table class=\"has-fixed-layout\"><tbody><tr><td style=\"width:70px;background-color:#ededef;border-color:#84848f;text-align:center;vertical-align:top\"><\/td><td style=\"width:30px;background-color:#ededef;border-color:#84848f;text-align:center;vertical-align:top\"><\/td><td style=\"background-color:#ededef;border-color:#84848f;vertical-align:top\"><\/td><\/tr><tr><td rowspan=\"5\" style=\"width:70px;text-align:center;vertical-align:top\"><strong>1910<\/strong><br><\/td><td style=\"width:30px;text-align:center;vertical-align:top\"><mark style=\"background-color:rgba(0, 0, 0, 0)\" class=\"has-inline-color has-tertiary-color\">\u25cf<\/mark><\/td><td style=\"vertical-align:top\"><strong><a href=\"https:\/\/arkivalieronline.rigsarkivet.dk\/da\/billedviser?epid=17127348#170911,28690546\" target=\"_blank\" rel=\"noreferrer noopener\">F\u00f8dt<\/a><\/strong> den 19. maj 1910. Faarvang Stationsby, <a href=\"https:\/\/greiersen.dk\/g-wiki\/tvilum-sogn\/\" target=\"_blank\" rel=\"noreferrer noopener nofollow\">Tvilum sogn<\/a>, Skanderborg amt.<\/td><\/tr><tr><td><\/td><td style=\"font-size:16px\">Noteret efter opfordring af Skorup &#8211; Tvilum &#8211; Voel Sogneraad, da moderen 10 m\u00e5neders dagen f\u00f8r f\u00f8dslen havde ophold her i Kommunen. <a href=\"https:\/\/arkivalieronline.rigsarkivet.dk\/da\/billedviser?epid=17123004#162620,27322715\" target=\"_blank\" rel=\"noreferrer noopener\">F\u00f8dte m\u00e6ndk\u00f8n<\/a>. Gjellerup sogn, Ringk\u00f8bing amt. <\/td><\/tr><tr><td style=\"width:30px;text-align:center;background-color:#ededef;border-color:#84848f;vertical-align:top\"><\/td><td style=\"background-color:#ededef;border-color:#84848f;vertical-align:top\"><\/td><\/tr><tr><td style=\"width:30px;text-align:center;vertical-align:top\"><mark style=\"background-color:rgba(0, 0, 0, 0)\" class=\"has-inline-color has-tertiary-color\">\u25cf<\/mark><\/td><td style=\"vertical-align:top\"><strong><a href=\"https:\/\/arkivalieronline.rigsarkivet.dk\/da\/billedviser?epid=17127348#170911,28690546\" target=\"_blank\" rel=\"noreferrer noopener\">D\u00f8bt<\/a><\/strong> den 12. juni 1910, af sognepr\u00e6sten i Skorup kirke. indskrevet i kirkebog for <a href=\"https:\/\/greiersen.dk\/g-wiki\/tvilum-sogn\/\" target=\"_blank\" rel=\"noreferrer noopener nofollow\">Tvilum sogn<\/a>, Skanderborg amt.<\/td><\/tr><tr><td><\/td><td style=\"font-size:16px\">Pige Ellen Katrine Jensen (20 \u00e5r) hos \u00d8lhandler Christensen Faarvang Stationsby. <br><abbr class='c2c-text-hover' title='Manden der er oplyst af moderen, som far til barnet.'>Udlagt Barnefader<\/abbr> ungkarl Olaf Valdemar Pedersen, Bj\u00f8dstrup, Gjellerup sogn ved Herning. <\/td><\/tr><tr><td style=\"width:70px;text-align:center;background-color:#ededef;border-color:#84848f;vertical-align:top\"><\/td><td style=\"width:30px;text-align:center;background-color:#ededef;border-color:#84848f;vertical-align:top\"><\/td><td style=\"background-color:#ededef;border-color:#84848f;vertical-align:top\"><\/td><\/tr><tr><td rowspan=\"2\" style=\"width:70px;text-align:center;vertical-align:top\"><strong>1911<\/strong><br><sup>&lt;1 \u00e5r<\/sup><\/td><td style=\"width:30px;text-align:center;vertical-align:top\"><mark style=\"background-color:rgba(0, 0, 0, 0)\" class=\"has-inline-color has-tertiary-color\">\u25cf<\/mark><\/td><td style=\"vertical-align:top\"><strong>FT 1911<\/strong>. ikke fundet. <\/td><\/tr><tr><td><\/td><td style=\"font-size:16px\">Bor hos hans mor i Jylland.<\/td><\/tr><tr><td style=\"width:70px;text-align:center;background-color:#ededef;border-color:#84848f;vertical-align:top\"><\/td><td style=\"width:30px;text-align:center;background-color:#ededef;border-color:#84848f;vertical-align:top\"><\/td><td style=\"background-color:#ededef;border-color:#84848f;vertical-align:top\"><\/td><\/tr><tr><td rowspan=\"2\" style=\"width:70px;text-align:center;vertical-align:top\"><strong>1916<\/strong><br><sup>5 \u00e5r<\/sup><\/td><td style=\"width:30px;text-align:center;vertical-align:top\"><mark style=\"background-color:rgba(0, 0, 0, 0)\" class=\"has-inline-color has-tertiary-color\">\u25cf<\/mark><\/td><td style=\"vertical-align:top\"><strong>FT 1916<\/strong>. ikke fundet. <\/td><\/tr><tr><td><\/td><td style=\"font-size:16px\">Bor hos hans mor i Jylland til hendes d\u00f8d og han flytter derefter til hans far i Odsherred.<\/td><\/tr><tr><td style=\"width:70px;text-align:center;background-color:#ededef;border-color:#84848f;vertical-align:top\"><\/td><td style=\"width:30px;text-align:center;background-color:#ededef;border-color:#84848f;vertical-align:top\"><\/td><td style=\"background-color:#ededef;border-color:#84848f;vertical-align:top\"><\/td><\/tr><tr><td style=\"width:70px;text-align:center;vertical-align:top\"><strong>1921<\/strong><br><sup>10 \u00e5r<\/sup><\/td><td style=\"width:30px;text-align:center;vertical-align:top\"><mark style=\"background-color:rgba(0, 0, 0, 0)\" class=\"has-inline-color has-tertiary-color\">\u25cf<\/mark><\/td><td style=\"vertical-align:top\"><strong><a href=\"https:\/\/arkivalieronline.rigsarkivet.dk\/da\/billedviser?bsid=79676#79676,13590486\" target=\"_blank\" rel=\"noreferrer noopener nofollow\">FT 1921<\/a><\/strong>.<strong> <\/strong>H\u00f8nsinge, <a href=\"https:\/\/greiersen.dk\/g-wiki\/vig-sogn\/\" target=\"_blank\" rel=\"noreferrer noopener nofollow\">Vig sogn<\/a>, Holb\u00e6k amt. <em>Husfader, Husmoder og b\u00f8rn. <\/em><\/td><\/tr><tr><td style=\"width:70px;text-align:center;background-color:#ededef;border-color:#84848f;vertical-align:top\"><\/td><td style=\"width:30px;text-align:center;background-color:#ededef;border-color:#84848f;vertical-align:top\"><\/td><td style=\"background-color:#ededef;border-color:#84848f;vertical-align:top\"><\/td><\/tr><tr><td style=\"width:70px;text-align:center;vertical-align:top\"><strong>1924<\/strong><br><sup>13 \u00e5r<\/sup><\/td><td style=\"width:30px;text-align:center;vertical-align:top\"><mark style=\"background-color:rgba(0, 0, 0, 0)\" class=\"has-inline-color has-tertiary-color\">\u25cf<\/mark><\/td><td style=\"vertical-align:top\"><strong><a href=\"https:\/\/arkivalieronline.rigsarkivet.dk\/da\/billedviser?epid=17119783#158688,26660098\" target=\"_blank\" rel=\"noreferrer noopener\">Konfirmeret<\/a><\/strong> den 13. april 1924. <a href=\"https:\/\/greiersen.dk\/g-wiki\/vig-sogn\/\" target=\"_blank\" rel=\"noreferrer noopener nofollow\">Vig kirke<\/a>, Holb\u00e6k amt. <em>Bor i H\u00f8nsinge.<\/em><\/td><\/tr><tr><td style=\"width:70px;text-align:center;background-color:#ededef;border-color:#84848f;vertical-align:top\"><\/td><td style=\"width:30px;text-align:center;background-color:#ededef;border-color:#84848f;vertical-align:top\"><\/td><td style=\"background-color:#ededef;border-color:#84848f;vertical-align:top\"><\/td><\/tr><tr><td style=\"width:70px;text-align:center;vertical-align:top\"><strong>1925<\/strong><br><sup>15 \u00e5r<\/sup><\/td><td style=\"width:30px;text-align:center;vertical-align:top\"><mark style=\"background-color:rgba(0, 0, 0, 0)\" class=\"has-inline-color has-tertiary-color\">\u25cf<\/mark><\/td><td style=\"vertical-align:top\"><strong><a href=\"https:\/\/arkivalieronline.rigsarkivet.dk\/da\/billedviser?bsid=92583#92583,15350863\" target=\"_blank\" rel=\"noreferrer noopener\">FT 1925<\/a><\/strong>. H\u00f8nsinge 6g, <a href=\"https:\/\/greiersen.dk\/g-wiki\/vig-sogn\/\" target=\"_blank\" rel=\"noreferrer noopener nofollow\">Vig sogn<\/a>, Holb\u00e6k amt. <em><abbr class='c2c-text-hover' title='Tjenestekarl, karl som i 1800-1900 tallet arbejdede p\u00e5 en g\u00e5rd eller hos et herskab, fx p\u00e5 en herreg\u00e5rd.'>Tjenestekarl<\/abbr> hos landmand Lars Ludvig Jensen. <\/em><\/td><\/tr><tr><td><\/td><td><\/td><td style=\"font-size:16px\">Lindeg\u00e5rdsvej 2, N\u00f8rre Asmindrup. <\/td><\/tr><tr><td style=\"background-color:#ededef;border-color:#84848f\"><\/td><td style=\"background-color:#ededef;border-color:#84848f\"><\/td><td style=\"background-color:#ededef;border-color:#84848f\"><\/td><\/tr><tr><td style=\"text-align:center;vertical-align:top\"><strong>1930<\/strong><br><sup>20 \u00e5r<\/sup><\/td><td style=\"text-align:center;vertical-align:top\"><mark style=\"background-color:rgba(0, 0, 0, 0)\" class=\"has-inline-color has-tertiary-color\">\u25cf<\/mark><\/td><td style=\"text-align:left;vertical-align:top\"><strong><a href=\"https:\/\/arkivalieronline.rigsarkivet.dk\/da\/billedviser?bsid=103043#103043,16276666\" target=\"_blank\" rel=\"noreferrer noopener\">FT 1930<\/a><\/strong>. Kelstrup 7a, <a href=\"https:\/\/greiersen.dk\/g-wiki\/vig-sogn\/\" target=\"_blank\" rel=\"noreferrer noopener nofollow\">Vig sogn<\/a>, Holb\u00e6k amt. <em><abbr class='c2c-text-hover' title='Tjenestekarl, karl som i 1800-1900 tallet arbejdede p\u00e5 en g\u00e5rd eller hos et herskab, fx p\u00e5 en herreg\u00e5rd.'>Tjenestekarl<\/abbr>, Forkarl hos g\u00e5rdejer Ludvig Jensen. <\/em><\/td><\/tr><tr><td><\/td><td><\/td><td style=\"font-size:16px\">Egemosevej 45, 4560 Vig.<\/td><\/tr><tr><td style=\"width:70px;text-align:center;background-color:#ededef;border-color:#84848f;vertical-align:top\"><\/td><td style=\"width:30px;text-align:center;background-color:#ededef;border-color:#84848f;vertical-align:top\"><\/td><td style=\"background-color:#ededef;border-color:#84848f;vertical-align:top\"><\/td><\/tr><\/tbody><\/table><\/figure>\n\n\n\n<h4 class=\"wp-block-heading\">Fakta tidslinje &#8211; gift<\/h4>\n\n\n\n<figure class=\"wp-block-flexible-table-block-table\"><table class=\"has-fixed-layout\"><tbody><tr><td style=\"width:70px;background-color:#ededef;border-color:#84848f;text-align:center;vertical-align:top\"><\/td><td style=\"width:30px;background-color:#ededef;border-color:#84848f;text-align:center;vertical-align:top\"><\/td><td style=\"background-color:#ededef;border-color:#84848f;vertical-align:top\"><\/td><\/tr><tr><td rowspan=\"4\" style=\"width:70px;text-align:center;vertical-align:top\"><strong>1934<\/strong><br><sup>24 \u00e5r<\/sup><\/td><td style=\"width:30px;text-align:center;vertical-align:top\"><mark style=\"background-color:rgba(0, 0, 0, 0)\" class=\"has-inline-color has-tertiary-color\"><mark style=\"background-color:rgba(0, 0, 0, 0);color:#f80404\" class=\"has-inline-color\">\u2764<\/mark><\/mark><\/td><td style=\"vertical-align:top\"><strong><a href=\"https:\/\/arkivalieronline.rigsarkivet.dk\/da\/billedviser?epid=22763597#477658,88128132\" target=\"_blank\" rel=\"noreferrer noopener\"><abbr class='c2c-text-hover' title='Gift. Indg\u00e5 \u00e6gteskab mellem to personer ved en kirkelig ceremoni.'>Viet<\/abbr><\/a><\/strong> den 3. oktober 1934 af Sognepr\u00e6sten i <a href=\"https:\/\/greiersen.dk\/g-wiki\/hoejby-sogn\/\" target=\"_blank\" rel=\"noreferrer noopener nofollow\">H\u00f8jby<\/a>, Holb\u00e6k amt. <em>Med Asta Ebba Lynge Nielsen<\/em>.  <\/td><\/tr><tr><td><\/td><td style=\"font-size:16px\">De er ogs\u00e5 n\u00e6vnt i kirkebogen for <a href=\"https:\/\/greiersen.dk\/g-wiki\/hoejby-sogn\/\" target=\"_blank\" rel=\"noreferrer noopener nofollow\">H\u00f8jby sogn<\/a>, Holb\u00e6k amt under <a href=\"https:\/\/arkivalieronline.rigsarkivet.dk\/da\/billedviser?epid=17116230#151969,25279006\" target=\"_blank\" rel=\"noreferrer noopener\"><abbr class='c2c-text-hover' title='Gift. Indg\u00e5 \u00e6gteskab mellem to personer ved en kirkelig ceremoni.'>viet<\/abbr><\/a>. ingen dato.<br>Ungkarl, arbejdsmand Holger Petersen, Ellinge Lyng, <a href=\"https:\/\/greiersen.dk\/g-wiki\/hoejby-sogn\/\" target=\"_blank\" rel=\"noreferrer noopener nofollow\">H\u00f8jby sogn<\/a>, f\u00f8dt i <a href=\"https:\/\/greiersen.dk\/g-wiki\/tvilum-sogn\/\" target=\"_blank\" rel=\"noreferrer noopener nofollow\">Tvilum sogn<\/a>, Skanderborg amt 19. maj 1910. S\u00f8n af Ellen  Katrine Jensen og Plaf Valdemar Petersen.<br>Pige Asta Ebba Lynge Nielsen af Ellinge Lyng, <a href=\"https:\/\/greiersen.dk\/g-wiki\/hoejby-sogn\/\" target=\"_blank\" rel=\"noreferrer noopener nofollow\">H\u00f8jby sogn<\/a>, f\u00f8dt p\u00e5 Ellinge Kongepart, <a href=\"https:\/\/greiersen.dk\/g-wiki\/hoejby-sogn\/\" target=\"_blank\" rel=\"noreferrer noopener nofollow\">H\u00f8jby sogn<\/a> 5. januar 1913. Datter af Parcelist Jens Peter Martin Nielsen og hustru Laurine Henriette Kamilla Nielsen, Ellinge Kongepart. <\/td><\/tr><tr><td style=\"width:30px;text-align:center;background-color:#ededef;border-color:#84848f;vertical-align:top\"><\/td><td style=\"background-color:#ededef;border-color:#84848f;vertical-align:top\"><\/td><\/tr><tr><td style=\"text-align:center;vertical-align:top\"><mark style=\"background-color:rgba(0, 0, 0, 0)\" class=\"has-inline-color has-tertiary-color\">\u25cf<\/mark><\/td><td style=\"text-align:left;vertical-align:top;background-color:#ffd8d9\"><strong><a href=\"https:\/\/arkivalieronline.rigsarkivet.dk\/da\/billedviser?epid=17116230#151969,25278869\" target=\"_blank\" rel=\"noreferrer noopener\">Barn<\/a><\/strong><sup>1<\/sup> f\u00f8dt den 26. november 1934. Ellinge Lyng, <a href=\"https:\/\/greiersen.dk\/g-wiki\/hoejby-sogn\/\" target=\"_blank\" rel=\"noreferrer noopener nofollow\">H\u00f8jby sogn<\/a>, Holb\u00e6k amt. <em>Grethe Elisabeth Petersen. <\/em><\/td><\/tr><tr><td style=\"background-color:#ededef;border-color:#84848f\"><\/td><td style=\"background-color:#ededef;border-color:#84848f\"><\/td><td style=\"background-color:#ededef;border-color:#84848f\"><\/td><\/tr><tr><td style=\"width:70px;text-align:center;vertical-align:top\"><strong>1936<\/strong><br><sup>25 \u00e5r<\/sup><\/td><td style=\"width:30px;text-align:center;vertical-align:top\"><mark style=\"background-color:rgba(0, 0, 0, 0)\" class=\"has-inline-color has-tertiary-color\">\u25cf<\/mark><\/td><td style=\"vertical-align:top;background-color:#ffd8d9\"><strong><a href=\"https:\/\/arkivalieronline.rigsarkivet.dk\/da\/billedviser?epid=17116230#151969,25278881\" target=\"_blank\" rel=\"noreferrer noopener\">Barn<\/a><\/strong><sup>2<\/sup> f\u00f8dt den 9. april 1936. Ellinge Lyng, <a href=\"https:\/\/greiersen.dk\/g-wiki\/hoejby-sogn\/\" target=\"_blank\" rel=\"noreferrer noopener nofollow\">H\u00f8jby sogn<\/a>, Holb\u00e6k amt. <em>Kitty Rosa Petersen<\/em>. <\/td><\/tr><tr><td style=\"background-color:#ededef;border-color:#84848f\"><\/td><td style=\"background-color:#ededef;border-color:#84848f\"><\/td><td style=\"background-color:#ededef;border-color:#84848f\"><\/td><\/tr><tr><td style=\"width:70px;text-align:center;vertical-align:top\"><strong>1937<\/strong><br><sup>27 \u00e5r<\/sup><\/td><td style=\"width:30px;text-align:center;vertical-align:top\"><mark style=\"background-color:rgba(0, 0, 0, 0)\" class=\"has-inline-color has-tertiary-color\">\u25cf<\/mark><\/td><td style=\"vertical-align:top;background-color:#c3edfb\"><strong><a href=\"https:\/\/arkivalieronline.rigsarkivet.dk\/da\/billedviser?epid=17116230#151969,25278815\" target=\"_blank\" rel=\"noreferrer noopener\">Barn<\/a><\/strong><sup>3<\/sup> f\u00f8dt den 5. juli 1937. Gudmindrup, <a href=\"https:\/\/greiersen.dk\/g-wiki\/hoejby-sogn\/\" target=\"_blank\" rel=\"noreferrer noopener nofollow\">H\u00f8jby sogn<\/a>, Holb\u00e6k amt. <em>Flemming Sigurd Petersen.<\/em><\/td><\/tr><tr><td style=\"width:70px;text-align:center;background-color:#ededef;border-color:#84848f;vertical-align:top\"><\/td><td style=\"width:30px;text-align:center;background-color:#ededef;border-color:#84848f;vertical-align:top\"><\/td><td style=\"background-color:#ededef;border-color:#84848f;vertical-align:top\"><\/td><\/tr><tr><td style=\"text-align:center;vertical-align:top\"><strong>1940<\/strong><br><sup>30 \u00e5r<\/sup><\/td><td style=\"text-align:center;vertical-align:top\"><mark style=\"background-color:rgba(0, 0, 0, 0)\" class=\"has-inline-color has-tertiary-color\">\u25cf<\/mark><\/td><td style=\"text-align:left;vertical-align:top\"><strong><a href=\"https:\/\/arkivalieronline.rigsarkivet.dk\/da\/billedviser?bsid=229246#229246,43390136\" target=\"_blank\" rel=\"noreferrer noopener\">FT 1940<\/a><\/strong>. Ellinge Lyng, <a href=\"https:\/\/greiersen.dk\/g-wiki\/hoejby-sogn\/\" target=\"_blank\" rel=\"noreferrer noopener nofollow\">H\u00f8jby sogn<\/a>, Holb\u00e6k amt. <em>Husfader, Skallearbejder, Skallegravning. Husmoder, Husgerning og b\u00f8rn.<\/em><\/td><\/tr><tr><td style=\"border-color:#84848f;background-color:#ededef\"><\/td><td style=\"border-color:#84848f;background-color:#ededef\"><\/td><td style=\"border-color:#84848f;background-color:#ededef\"><\/td><\/tr><tr><td style=\"width:70px;text-align:center;vertical-align:top\"><strong>1943<\/strong><br><sup>33 \u00e5r<\/sup><\/td><td style=\"width:30px;text-align:center;vertical-align:top\"><mark style=\"background-color:rgba(0, 0, 0, 0)\" class=\"has-inline-color has-tertiary-color\">\u25cf<\/mark><\/td><td style=\"vertical-align:top;background-color:#ffd8d9\"><strong><a href=\"https:\/\/arkivalieronline.rigsarkivet.dk\/da\/billedviser?epid=17116230#151969,25278928\" target=\"_blank\" rel=\"noreferrer noopener\">Barn<\/a><\/strong><sup>4<\/sup> f\u00f8dt den 12. august 1943.  Ellinge Lyng, <a href=\"https:\/\/greiersen.dk\/g-wiki\/hoejby-sogn\/\" target=\"_blank\" rel=\"noreferrer noopener nofollow\">H\u00f8jby sogn<\/a>, Holb\u00e6k amt. <em>Else Anette Petersen.<\/em><\/td><\/tr><tr><td style=\"width:70px;text-align:center;background-color:#ededef;border-color:#84848f;vertical-align:top\"><\/td><td style=\"width:30px;text-align:center;background-color:#ededef;border-color:#84848f;vertical-align:top\"><\/td><td style=\"background-color:#ededef;border-color:#84848f;vertical-align:top\"><\/td><\/tr><\/tbody><\/table><\/figure>\n\n\n\n<h4 class=\"wp-block-heading\">Fakta tidslinje &#8211; d\u00f8d<\/h4>\n\n\n\n<figure class=\"wp-block-flexible-table-block-table\"><table class=\"has-fixed-layout\"><tbody><tr><td style=\"width:70px;background-color:#ededef;border-color:#84848f;text-align:center;vertical-align:top\"><\/td><td style=\"width:30px;background-color:#ededef;border-color:#84848f;text-align:center;vertical-align:top\"><\/td><td style=\"background-color:#ededef;border-color:#84848f;vertical-align:top\"><\/td><\/tr><tr><td style=\"width:70px;text-align:center;vertical-align:top\"><strong>1996<\/strong><br><sup>86 \u00e5r<\/sup><\/td><td style=\"width:30px;text-align:center;vertical-align:top\">\u25cf<\/td><td style=\"vertical-align:top\"><strong><a href=\"https:\/\/greiersen.dk\/egekilde\/wp-content\/uploads\/2026\/02\/818391Holger-Petersen-1910-1996-doedsannonce-816x1024.jpg\" target=\"_blank\" rel=\"noreferrer noopener\">D\u00f8d<\/a><\/strong> den 25. maj 1996. Bop\u00e6l: Klintvej 104, Nyk\u00f8bing Sj. <a href=\"https:\/\/greiersen.dk\/g-wiki\/hoejby-sogn\/\" target=\"_blank\" rel=\"noreferrer noopener nofollow\">H\u00f8jby sogn<\/a>, Holb\u00e6k amt. <\/td><\/tr><tr><td style=\"width:70px;text-align:center;background-color:#ededef;border-color:#84848f;vertical-align:top\"><\/td><td style=\"width:30px;text-align:center;background-color:#ededef;border-color:#84848f;vertical-align:top\"><\/td><td style=\"background-color:#ededef;border-color:#84848f;vertical-align:top\"><\/td><\/tr><\/tbody><\/table><\/figure>\n\n\n\n<h4 class=\"wp-block-heading\">Globale begivenheder <\/h4>\n\n\n\n<p class=\"has-light-gray-background-color has-background has-small-font-size\">Holger levede i en tid med store forandringer i Danmark og verden. Han oplevede to verdenskrige, hvor Danmark var neutral i den f\u00f8rste og besat af Nazi-Tyskland i den anden. Han s\u00e5, hvordan Danmark blev en velf\u00e6rdsstat med socialdemokratisk dominans i 1930\u2019erne og etablerede et t\u00e6t samarbejde med de andre nordiske lande i 1950\u2019erne. Han var vidne til, hvordan Danmark mistede sine overs\u00f8iske omr\u00e5der, som Island, Gr\u00f8nland og F\u00e6r\u00f8erne fik mere selvstyre eller uafh\u00e6ngighed. Han var ogs\u00e5 med, da Danmark blev medlem af NATO i 1949 og af EF i 1973, men stemte nej til euroen i 2000. Han s\u00e5, hvordan teknologien udviklede sig med opfindelsen af radio, tv, telefon, bil, fly, computer og internet. Han levede i en periode med store kulturelle, sociale og politiske bev\u00e6gelser, som f.eks. arbejderbev\u00e6gelsen, kvindebev\u00e6gelsen, ungdomsopr\u00f8ret, milj\u00f8bev\u00e6gelsen og globaliseringen.<\/p>\n\n\n\n<h4 class=\"wp-block-heading\">Billeder<\/h4>\n\n\n\n<figure class=\"wp-block-image size-large\"><a href=\"https:\/\/greiersen.dk\/egekilde\/wp-content\/uploads\/2026\/02\/799078IMG_20230322_0110.jpg\"><img decoding=\"async\" src=\"https:\/\/greiersen.dk\/egekilde\/wp-content\/uploads\/2026\/02\/799078IMG_20230322_0110.jpg\" alt=\"\"\/><\/a><figcaption class=\"wp-element-caption\"><em>Marta Marie og Olaf p\u00e5 deres bryllupsdag i 1964, billedet er taget i deres dagligstue sammen med deres b\u00f8rn. Bagerst fra venstre st\u00e5r Holger Petersen, Svend Arthur, Helge Sigfred og Sigrid Agnete. Sidende p\u00e5 arml\u00e6n er Erna Magdalene og Herl\u00f8v Sigurt.<\/em><\/figcaption><\/figure>\n","protected":false},"excerpt":{"rendered":"<p>Karolines mormors halvbror &#8211; 86 \u00e5rMormors halvbror Holger Petersen blev f\u00f8dt i 1910 i Tvilum sogn, Skanderborg amt, som s\u00f8n af Ellen Katrine Jensen og [&#8230;]<\/p>\n","protected":false},"author":1,"featured_media":0,"comment_status":"open","ping_status":"open","sticky":false,"template":"","format":"standard","meta":{"footnotes":""},"categories":[4],"tags":[249,247,246,18,21,248,9],"class_list":["post-6866","post","type-post","status-publish","format-standard","hentry","category-karolines-aner","tag-asta-ebba-lynge-petersen-foedt-nielsen-1913","tag-ellen-katrine-jensen-1890","tag-holger-petersen-1910-1996","tag-hoejby-sogn","tag-olaf-valdemar-pedersen-1890-1976","tag-tvilum-sogn","tag-vig-sogn"],"yoast_head":"<!-- This site is optimized with the Yoast SEO plugin v27.5 - https:\/\/yoast.com\/product\/yoast-seo-wordpress\/ -->\n<title>Holger Petersen 1910 - 1996 - Egekilde aner<\/title>\n<meta name=\"description\" content=\"Holger Petersen. F\u00f8dt den 19. maj 1910. Faarvang Stationsby, Tvilum sogn, Skanderborg amt. D\u00f8d den 25. maj 1996. Odsherred, Holb\u00e6k amt.\" \/>\n<meta name=\"robots\" content=\"index, follow, max-snippet:-1, max-image-preview:large, max-video-preview:-1\" \/>\n<link rel=\"canonical\" href=\"https:\/\/greiersen.dk\/egekilde\/holger-petersen-1910-1996\/\" \/>\n<meta property=\"og:locale\" content=\"da_DK\" \/>\n<meta property=\"og:type\" content=\"article\" \/>\n<meta property=\"og:title\" content=\"Holger Petersen 1910 - 1996 - Egekilde aner\" \/>\n<meta property=\"og:description\" content=\"Holger Petersen. F\u00f8dt den 19. maj 1910. Faarvang Stationsby, Tvilum sogn, Skanderborg amt. D\u00f8d den 25. maj 1996. Odsherred, Holb\u00e6k amt.\" \/>\n<meta property=\"og:url\" content=\"https:\/\/greiersen.dk\/egekilde\/holger-petersen-1910-1996\/\" \/>\n<meta property=\"og:site_name\" content=\"Egekilde aner\" \/>\n<meta property=\"article:published_time\" content=\"2024-02-29T15:18:30+00:00\" \/>\n<meta property=\"article:modified_time\" content=\"2026-02-04T18:09:53+00:00\" \/>\n<meta property=\"og:image\" content=\"https:\/\/greiersen.dk\/egekilde\/egekilde\/wp-content\/uploads\/2026\/02\/f2c3c102-75ab-480d-a3bb-219e9e4b2cc8.jpg\" \/>\n<meta name=\"author\" content=\"admin\" \/>\n<meta name=\"twitter:card\" content=\"summary_large_image\" \/>\n<meta name=\"twitter:label1\" content=\"Skrevet af\" \/>\n\t<meta name=\"twitter:data1\" content=\"admin\" \/>\n\t<meta name=\"twitter:label2\" content=\"Estimeret l\u00e6setid\" \/>\n\t<meta name=\"twitter:data2\" content=\"5 minutter\" \/>\n<script type=\"application\/ld+json\" class=\"yoast-schema-graph\">{\"@context\":\"https:\\\/\\\/schema.org\",\"@graph\":[{\"@type\":\"Article\",\"@id\":\"https:\\\/\\\/greiersen.dk\\\/egekilde\\\/holger-petersen-1910-1996\\\/#article\",\"isPartOf\":{\"@id\":\"https:\\\/\\\/greiersen.dk\\\/egekilde\\\/holger-petersen-1910-1996\\\/\"},\"author\":{\"name\":\"admin\",\"@id\":\"https:\\\/\\\/greiersen.dk\\\/egekilde\\\/#\\\/schema\\\/person\\\/ca47c2106addf58e871929ccc24106eb\"},\"headline\":\"Holger Petersen 1910 &#8211; 1996\",\"datePublished\":\"2024-02-29T15:18:30+00:00\",\"dateModified\":\"2026-02-04T18:09:53+00:00\",\"mainEntityOfPage\":{\"@id\":\"https:\\\/\\\/greiersen.dk\\\/egekilde\\\/holger-petersen-1910-1996\\\/\"},\"wordCount\":812,\"commentCount\":0,\"publisher\":{\"@id\":\"https:\\\/\\\/greiersen.dk\\\/egekilde\\\/#\\\/schema\\\/person\\\/ca47c2106addf58e871929ccc24106eb\"},\"image\":{\"@id\":\"https:\\\/\\\/greiersen.dk\\\/egekilde\\\/holger-petersen-1910-1996\\\/#primaryimage\"},\"thumbnailUrl\":\"https:\\\/\\\/greiersen.dk\\\/egekilde\\\/wp-content\\\/uploads\\\/2026\\\/02\\\/f2c3c102-75ab-480d-a3bb-219e9e4b2cc8.jpg\",\"keywords\":[\"Asta Ebba Lynge Petersen f\u00f8dt Nielsen 1913\",\"Ellen Katrine Jensen 1890\",\"Holger Petersen 1910 - 1996\",\"H\u00f8jby sogn\",\"Olaf Valdemar Pedersen 1890-1976\",\"Tvilum Sogn\",\"Vig sogn\"],\"articleSection\":[\"Karolines aner\"],\"inLanguage\":\"da-DK\",\"potentialAction\":[{\"@type\":\"CommentAction\",\"name\":\"Comment\",\"target\":[\"https:\\\/\\\/greiersen.dk\\\/egekilde\\\/holger-petersen-1910-1996\\\/#respond\"]}]},{\"@type\":\"WebPage\",\"@id\":\"https:\\\/\\\/greiersen.dk\\\/egekilde\\\/holger-petersen-1910-1996\\\/\",\"url\":\"https:\\\/\\\/greiersen.dk\\\/egekilde\\\/holger-petersen-1910-1996\\\/\",\"name\":\"Holger Petersen 1910 - 1996 - Egekilde aner\",\"isPartOf\":{\"@id\":\"https:\\\/\\\/greiersen.dk\\\/egekilde\\\/#website\"},\"primaryImageOfPage\":{\"@id\":\"https:\\\/\\\/greiersen.dk\\\/egekilde\\\/holger-petersen-1910-1996\\\/#primaryimage\"},\"image\":{\"@id\":\"https:\\\/\\\/greiersen.dk\\\/egekilde\\\/holger-petersen-1910-1996\\\/#primaryimage\"},\"thumbnailUrl\":\"https:\\\/\\\/greiersen.dk\\\/egekilde\\\/wp-content\\\/uploads\\\/2026\\\/02\\\/f2c3c102-75ab-480d-a3bb-219e9e4b2cc8.jpg\",\"datePublished\":\"2024-02-29T15:18:30+00:00\",\"dateModified\":\"2026-02-04T18:09:53+00:00\",\"description\":\"Holger Petersen. F\u00f8dt den 19. maj 1910. Faarvang Stationsby, Tvilum sogn, Skanderborg amt. D\u00f8d den 25. maj 1996. Odsherred, Holb\u00e6k amt.\",\"breadcrumb\":{\"@id\":\"https:\\\/\\\/greiersen.dk\\\/egekilde\\\/holger-petersen-1910-1996\\\/#breadcrumb\"},\"inLanguage\":\"da-DK\",\"potentialAction\":[{\"@type\":\"ReadAction\",\"target\":[\"https:\\\/\\\/greiersen.dk\\\/egekilde\\\/holger-petersen-1910-1996\\\/\"]}]},{\"@type\":\"ImageObject\",\"inLanguage\":\"da-DK\",\"@id\":\"https:\\\/\\\/greiersen.dk\\\/egekilde\\\/holger-petersen-1910-1996\\\/#primaryimage\",\"url\":\"https:\\\/\\\/greiersen.dk\\\/egekilde\\\/wp-content\\\/uploads\\\/2026\\\/02\\\/f2c3c102-75ab-480d-a3bb-219e9e4b2cc8.jpg\",\"contentUrl\":\"https:\\\/\\\/greiersen.dk\\\/egekilde\\\/wp-content\\\/uploads\\\/2026\\\/02\\\/f2c3c102-75ab-480d-a3bb-219e9e4b2cc8.jpg\",\"width\":215,\"height\":215},{\"@type\":\"BreadcrumbList\",\"@id\":\"https:\\\/\\\/greiersen.dk\\\/egekilde\\\/holger-petersen-1910-1996\\\/#breadcrumb\",\"itemListElement\":[{\"@type\":\"ListItem\",\"position\":1,\"name\":\"Hjem\",\"item\":\"https:\\\/\\\/greiersen.dk\\\/egekilde\\\/\"},{\"@type\":\"ListItem\",\"position\":2,\"name\":\"Holger Petersen 1910 &#8211; 1996\"}]},{\"@type\":\"WebSite\",\"@id\":\"https:\\\/\\\/greiersen.dk\\\/egekilde\\\/#website\",\"url\":\"https:\\\/\\\/greiersen.dk\\\/egekilde\\\/\",\"name\":\"Egekilde aner\",\"description\":\"Jensen, Madsen og Nielsen i Odsherred\",\"publisher\":{\"@id\":\"https:\\\/\\\/greiersen.dk\\\/egekilde\\\/#\\\/schema\\\/person\\\/ca47c2106addf58e871929ccc24106eb\"},\"potentialAction\":[{\"@type\":\"SearchAction\",\"target\":{\"@type\":\"EntryPoint\",\"urlTemplate\":\"https:\\\/\\\/greiersen.dk\\\/egekilde\\\/?s={search_term_string}\"},\"query-input\":{\"@type\":\"PropertyValueSpecification\",\"valueRequired\":true,\"valueName\":\"search_term_string\"}}],\"inLanguage\":\"da-DK\"},{\"@type\":[\"Person\",\"Organization\"],\"@id\":\"https:\\\/\\\/greiersen.dk\\\/egekilde\\\/#\\\/schema\\\/person\\\/ca47c2106addf58e871929ccc24106eb\",\"name\":\"admin\",\"image\":{\"@type\":\"ImageObject\",\"inLanguage\":\"da-DK\",\"@id\":\"https:\\\/\\\/greiersen.dk\\\/egekilde\\\/wp-content\\\/uploads\\\/2022\\\/05\\\/Jeppe-Mads-Jepsen-1887-1948-og-Inger-Katrine-Margrethe-Jepsen-f-Kristensen-1888-1858-scaled.jpg\",\"url\":\"https:\\\/\\\/greiersen.dk\\\/egekilde\\\/wp-content\\\/uploads\\\/2022\\\/05\\\/Jeppe-Mads-Jepsen-1887-1948-og-Inger-Katrine-Margrethe-Jepsen-f-Kristensen-1888-1858-scaled.jpg\",\"contentUrl\":\"https:\\\/\\\/greiersen.dk\\\/egekilde\\\/wp-content\\\/uploads\\\/2022\\\/05\\\/Jeppe-Mads-Jepsen-1887-1948-og-Inger-Katrine-Margrethe-Jepsen-f-Kristensen-1888-1858-scaled.jpg\",\"width\":2560,\"height\":1925,\"caption\":\"admin\"},\"logo\":{\"@id\":\"https:\\\/\\\/greiersen.dk\\\/egekilde\\\/wp-content\\\/uploads\\\/2022\\\/05\\\/Jeppe-Mads-Jepsen-1887-1948-og-Inger-Katrine-Margrethe-Jepsen-f-Kristensen-1888-1858-scaled.jpg\"},\"sameAs\":[\"https:\\\/\\\/greiersen.dk\\\/egekilde\"],\"url\":\"https:\\\/\\\/greiersen.dk\\\/egekilde\\\/author\\\/admin\\\/\"}]}<\/script>\n<!-- \/ Yoast SEO plugin. -->","yoast_head_json":{"title":"Holger Petersen 1910 - 1996 - Egekilde aner","description":"Holger Petersen. F\u00f8dt den 19. maj 1910. Faarvang Stationsby, Tvilum sogn, Skanderborg amt. D\u00f8d den 25. maj 1996. Odsherred, Holb\u00e6k amt.","robots":{"index":"index","follow":"follow","max-snippet":"max-snippet:-1","max-image-preview":"max-image-preview:large","max-video-preview":"max-video-preview:-1"},"canonical":"https:\/\/greiersen.dk\/egekilde\/holger-petersen-1910-1996\/","og_locale":"da_DK","og_type":"article","og_title":"Holger Petersen 1910 - 1996 - Egekilde aner","og_description":"Holger Petersen. F\u00f8dt den 19. maj 1910. Faarvang Stationsby, Tvilum sogn, Skanderborg amt. D\u00f8d den 25. maj 1996. Odsherred, Holb\u00e6k amt.","og_url":"https:\/\/greiersen.dk\/egekilde\/holger-petersen-1910-1996\/","og_site_name":"Egekilde aner","article_published_time":"2024-02-29T15:18:30+00:00","article_modified_time":"2026-02-04T18:09:53+00:00","og_image":[{"url":"https:\/\/greiersen.dk\/egekilde\/egekilde\/wp-content\/uploads\/2026\/02\/f2c3c102-75ab-480d-a3bb-219e9e4b2cc8.jpg","type":"","width":"","height":""}],"author":"admin","twitter_card":"summary_large_image","twitter_misc":{"Skrevet af":"admin","Estimeret l\u00e6setid":"5 minutter"},"schema":{"@context":"https:\/\/schema.org","@graph":[{"@type":"Article","@id":"https:\/\/greiersen.dk\/egekilde\/holger-petersen-1910-1996\/#article","isPartOf":{"@id":"https:\/\/greiersen.dk\/egekilde\/holger-petersen-1910-1996\/"},"author":{"name":"admin","@id":"https:\/\/greiersen.dk\/egekilde\/#\/schema\/person\/ca47c2106addf58e871929ccc24106eb"},"headline":"Holger Petersen 1910 &#8211; 1996","datePublished":"2024-02-29T15:18:30+00:00","dateModified":"2026-02-04T18:09:53+00:00","mainEntityOfPage":{"@id":"https:\/\/greiersen.dk\/egekilde\/holger-petersen-1910-1996\/"},"wordCount":812,"commentCount":0,"publisher":{"@id":"https:\/\/greiersen.dk\/egekilde\/#\/schema\/person\/ca47c2106addf58e871929ccc24106eb"},"image":{"@id":"https:\/\/greiersen.dk\/egekilde\/holger-petersen-1910-1996\/#primaryimage"},"thumbnailUrl":"https:\/\/greiersen.dk\/egekilde\/wp-content\/uploads\/2026\/02\/f2c3c102-75ab-480d-a3bb-219e9e4b2cc8.jpg","keywords":["Asta Ebba Lynge Petersen f\u00f8dt Nielsen 1913","Ellen Katrine Jensen 1890","Holger Petersen 1910 - 1996","H\u00f8jby sogn","Olaf Valdemar Pedersen 1890-1976","Tvilum Sogn","Vig sogn"],"articleSection":["Karolines aner"],"inLanguage":"da-DK","potentialAction":[{"@type":"CommentAction","name":"Comment","target":["https:\/\/greiersen.dk\/egekilde\/holger-petersen-1910-1996\/#respond"]}]},{"@type":"WebPage","@id":"https:\/\/greiersen.dk\/egekilde\/holger-petersen-1910-1996\/","url":"https:\/\/greiersen.dk\/egekilde\/holger-petersen-1910-1996\/","name":"Holger Petersen 1910 - 1996 - Egekilde aner","isPartOf":{"@id":"https:\/\/greiersen.dk\/egekilde\/#website"},"primaryImageOfPage":{"@id":"https:\/\/greiersen.dk\/egekilde\/holger-petersen-1910-1996\/#primaryimage"},"image":{"@id":"https:\/\/greiersen.dk\/egekilde\/holger-petersen-1910-1996\/#primaryimage"},"thumbnailUrl":"https:\/\/greiersen.dk\/egekilde\/wp-content\/uploads\/2026\/02\/f2c3c102-75ab-480d-a3bb-219e9e4b2cc8.jpg","datePublished":"2024-02-29T15:18:30+00:00","dateModified":"2026-02-04T18:09:53+00:00","description":"Holger Petersen. F\u00f8dt den 19. maj 1910. Faarvang Stationsby, Tvilum sogn, Skanderborg amt. D\u00f8d den 25. maj 1996. Odsherred, Holb\u00e6k amt.","breadcrumb":{"@id":"https:\/\/greiersen.dk\/egekilde\/holger-petersen-1910-1996\/#breadcrumb"},"inLanguage":"da-DK","potentialAction":[{"@type":"ReadAction","target":["https:\/\/greiersen.dk\/egekilde\/holger-petersen-1910-1996\/"]}]},{"@type":"ImageObject","inLanguage":"da-DK","@id":"https:\/\/greiersen.dk\/egekilde\/holger-petersen-1910-1996\/#primaryimage","url":"https:\/\/greiersen.dk\/egekilde\/wp-content\/uploads\/2026\/02\/f2c3c102-75ab-480d-a3bb-219e9e4b2cc8.jpg","contentUrl":"https:\/\/greiersen.dk\/egekilde\/wp-content\/uploads\/2026\/02\/f2c3c102-75ab-480d-a3bb-219e9e4b2cc8.jpg","width":215,"height":215},{"@type":"BreadcrumbList","@id":"https:\/\/greiersen.dk\/egekilde\/holger-petersen-1910-1996\/#breadcrumb","itemListElement":[{"@type":"ListItem","position":1,"name":"Hjem","item":"https:\/\/greiersen.dk\/egekilde\/"},{"@type":"ListItem","position":2,"name":"Holger Petersen 1910 &#8211; 1996"}]},{"@type":"WebSite","@id":"https:\/\/greiersen.dk\/egekilde\/#website","url":"https:\/\/greiersen.dk\/egekilde\/","name":"Egekilde aner","description":"Jensen, Madsen og Nielsen i Odsherred","publisher":{"@id":"https:\/\/greiersen.dk\/egekilde\/#\/schema\/person\/ca47c2106addf58e871929ccc24106eb"},"potentialAction":[{"@type":"SearchAction","target":{"@type":"EntryPoint","urlTemplate":"https:\/\/greiersen.dk\/egekilde\/?s={search_term_string}"},"query-input":{"@type":"PropertyValueSpecification","valueRequired":true,"valueName":"search_term_string"}}],"inLanguage":"da-DK"},{"@type":["Person","Organization"],"@id":"https:\/\/greiersen.dk\/egekilde\/#\/schema\/person\/ca47c2106addf58e871929ccc24106eb","name":"admin","image":{"@type":"ImageObject","inLanguage":"da-DK","@id":"https:\/\/greiersen.dk\/egekilde\/wp-content\/uploads\/2022\/05\/Jeppe-Mads-Jepsen-1887-1948-og-Inger-Katrine-Margrethe-Jepsen-f-Kristensen-1888-1858-scaled.jpg","url":"https:\/\/greiersen.dk\/egekilde\/wp-content\/uploads\/2022\/05\/Jeppe-Mads-Jepsen-1887-1948-og-Inger-Katrine-Margrethe-Jepsen-f-Kristensen-1888-1858-scaled.jpg","contentUrl":"https:\/\/greiersen.dk\/egekilde\/wp-content\/uploads\/2022\/05\/Jeppe-Mads-Jepsen-1887-1948-og-Inger-Katrine-Margrethe-Jepsen-f-Kristensen-1888-1858-scaled.jpg","width":2560,"height":1925,"caption":"admin"},"logo":{"@id":"https:\/\/greiersen.dk\/egekilde\/wp-content\/uploads\/2022\/05\/Jeppe-Mads-Jepsen-1887-1948-og-Inger-Katrine-Margrethe-Jepsen-f-Kristensen-1888-1858-scaled.jpg"},"sameAs":["https:\/\/greiersen.dk\/egekilde"],"url":"https:\/\/greiersen.dk\/egekilde\/author\/admin\/"}]}},"_links":{"self":[{"href":"https:\/\/greiersen.dk\/egekilde\/wp-json\/wp\/v2\/posts\/6866","targetHints":{"allow":["GET"]}}],"collection":[{"href":"https:\/\/greiersen.dk\/egekilde\/wp-json\/wp\/v2\/posts"}],"about":[{"href":"https:\/\/greiersen.dk\/egekilde\/wp-json\/wp\/v2\/types\/post"}],"author":[{"embeddable":true,"href":"https:\/\/greiersen.dk\/egekilde\/wp-json\/wp\/v2\/users\/1"}],"replies":[{"embeddable":true,"href":"https:\/\/greiersen.dk\/egekilde\/wp-json\/wp\/v2\/comments?post=6866"}],"version-history":[{"count":17,"href":"https:\/\/greiersen.dk\/egekilde\/wp-json\/wp\/v2\/posts\/6866\/revisions"}],"predecessor-version":[{"id":8468,"href":"https:\/\/greiersen.dk\/egekilde\/wp-json\/wp\/v2\/posts\/6866\/revisions\/8468"}],"wp:attachment":[{"href":"https:\/\/greiersen.dk\/egekilde\/wp-json\/wp\/v2\/media?parent=6866"}],"wp:term":[{"taxonomy":"category","embeddable":true,"href":"https:\/\/greiersen.dk\/egekilde\/wp-json\/wp\/v2\/categories?post=6866"},{"taxonomy":"post_tag","embeddable":true,"href":"https:\/\/greiersen.dk\/egekilde\/wp-json\/wp\/v2\/tags?post=6866"}],"curies":[{"name":"wp","href":"https:\/\/api.w.org\/{rel}","templated":true}]}}