{"id":6921,"date":"2024-03-01T09:58:33","date_gmt":"2024-03-01T08:58:33","guid":{"rendered":"https:\/\/greiersen.dk\/egekilde\/?p=6921"},"modified":"2026-02-04T19:09:52","modified_gmt":"2026-02-04T18:09:52","slug":"svend-arthur-pedersen-1915-1986","status":"publish","type":"post","link":"https:\/\/greiersen.dk\/egekilde\/svend-arthur-pedersen-1915-1986\/","title":{"rendered":"Svend Arthur Pedersen 1915 &#8211; 1986"},"content":{"rendered":"\n<div class=\"wp-block-columns is-layout-flex wp-container-core-columns-is-layout-9d6595d7 wp-block-columns-is-layout-flex\">\n<div class=\"wp-block-column is-layout-flow wp-block-column-is-layout-flow\">\n<p><strong>Karolines mormors storebror &#8211; 70 \u00e5r<\/strong><br><em><sup>Mormors bror<\/sup><\/em><br>Gartner<\/p>\n\n\n\n<p>Svend Arthur Pedersen var en gartner, der levede fra 1915 til 1986. Han blev f\u00f8dt p\u00e5 Vig Lyng i Holb\u00e6k amt som s\u00f8n af arbejdsmand <a href=\"https:\/\/greiersen.dk\/egekilde\/olaf-valdemar-petersen-1890-1976\/\">Olaf Valdemar Pedersen<\/a> og <a href=\"https:\/\/greiersen.dk\/egekilde\/marta-marie-petersen-1896-1982\/\">Martha Marie Pedersen<\/a>. Han voksede op p\u00e5 en landbrugsejendom p\u00e5 H\u00f8nsinge Lyng og blev konfirmeret i H\u00f8jby kirke i 1929. Han fik sin uddannelse som gartner p\u00e5 Vig Planteskole og Vilvorde Blomstergartneri.<\/p>\n<\/div>\n\n\n\n<div class=\"wp-block-column is-layout-flow wp-block-column-is-layout-flow\">\n<figure class=\"wp-block-image alignwide size-large\"><img decoding=\"async\" src=\"https:\/\/greiersen.dk\/egekilde\/wp-content\/uploads\/2026\/02\/90206627-220c-453b-813a-9aef33cda7f2.jpg\" alt=\"\"\/><\/figure>\n\n\n\n<figure class=\"wp-block-flexible-table-block-table\"><table class=\"has-fixed-layout\"><tbody><tr><td style=\"line-height:0.5;width:10px;text-align:left\"><\/td><td style=\"width:10px;text-align:left;line-height:0.5\"><\/td><td style=\"line-height:0.5;width:65px;text-align:left\"><\/td><td style=\"line-height:0.5;text-align:left\"><\/td><td style=\"line-height:0.5;width:10px;text-align:right\"><\/td><\/tr><tr><td style=\"width:10px;color:#ffffff;background-color:#2a4861;border-color:#2a4861;text-align:left\"><\/td><td colspan=\"3\" style=\"width:10px;text-align:center;color:#ffffff;background-color:#2a4861;border-color:#2a4861;font-size:16px\"><strong><strong>Svend Arthur Pedersen<\/strong><\/strong><\/td><td style=\"width:10px;color:#ffffff;background-color:#2a4861;border-color:#2a4861;text-align:right\"><\/td><\/tr><tr><td style=\"width:10px;font-size:14px;background-color:#ededef;border-color:#ededef;text-align:left;vertical-align:top\"><\/td><td colspan=\"2\" style=\"width:10px;background-color:#ededef;border-color:#ededef;text-align:left;font-size:14px;vertical-align:top\"><strong>Far:<\/strong><\/td><td style=\"text-align:left;font-size:14px;background-color:#ededef;border-color:#ededef;vertical-align:top\"><a data-type=\"post\" data-id=\"199\" href=\"https:\/\/greiersen.dk\/egekilde\/?p=199\">Olaf Valdemar Pedersen<\/a><\/td><td style=\"width:10px;font-size:14px;background-color:#ededef;border-color:#ededef;text-align:right;vertical-align:top\"><\/td><\/tr><tr><td style=\"width:10px;font-size:14px;background-color:#ededef;border-color:#ededef;text-align:left;vertical-align:top\"><\/td><td colspan=\"2\" style=\"width:10px;text-align:left;background-color:#ededef;border-color:#ededef;font-size:14px;vertical-align:top\"><strong>Mor:<\/strong><\/td><td style=\"text-align:left;font-size:14px;background-color:#ededef;border-color:#ededef;vertical-align:top\"><a href=\"https:\/\/greiersen.dk\/egekilde\/?p=201\">Marta Marie Pedersen<\/a><\/td><td style=\"width:10px;font-size:14px;background-color:#ededef;border-color:#ededef;text-align:right;vertical-align:top\"><\/td><\/tr><tr><td style=\"width:10px;line-height:0.5;font-size:10px;text-align:left;color:#ffffff\">\u25cf<\/td><td style=\"width:10px;text-align:left;line-height:0.5;font-size:10px;color:#ffffff\"><\/td><td style=\"width:65px;text-align:left;line-height:0.5;font-size:10px;color:#ffffff\"><\/td><td style=\"text-align:left;line-height:0.5;font-size:10px;color:#ffffff\"><\/td><td style=\"width:10px;line-height:0.5;font-size:10px;text-align:right;color:#ffffff\">\u25cf<\/td><\/tr><tr><td style=\"width:10px;font-size:14px;background-color:#ededef;border-color:#ededef;text-align:left;vertical-align:top\"><\/td><td colspan=\"2\" style=\"width:10px;text-align:left;font-size:14px;background-color:#ededef;border-color:#ededef;vertical-align:top\"><strong><abbr class='c2c-text-hover' title='Gift. Indg\u00e5 \u00e6gteskab mellem to personer ved en kirkelig ceremoni.'>Viet<\/abbr>:<\/strong><\/td><td style=\"text-align:left;font-size:14px;background-color:#ededef;border-color:#ededef;vertical-align:top\">Karla Dortea Jensen<\/td><td style=\"width:10px;font-size:14px;background-color:#ededef;border-color:#ededef;text-align:right;vertical-align:top\"><\/td><\/tr><tr><td style=\"background-color:#ededef;border-color:#ededef;font-size:14px;vertical-align:top\"><\/td><td style=\"background-color:#ededef;border-color:#ededef;font-size:14px;vertical-align:top\"><\/td><td style=\"background-color:#ededef;border-color:#ededef;font-size:14px;width:65px;vertical-align:top\"><strong>B\u00f8rn: <\/strong><\/td><td style=\"background-color:#ededef;border-color:#ededef;font-size:14px;vertical-align:top\">Henning Klestrup Pedersen<\/td><td style=\"background-color:#ededef;border-color:#ededef;font-size:14px;vertical-align:top\"><\/td><\/tr><tr><td style=\"width:10px;line-height:0.5;font-size:16px;text-align:left\"><\/td><td style=\"width:10px;text-align:left;font-size:16px;line-height:0.5\"><\/td><td style=\"width:65px;text-align:left;line-height:0.5;font-size:16px\"><\/td><td style=\"text-align:left;line-height:0.5;font-size:16px\"><\/td><td style=\"width:10px;line-height:0.5;font-size:16px;text-align:right\"><\/td><\/tr><\/tbody><\/table><\/figure>\n<\/div>\n<\/div>\n\n\n\n<p>I 1935 blev han gift med Karla Dorthea Jensen, som han havde f\u00e5et en s\u00f8n med, Henning Klestrup Pedersen, samme \u00e5r. De bosatte sig p\u00e5 Stenstrupvej i H\u00f8jby, hvor han drev sit eget gartneri. Han dyrkede b\u00e6r og gr\u00f8ntsager, som han solgte til forretninger og private. Han arbejdede ogs\u00e5 p\u00e5 Odsherreds Minkfarm i nogle \u00e5r for at supplere sin indkomst. Han var et arbejdsomt og flittigt menneske, der var afholdt af de mange mennesker, han kom i kontakt med.<\/p>\n\n\n\n<p>Han d\u00f8de i 1986 efter flere sygehusophold og blev begravet p\u00e5 H\u00f8jby kirkeg\u00e5rd. Han efterlod sig sin hustru og sin s\u00f8n, der boede i Nordsj\u00e6lland.<\/p>\n\n\n\n<h4 class=\"wp-block-heading\">Fakta tidslinje &#8211; barn<\/h4>\n\n\n\n<figure class=\"wp-block-flexible-table-block-table\"><table class=\"has-fixed-layout\"><tbody><tr><td style=\"width:70px;background-color:#ededef;border-color:#84848f;text-align:center;vertical-align:top\"><\/td><td style=\"width:30px;background-color:#ededef;border-color:#84848f;text-align:center;vertical-align:top\"><\/td><td style=\"background-color:#ededef;border-color:#84848f;vertical-align:top\"><\/td><\/tr><tr><td rowspan=\"4\" style=\"width:70px;text-align:center;vertical-align:top\"><strong>1915<\/strong><\/td><td style=\"width:30px;text-align:center;vertical-align:top\"><mark style=\"background-color:rgba(0, 0, 0, 0)\" class=\"has-inline-color has-tertiary-color\">\u25cf<\/mark><\/td><td style=\"vertical-align:top\"><strong><a href=\"https:\/\/arkivalieronline.rigsarkivet.dk\/da\/billedviser?epid=17119783#158688,26659946\" target=\"_blank\" rel=\"noreferrer noopener nofollow\">F\u00f8dt<\/a><\/strong> den 17. maj 1915. Vig Lyng, <a href=\"https:\/\/greiersen.dk\/g-wiki\/vig-sogn\/\" target=\"_blank\" rel=\"noreferrer noopener nofollow\">Vig sogn<\/a>, Holb\u00e6k amt. <\/td><\/tr><tr><td style=\"width:30px;text-align:center;background-color:#ededef;border-color:#84848f;vertical-align:top\"><\/td><td style=\"background-color:#ededef;border-color:#84848f;vertical-align:top\"><\/td><\/tr><tr><td style=\"width:30px;text-align:center;vertical-align:top\"><mark style=\"background-color:rgba(0, 0, 0, 0)\" class=\"has-inline-color has-tertiary-color\">\u25cf<\/mark><\/td><td style=\"vertical-align:top\"><strong><a href=\"https:\/\/arkivalieronline.rigsarkivet.dk\/da\/billedviser?epid=17119783#158688,26659946\" target=\"_blank\" rel=\"noreferrer noopener nofollow\">D\u00f8bt<\/a><\/strong> den 13. juni 1915. <a href=\"https:\/\/greiersen.dk\/g-wiki\/vig-sogn\/\" target=\"_blank\" rel=\"noreferrer noopener nofollow\">Vig kirke<\/a>, Holb\u00e6k amt. <\/td><\/tr><tr><td><\/td><td style=\"font-size:16px\">Arbejdsmand Olaf Valdemar Pedersen, 25 Aar og Hustru Martha Marie Pedersen 19 \u00e5r, p\u00e5 Vig Lyng. <\/td><\/tr><tr><td style=\"width:70px;text-align:center;background-color:#ededef;border-color:#84848f;vertical-align:top\"><\/td><td style=\"width:30px;text-align:center;background-color:#ededef;border-color:#84848f;vertical-align:top\"><\/td><td style=\"background-color:#ededef;border-color:#84848f;vertical-align:top\"><\/td><\/tr><tr><td rowspan=\"2\" style=\"width:70px;text-align:center;vertical-align:top\"><strong>1916<\/strong><br><sup>&lt;1 \u00e5r<\/sup><\/td><td style=\"width:30px;text-align:center;vertical-align:top\"><mark style=\"background-color:rgba(0, 0, 0, 0)\" class=\"has-inline-color has-tertiary-color\">\u25cf<\/mark><\/td><td style=\"vertical-align:top\"><strong><a href=\"https:\/\/arkivalieronline.rigsarkivet.dk\/da\/billedviser?bsid=71648#71648,12993278\" target=\"_blank\" rel=\"noreferrer noopener nofollow\">FT 1916<\/a><\/strong>. H\u00f8nsinge, <a href=\"https:\/\/greiersen.dk\/g-wiki\/vig-sogn\/\" target=\"_blank\" rel=\"noreferrer noopener nofollow\">Vig sogn<\/a>, Holb\u00e6k amt. <em>Husfader, Arbejdsmand. Husmoder og barn. <\/em><\/td><\/tr><tr><td><\/td><td style=\"font-size:16px\">Ravnsbjergvej 34, Ravnsbjerg, 4560 Vig.  landbrugsejendom Opf\u00f8rsels\u00e5r: 1890.<\/td><\/tr><tr><td style=\"width:70px;text-align:center;background-color:#ededef;border-color:#84848f;vertical-align:top\"><\/td><td style=\"width:30px;text-align:center;background-color:#ededef;border-color:#84848f;vertical-align:top\"><\/td><td style=\"background-color:#ededef;border-color:#84848f;vertical-align:top\"><\/td><\/tr><tr><td style=\"width:70px;text-align:center;vertical-align:top\"><strong>1921<\/strong><br><sup>5 \u00e5r<\/sup><\/td><td style=\"width:30px;text-align:center;vertical-align:top\"><mark style=\"background-color:rgba(0, 0, 0, 0)\" class=\"has-inline-color has-tertiary-color\">\u25cf<\/mark><\/td><td style=\"vertical-align:top\"><strong><a href=\"https:\/\/arkivalieronline.rigsarkivet.dk\/da\/billedviser?bsid=79676#79676,13590486\" target=\"_blank\" rel=\"noreferrer noopener nofollow\">FT 1921<\/a><\/strong>.<strong> <\/strong>H\u00f8nsinge, <a href=\"https:\/\/greiersen.dk\/g-wiki\/vig-sogn\/\" target=\"_blank\" rel=\"noreferrer noopener nofollow\">Vig sogn<\/a>, Holb\u00e6k amt. <em>Husfader, Husmoder og b\u00f8rn. <\/em><\/td><\/tr><tr><td style=\"width:70px;text-align:center;background-color:#ededef;border-color:#84848f;vertical-align:top\"><\/td><td style=\"width:30px;text-align:center;background-color:#ededef;border-color:#84848f;vertical-align:top\"><\/td><td style=\"background-color:#ededef;border-color:#84848f;vertical-align:top\"><\/td><\/tr><tr><td style=\"width:70px;text-align:center;vertical-align:top\"><strong>1925<\/strong><br><sup>10 \u00e5r<\/sup><\/td><td style=\"width:30px;text-align:center;vertical-align:top\"><mark style=\"background-color:rgba(0, 0, 0, 0)\" class=\"has-inline-color has-tertiary-color\">\u25cf<\/mark><\/td><td style=\"vertical-align:top\"><strong><a href=\"https:\/\/arkivalieronline.rigsarkivet.dk\/da\/billedviser?bsid=92583#92583,15350889\" target=\"_blank\" rel=\"noreferrer noopener nofollow\">FT 1925<\/a><\/strong>.<strong> <\/strong>H\u00f8nsinge, <a href=\"https:\/\/greiersen.dk\/g-wiki\/vig-sogn\/\" target=\"_blank\" rel=\"noreferrer noopener nofollow\">Vig sogn<\/a>, Holb\u00e6k amt. <em>Husfader, Landmand. Husmoder og b\u00f8rn. <\/em><\/td><\/tr><tr><td style=\"width:70px;text-align:center;background-color:#ededef;border-color:#84848f;vertical-align:top\"><\/td><td style=\"width:30px;text-align:center;background-color:#ededef;border-color:#84848f;vertical-align:top\"><\/td><td style=\"background-color:#ededef;border-color:#84848f;vertical-align:top\"><\/td><\/tr><tr><td style=\"width:70px;text-align:center;vertical-align:top\"><strong>1929<\/strong><br><sup>14 \u00e5r<\/sup><\/td><td style=\"width:30px;text-align:center;vertical-align:top\"><mark style=\"background-color:rgba(0, 0, 0, 0)\" class=\"has-inline-color has-tertiary-color\">\u25cf<\/mark><\/td><td style=\"vertical-align:top\"><strong><a href=\"https:\/\/arkivalieronline.rigsarkivet.dk\/da\/billedviser?epid=17116230#151968,25278584\" target=\"_blank\" rel=\"noreferrer noopener\">Konfirmeret<\/a><\/strong> den 6. oktober 1929. <a href=\"https:\/\/greiersen.dk\/g-wiki\/hoejby-sogn\/\" target=\"_blank\" rel=\"noreferrer noopener nofollow\">H\u00f8jby kirke<\/a>, Holb\u00e6k amt.<br>Bop\u00e6l, Ellinge mark.<\/td><\/tr><tr><td style=\"width:70px;text-align:center;background-color:#ededef;border-color:#84848f;vertical-align:top\"><\/td><td style=\"width:30px;text-align:center;background-color:#ededef;border-color:#84848f;vertical-align:top\"><\/td><td style=\"background-color:#ededef;border-color:#84848f;vertical-align:top\"><\/td><\/tr><tr><td style=\"width:70px;text-align:center;vertical-align:top\"><strong>1930<\/strong><br><sup>15 \u00e5r<\/sup><\/td><td style=\"width:30px;text-align:center;vertical-align:top\"><mark style=\"background-color:rgba(0, 0, 0, 0)\" class=\"has-inline-color has-tertiary-color\">\u25cf<\/mark><\/td><td style=\"vertical-align:top\"><strong><a href=\"https:\/\/arkivalieronline.rigsarkivet.dk\/da\/billedviser?bsid=103043#103043,16276581\" target=\"_blank\" rel=\"noreferrer noopener\">FT 1930<\/a><\/strong>. H\u00f8nsinge, <a href=\"https:\/\/greiersen.dk\/g-wiki\/vig-sogn\/\" target=\"_blank\" rel=\"noreferrer noopener nofollow\">Vig sogn<\/a>, Holb\u00e6k amt. <em>Elev hos Gartner Lars Peder Fr\u00f8slev Pedersen, Vig Planteskole<\/em>, <em>M\u00f8llevej 19, 4560 Vig. <\/em> <\/td><\/tr><tr><td style=\"width:70px;text-align:center;background-color:#ededef;border-color:#84848f;vertical-align:top\"><\/td><td style=\"width:30px;text-align:center;background-color:#ededef;border-color:#84848f;vertical-align:top\"><\/td><td style=\"background-color:#ededef;border-color:#84848f;vertical-align:top\"><\/td><\/tr><\/tbody><\/table><\/figure>\n\n\n\n<h4 class=\"wp-block-heading\">Fakta tidslinje &#8211; gift<\/h4>\n\n\n\n<figure class=\"wp-block-flexible-table-block-table\"><table class=\"has-fixed-layout\"><tbody><tr><td style=\"width:70px;background-color:#ededef;border-color:#84848f;text-align:center;vertical-align:top\"><\/td><td style=\"width:30px;background-color:#ededef;border-color:#84848f;text-align:center;vertical-align:top\"><\/td><td style=\"background-color:#ededef;border-color:#84848f;vertical-align:top\"><\/td><\/tr><tr><td rowspan=\"4\" style=\"width:70px;text-align:center;vertical-align:top\"><strong>1935<\/strong><br><sup>20 \u00e5r<\/sup><\/td><td style=\"width:30px;text-align:center;vertical-align:top\"><mark style=\"background-color:rgba(0, 0, 0, 0)\" class=\"has-inline-color has-tertiary-color\">\u25cf<\/mark><\/td><td style=\"vertical-align:top;background-color:#c3edfb\"><strong><a href=\"https:\/\/arkivalieronline.rigsarkivet.dk\/da\/billedviser?epid=17117786#154702,25813503\" target=\"_blank\" rel=\"noreferrer noopener\">Barn<\/a><\/strong> f\u00f8dt den 7. august 1835. <a href=\"https:\/\/greiersen.dk\/g-wiki\/rigshospitalet-koebenhavn\/\" target=\"_blank\" rel=\"noreferrer noopener\">Rigshospitalet<\/a>, K\u00f8benhavn. 1013B Henning Klestrup Pedersen.<\/td><\/tr><tr><td><\/td><td style=\"font-size:16px\">Moder: f\u00f8dt i Oppe Sundby sogn, Karla Dorthea Jensen (indf. 16\/6-80)<br>og b. f. (barnefader) gartner Svend Arthur Pedersen f. 17\/5 -15<\/td><\/tr><tr><td><\/td><td style=\"background-color:#fafafa\"><a href=\"https:\/\/arkivalieronline.rigsarkivet.dk\/da\/billedviser?epid=17116230#151969,25278801\" target=\"_blank\" rel=\"noreferrer noopener\">D\u00f8bt<\/a> den 1. september 1935. <a href=\"https:\/\/greiersen.dk\/g-wiki\/hoejby-sogn\/\" target=\"_blank\" rel=\"noreferrer noopener nofollow\">H\u00f8jby kirke<\/a>, Holb\u00e6k amt. <\/td><\/tr><tr><td><\/td><td style=\"font-size:16px;background-color:#fafafa\">Moderen Nr. 1020B Karla Dorthea Jensen, f. 4\/9-11, Ellinge Kongepart og Gartner Svend Arthur Pedersen, f. 17\/5-15, Ellinge Kongepart. I erkl\u00e6ring af 29(-35 har for\u00e6ldrene vedkendt sig barnet som deres f\u00e6llesbarn og beg\u00e6ret det d\u00f8bt med faderens efternavn. <\/td><\/tr><tr><td style=\"width:70px;text-align:center;background-color:#ededef;border-color:#84848f;vertical-align:top\"><\/td><td style=\"width:30px;text-align:center;background-color:#ededef;border-color:#84848f;vertical-align:top\"><\/td><td style=\"background-color:#ededef;border-color:#84848f;vertical-align:top\"><\/td><\/tr><tr><td rowspan=\"2\" style=\"width:70px;text-align:center;vertical-align:top\"><strong>1936<\/strong><br><sup>21 \u00e5r<\/sup><\/td><td style=\"width:30px;text-align:center;vertical-align:top\"><mark style=\"background-color:rgba(0, 0, 0, 0)\" class=\"has-inline-color has-tertiary-color\"><mark style=\"background-color:rgba(0, 0, 0, 0);color:#f80404\" class=\"has-inline-color\">\u2764<\/mark><\/mark><\/td><td style=\"vertical-align:top\"><strong><a href=\"https:\/\/arkivalieronline.rigsarkivet.dk\/da\/billedviser?epid=17116230#151969,25279017\" target=\"_blank\" rel=\"noreferrer noopener\"><abbr class='c2c-text-hover' title='Gift. Indg\u00e5 \u00e6gteskab mellem to personer ved en kirkelig ceremoni.'>Viet<\/abbr><\/a><\/strong> den 24. maj 1936. <a href=\"https:\/\/greiersen.dk\/g-wiki\/hoejby-sogn\/\" target=\"_blank\" rel=\"noreferrer noopener nofollow\">H\u00f8jby kirke<\/a>, Holb\u00e6k amt. <em>Med Karla Dorthea Jensen<\/em>.<\/td><\/tr><tr><td><\/td><td style=\"font-size:16px\">Ungkarl, Gartner Svend Arthur Pedersen, Ellinge Mark, H\u00f8jby sogn, f\u00f8dt i Vig sogn, Holb\u00e6k amt, 17. maj 1915, s\u00f8n af Arbejdsmand Olaf Valdemar Pedersen og hustru Martha Marie f. Pedersen, Ellinge Mark. <br>Pige, Husassistent Karla Dortea Jensen, Ellinge Mark, H\u00f8jby sogn, f\u00f8dt i Oppesundby sogn, Frederiksborg amt, 4. september 1911. Datter af g\u00e5rdejer Maads Hansen Jensen og hustru Dorother, f. Klestrup, Helsing\u00f8r.<\/td><\/tr><tr><td style=\"width:70px;text-align:center;background-color:#ededef;border-color:#84848f;vertical-align:top\"><\/td><td style=\"width:30px;text-align:center;background-color:#ededef;border-color:#84848f;vertical-align:top\"><\/td><td style=\"background-color:#ededef;border-color:#84848f;vertical-align:top\"><\/td><\/tr><tr><td rowspan=\"2\" style=\"width:70px;text-align:center;vertical-align:top\"><strong>1940<\/strong><br><sup>25 \u00e5r<\/sup><\/td><td style=\"width:30px;text-align:center;vertical-align:top\"><mark style=\"background-color:rgba(0, 0, 0, 0)\" class=\"has-inline-color has-tertiary-color\">\u25cf<\/mark><\/td><td style=\"vertical-align:top\"><strong><a href=\"https:\/\/arkivalieronline.rigsarkivet.dk\/da\/billedviser?bsid=229348#229348,43441616\" target=\"_blank\" rel=\"noreferrer noopener\">FT 1940<\/a><\/strong>. <a href=\"https:\/\/greiersen.dk\/g-wiki\/hoejby-sogn\/\" target=\"_blank\" rel=\"noreferrer noopener nofollow\">H\u00f8jby sogn<\/a>, Holb\u00e6k amt. <em>Husfader, Gartner, Gartneri. Husmoder og barn. <\/em><\/td><\/tr><tr><td><\/td><td style=\"font-size:16px\">Stenstrupvej, H\u00f8jby.<\/td><\/tr><tr><td style=\"width:70px;text-align:center;background-color:#ededef;border-color:#84848f;vertical-align:top\"><\/td><td style=\"width:30px;text-align:center;background-color:#ededef;border-color:#84848f;vertical-align:top\"><\/td><td style=\"background-color:#ededef;border-color:#84848f;vertical-align:top\"><\/td><\/tr><\/tbody><\/table><\/figure>\n\n\n\n<h4 class=\"wp-block-heading\">Fakta tidslinje &#8211; d\u00f8d<\/h4>\n\n\n\n<figure class=\"wp-block-flexible-table-block-table\"><table class=\"has-fixed-layout\"><tbody><tr><td style=\"width:70px;background-color:#ededef;border-color:#84848f;text-align:center;vertical-align:top\"><\/td><td style=\"width:30px;background-color:#ededef;border-color:#84848f;text-align:center;vertical-align:top\"><\/td><td style=\"background-color:#ededef;border-color:#84848f;vertical-align:top\"><\/td><\/tr><tr><td rowspan=\"3\" style=\"width:70px;text-align:center;vertical-align:top\"><strong>1986<\/strong><br><sup>70 \u00e5r<\/sup><\/td><td style=\"width:30px;text-align:center;vertical-align:top\">\u25cf<\/td><td style=\"vertical-align:top\"><strong>D\u00f8d<\/strong> den 3. februar 1986. Stenstrupvej 14, H\u00f8jby, Holb\u00e6k amt. <\/td><\/tr><tr><td style=\"width:30px;text-align:center;background-color:#ededef;border-color:#84848f;vertical-align:top\"><\/td><td style=\"background-color:#ededef;border-color:#84848f;vertical-align:top\"><\/td><\/tr><tr><td style=\"width:30px;text-align:center;vertical-align:top\">\u25cf<\/td><td style=\"vertical-align:top\"><strong>Begravet<\/strong> den 8. februar 1986. <a href=\"https:\/\/greiersen.dk\/g-wiki\/hoejby-sogn\/\" target=\"_blank\" rel=\"noreferrer noopener nofollow\">H\u00f8jby kirkeg\u00e5rd<\/a>, Holb\u00e6k amt. <\/td><\/tr><tr><td style=\"width:70px;text-align:center;background-color:#ededef;border-color:#84848f;vertical-align:top\"><\/td><td style=\"width:30px;text-align:center;background-color:#ededef;border-color:#84848f;vertical-align:top\"><\/td><td style=\"background-color:#ededef;border-color:#84848f;vertical-align:top\"><\/td><\/tr><\/tbody><\/table><\/figure>\n\n\n\n<h4 class=\"wp-block-heading\">Globale begivenheder<\/h4>\n\n\n\n<p class=\"has-light-gray-background-color has-background has-small-font-size\">I l\u00f8bet af Svend Arthur Pedersens levetid skete der mange vigtige begivenheder b\u00e5de i Danmark og i verden. Nogle af dem var:<br>Kvindernes valgret i Danmark i 1915, som gav kvinderne ret til at stemme ved Rigsdagsvalg.<br>F\u00f8rste Verdenskrig fra 1914 til 1918, som Danmark var neutral i, men som p\u00e5virkede landets \u00f8konomi og handel.<br>Anden Verdenskrig fra 1939 til 1945, som Danmark var besat af Tyskland i fra 1940 til 1945. Mange danskere deltog i modstandsbev\u00e6gelsen og hjalp j\u00f8derne med at flygte til Sverige.<br>Den kolde krig fra 1947 til 1991, som var en periode med sp\u00e6nding og konflikt mellem USA og Sovjetunionen og deres allierede. Danmark var medlem af NATO og st\u00f8ttede USA\u2019s politik.<br>Den danske velf\u00e6rdsstat, som blev udbygget i efterkrigstiden med sociale reformer, offentlig sundhed, uddannelse og kultur. Danmark blev et af de mest lige og lykkelige lande i verden.<br>Den europ\u00e6iske integration, som Danmark blev en del af i 1973, da landet blev medlem af EF (senere EU). Danmark har dog forbehold over for visse omr\u00e5der som euroen, forsvar og retspolitik.<\/p>\n\n\n\n<h4 class=\"wp-block-heading\">Billede<\/h4>\n\n\n\n<figure class=\"wp-block-image size-large\"><a href=\"https:\/\/greiersen.dk\/egekilde\/wp-content\/uploads\/2026\/02\/799078IMG_20230322_0110.jpg\"><img decoding=\"async\" src=\"https:\/\/greiersen.dk\/egekilde\/wp-content\/uploads\/2026\/02\/799078IMG_20230322_0110.jpg\" alt=\"\"\/><\/a><figcaption class=\"wp-element-caption\"><em>Marta Marie og Olaf p\u00e5 deres bryllupsdag i 1964, billedet er taget i deres dagligstue sammen med deres b\u00f8rn. Bagerst fra venstre st\u00e5r Holger Pedersen, Svend Arthur, Helge Sigfred og Sigrid Agnete. Sidende p\u00e5 arml\u00e6n er Erna Magdalene og Herl\u00f8v Sigurt.<\/em><\/figcaption><\/figure>\n\n\n\n<h4 class=\"wp-block-heading\">Udklip<\/h4>\n\n\n\n<div class=\"wp-block-columns is-layout-flex wp-container-core-columns-is-layout-9d6595d7 wp-block-columns-is-layout-flex\">\n<div class=\"wp-block-column is-layout-flow wp-block-column-is-layout-flow\">\n<figure class=\"wp-block-image alignwide size-large\"><a href=\"https:\/\/greiersen.dk\/egekilde\/wp-content\/uploads\/2026\/02\/818417Svend-Petersen-1915-1986-doedsannoncen-742x1024.jpg\"><img decoding=\"async\" src=\"https:\/\/greiersen.dk\/egekilde\/wp-content\/uploads\/2026\/02\/818417Svend-Petersen-1915-1986-doedsannoncen-742x1024.jpg\" alt=\"\"\/><\/a><\/figure>\n\n\n\n<figure class=\"wp-block-image size-large\"><a href=\"https:\/\/greiersen.dk\/egekilde\/wp-content\/uploads\/2026\/02\/820669PICT0836.jpeg\"><img decoding=\"async\" src=\"https:\/\/greiersen.dk\/egekilde\/wp-content\/uploads\/2026\/02\/820669PICT0836.jpeg\" alt=\"\"\/><\/a><figcaption class=\"wp-element-caption\">Svend Arthur Petersen 1915 &#8211; 1986<br>Karla Dorthea Petersen 1911 &#8211; 1992<\/figcaption><\/figure>\n<\/div>\n\n\n\n<div class=\"wp-block-column is-layout-flow wp-block-column-is-layout-flow\">\n<figure class=\"wp-block-image alignwide size-large\"><a href=\"https:\/\/greiersen.dk\/egekilde\/wp-content\/uploads\/2026\/02\/818416Svend-Petersen-1915-1985-avisudklip-322x1024.jpg\"><img decoding=\"async\" src=\"https:\/\/greiersen.dk\/egekilde\/wp-content\/uploads\/2026\/02\/818416Svend-Petersen-1915-1985-avisudklip-322x1024.jpg\" alt=\"\"\/><\/a><\/figure>\n<\/div>\n<\/div>\n","protected":false},"excerpt":{"rendered":"<p>Karolines mormors storebror &#8211; 70 \u00e5rMormors brorGartner Svend Arthur Pedersen var en gartner, der levede fra 1915 til 1986. Han blev f\u00f8dt p\u00e5 Vig Lyng [&#8230;]<\/p>\n","protected":false},"author":1,"featured_media":0,"comment_status":"open","ping_status":"open","sticky":false,"template":"","format":"standard","meta":{"footnotes":""},"categories":[4],"tags":[252,253,18,254,22,21,251,250,9],"class_list":["post-6921","post","type-post","status-publish","format-standard","hentry","category-karolines-aner","tag-gartner","tag-henning-klestrup-pedersen-1935","tag-hoejby-sogn","tag-karla-dorthea-jensen-1911-1992","tag-marta-marie-petersen-1896-1982","tag-olaf-valdemar-pedersen-1890-1976","tag-rigshospitalet","tag-svend-arthur-petersen-1915-1986","tag-vig-sogn"],"yoast_head":"<!-- This site is optimized with the Yoast SEO plugin v27.5 - https:\/\/yoast.com\/product\/yoast-seo-wordpress\/ -->\n<title>Svend Arthur Pedersen 1915 - 1986 - Egekilde aner<\/title>\n<meta name=\"description\" content=\"Svend Arthur Pedersen. F\u00f8dt den 17. maj 1915. Vig Lyng, Vig sogn, Holb\u00e6k amt. D\u00f8d den 3. februar 1986. Stenstrupvej 14, H\u00f8jby, Holb\u00e6k amt.\" \/>\n<meta name=\"robots\" content=\"index, follow, max-snippet:-1, max-image-preview:large, max-video-preview:-1\" \/>\n<link rel=\"canonical\" href=\"https:\/\/greiersen.dk\/egekilde\/svend-arthur-pedersen-1915-1986\/\" \/>\n<meta property=\"og:locale\" content=\"da_DK\" \/>\n<meta property=\"og:type\" content=\"article\" \/>\n<meta property=\"og:title\" content=\"Svend Arthur Pedersen 1915 - 1986 - Egekilde aner\" \/>\n<meta property=\"og:description\" content=\"Svend Arthur Pedersen. F\u00f8dt den 17. maj 1915. Vig Lyng, Vig sogn, Holb\u00e6k amt. D\u00f8d den 3. februar 1986. Stenstrupvej 14, H\u00f8jby, Holb\u00e6k amt.\" \/>\n<meta property=\"og:url\" content=\"https:\/\/greiersen.dk\/egekilde\/svend-arthur-pedersen-1915-1986\/\" \/>\n<meta property=\"og:site_name\" content=\"Egekilde aner\" \/>\n<meta property=\"article:published_time\" content=\"2024-03-01T08:58:33+00:00\" \/>\n<meta property=\"article:modified_time\" content=\"2026-02-04T18:09:52+00:00\" \/>\n<meta property=\"og:image\" content=\"https:\/\/greiersen.dk\/egekilde\/egekilde\/wp-content\/uploads\/2026\/02\/90206627-220c-453b-813a-9aef33cda7f2.jpg\" \/>\n<meta name=\"author\" content=\"admin\" \/>\n<meta name=\"twitter:card\" content=\"summary_large_image\" \/>\n<meta name=\"twitter:label1\" content=\"Skrevet af\" \/>\n\t<meta name=\"twitter:data1\" content=\"admin\" \/>\n\t<meta name=\"twitter:label2\" content=\"Estimeret l\u00e6setid\" \/>\n\t<meta name=\"twitter:data2\" content=\"6 minutter\" \/>\n<script type=\"application\/ld+json\" class=\"yoast-schema-graph\">{\"@context\":\"https:\\\/\\\/schema.org\",\"@graph\":[{\"@type\":\"Article\",\"@id\":\"https:\\\/\\\/greiersen.dk\\\/egekilde\\\/svend-arthur-pedersen-1915-1986\\\/#article\",\"isPartOf\":{\"@id\":\"https:\\\/\\\/greiersen.dk\\\/egekilde\\\/svend-arthur-pedersen-1915-1986\\\/\"},\"author\":{\"name\":\"admin\",\"@id\":\"https:\\\/\\\/greiersen.dk\\\/egekilde\\\/#\\\/schema\\\/person\\\/ca47c2106addf58e871929ccc24106eb\"},\"headline\":\"Svend Arthur Pedersen 1915 &#8211; 1986\",\"datePublished\":\"2024-03-01T08:58:33+00:00\",\"dateModified\":\"2026-02-04T18:09:52+00:00\",\"mainEntityOfPage\":{\"@id\":\"https:\\\/\\\/greiersen.dk\\\/egekilde\\\/svend-arthur-pedersen-1915-1986\\\/\"},\"wordCount\":781,\"commentCount\":0,\"publisher\":{\"@id\":\"https:\\\/\\\/greiersen.dk\\\/egekilde\\\/#\\\/schema\\\/person\\\/ca47c2106addf58e871929ccc24106eb\"},\"image\":{\"@id\":\"https:\\\/\\\/greiersen.dk\\\/egekilde\\\/svend-arthur-pedersen-1915-1986\\\/#primaryimage\"},\"thumbnailUrl\":\"https:\\\/\\\/greiersen.dk\\\/egekilde\\\/wp-content\\\/uploads\\\/2026\\\/02\\\/90206627-220c-453b-813a-9aef33cda7f2.jpg\",\"keywords\":[\"Gartner\",\"Henning Klestrup Pedersen 1935\",\"H\u00f8jby sogn\",\"Karla Dorthea Jensen 1911 - 1992\",\"Marta Marie Petersen 1896-1982\",\"Olaf Valdemar Pedersen 1890-1976\",\"Rigshospitalet\",\"Svend Arthur Petersen 1915 - 1986\",\"Vig sogn\"],\"articleSection\":[\"Karolines aner\"],\"inLanguage\":\"da-DK\",\"potentialAction\":[{\"@type\":\"CommentAction\",\"name\":\"Comment\",\"target\":[\"https:\\\/\\\/greiersen.dk\\\/egekilde\\\/svend-arthur-pedersen-1915-1986\\\/#respond\"]}]},{\"@type\":\"WebPage\",\"@id\":\"https:\\\/\\\/greiersen.dk\\\/egekilde\\\/svend-arthur-pedersen-1915-1986\\\/\",\"url\":\"https:\\\/\\\/greiersen.dk\\\/egekilde\\\/svend-arthur-pedersen-1915-1986\\\/\",\"name\":\"Svend Arthur Pedersen 1915 - 1986 - Egekilde aner\",\"isPartOf\":{\"@id\":\"https:\\\/\\\/greiersen.dk\\\/egekilde\\\/#website\"},\"primaryImageOfPage\":{\"@id\":\"https:\\\/\\\/greiersen.dk\\\/egekilde\\\/svend-arthur-pedersen-1915-1986\\\/#primaryimage\"},\"image\":{\"@id\":\"https:\\\/\\\/greiersen.dk\\\/egekilde\\\/svend-arthur-pedersen-1915-1986\\\/#primaryimage\"},\"thumbnailUrl\":\"https:\\\/\\\/greiersen.dk\\\/egekilde\\\/wp-content\\\/uploads\\\/2026\\\/02\\\/90206627-220c-453b-813a-9aef33cda7f2.jpg\",\"datePublished\":\"2024-03-01T08:58:33+00:00\",\"dateModified\":\"2026-02-04T18:09:52+00:00\",\"description\":\"Svend Arthur Pedersen. F\u00f8dt den 17. maj 1915. Vig Lyng, Vig sogn, Holb\u00e6k amt. D\u00f8d den 3. februar 1986. Stenstrupvej 14, H\u00f8jby, Holb\u00e6k amt.\",\"breadcrumb\":{\"@id\":\"https:\\\/\\\/greiersen.dk\\\/egekilde\\\/svend-arthur-pedersen-1915-1986\\\/#breadcrumb\"},\"inLanguage\":\"da-DK\",\"potentialAction\":[{\"@type\":\"ReadAction\",\"target\":[\"https:\\\/\\\/greiersen.dk\\\/egekilde\\\/svend-arthur-pedersen-1915-1986\\\/\"]}]},{\"@type\":\"ImageObject\",\"inLanguage\":\"da-DK\",\"@id\":\"https:\\\/\\\/greiersen.dk\\\/egekilde\\\/svend-arthur-pedersen-1915-1986\\\/#primaryimage\",\"url\":\"https:\\\/\\\/greiersen.dk\\\/egekilde\\\/wp-content\\\/uploads\\\/2026\\\/02\\\/90206627-220c-453b-813a-9aef33cda7f2.jpg\",\"contentUrl\":\"https:\\\/\\\/greiersen.dk\\\/egekilde\\\/wp-content\\\/uploads\\\/2026\\\/02\\\/90206627-220c-453b-813a-9aef33cda7f2.jpg\",\"width\":223,\"height\":223},{\"@type\":\"BreadcrumbList\",\"@id\":\"https:\\\/\\\/greiersen.dk\\\/egekilde\\\/svend-arthur-pedersen-1915-1986\\\/#breadcrumb\",\"itemListElement\":[{\"@type\":\"ListItem\",\"position\":1,\"name\":\"Hjem\",\"item\":\"https:\\\/\\\/greiersen.dk\\\/egekilde\\\/\"},{\"@type\":\"ListItem\",\"position\":2,\"name\":\"Svend Arthur Pedersen 1915 &#8211; 1986\"}]},{\"@type\":\"WebSite\",\"@id\":\"https:\\\/\\\/greiersen.dk\\\/egekilde\\\/#website\",\"url\":\"https:\\\/\\\/greiersen.dk\\\/egekilde\\\/\",\"name\":\"Egekilde aner\",\"description\":\"Jensen, Madsen og Nielsen i Odsherred\",\"publisher\":{\"@id\":\"https:\\\/\\\/greiersen.dk\\\/egekilde\\\/#\\\/schema\\\/person\\\/ca47c2106addf58e871929ccc24106eb\"},\"potentialAction\":[{\"@type\":\"SearchAction\",\"target\":{\"@type\":\"EntryPoint\",\"urlTemplate\":\"https:\\\/\\\/greiersen.dk\\\/egekilde\\\/?s={search_term_string}\"},\"query-input\":{\"@type\":\"PropertyValueSpecification\",\"valueRequired\":true,\"valueName\":\"search_term_string\"}}],\"inLanguage\":\"da-DK\"},{\"@type\":[\"Person\",\"Organization\"],\"@id\":\"https:\\\/\\\/greiersen.dk\\\/egekilde\\\/#\\\/schema\\\/person\\\/ca47c2106addf58e871929ccc24106eb\",\"name\":\"admin\",\"image\":{\"@type\":\"ImageObject\",\"inLanguage\":\"da-DK\",\"@id\":\"https:\\\/\\\/greiersen.dk\\\/egekilde\\\/wp-content\\\/uploads\\\/2022\\\/05\\\/Jeppe-Mads-Jepsen-1887-1948-og-Inger-Katrine-Margrethe-Jepsen-f-Kristensen-1888-1858-scaled.jpg\",\"url\":\"https:\\\/\\\/greiersen.dk\\\/egekilde\\\/wp-content\\\/uploads\\\/2022\\\/05\\\/Jeppe-Mads-Jepsen-1887-1948-og-Inger-Katrine-Margrethe-Jepsen-f-Kristensen-1888-1858-scaled.jpg\",\"contentUrl\":\"https:\\\/\\\/greiersen.dk\\\/egekilde\\\/wp-content\\\/uploads\\\/2022\\\/05\\\/Jeppe-Mads-Jepsen-1887-1948-og-Inger-Katrine-Margrethe-Jepsen-f-Kristensen-1888-1858-scaled.jpg\",\"width\":2560,\"height\":1925,\"caption\":\"admin\"},\"logo\":{\"@id\":\"https:\\\/\\\/greiersen.dk\\\/egekilde\\\/wp-content\\\/uploads\\\/2022\\\/05\\\/Jeppe-Mads-Jepsen-1887-1948-og-Inger-Katrine-Margrethe-Jepsen-f-Kristensen-1888-1858-scaled.jpg\"},\"sameAs\":[\"https:\\\/\\\/greiersen.dk\\\/egekilde\"],\"url\":\"https:\\\/\\\/greiersen.dk\\\/egekilde\\\/author\\\/admin\\\/\"}]}<\/script>\n<!-- \/ Yoast SEO plugin. -->","yoast_head_json":{"title":"Svend Arthur Pedersen 1915 - 1986 - Egekilde aner","description":"Svend Arthur Pedersen. F\u00f8dt den 17. maj 1915. Vig Lyng, Vig sogn, Holb\u00e6k amt. D\u00f8d den 3. februar 1986. Stenstrupvej 14, H\u00f8jby, Holb\u00e6k amt.","robots":{"index":"index","follow":"follow","max-snippet":"max-snippet:-1","max-image-preview":"max-image-preview:large","max-video-preview":"max-video-preview:-1"},"canonical":"https:\/\/greiersen.dk\/egekilde\/svend-arthur-pedersen-1915-1986\/","og_locale":"da_DK","og_type":"article","og_title":"Svend Arthur Pedersen 1915 - 1986 - Egekilde aner","og_description":"Svend Arthur Pedersen. F\u00f8dt den 17. maj 1915. Vig Lyng, Vig sogn, Holb\u00e6k amt. D\u00f8d den 3. februar 1986. Stenstrupvej 14, H\u00f8jby, Holb\u00e6k amt.","og_url":"https:\/\/greiersen.dk\/egekilde\/svend-arthur-pedersen-1915-1986\/","og_site_name":"Egekilde aner","article_published_time":"2024-03-01T08:58:33+00:00","article_modified_time":"2026-02-04T18:09:52+00:00","og_image":[{"url":"https:\/\/greiersen.dk\/egekilde\/egekilde\/wp-content\/uploads\/2026\/02\/90206627-220c-453b-813a-9aef33cda7f2.jpg","type":"","width":"","height":""}],"author":"admin","twitter_card":"summary_large_image","twitter_misc":{"Skrevet af":"admin","Estimeret l\u00e6setid":"6 minutter"},"schema":{"@context":"https:\/\/schema.org","@graph":[{"@type":"Article","@id":"https:\/\/greiersen.dk\/egekilde\/svend-arthur-pedersen-1915-1986\/#article","isPartOf":{"@id":"https:\/\/greiersen.dk\/egekilde\/svend-arthur-pedersen-1915-1986\/"},"author":{"name":"admin","@id":"https:\/\/greiersen.dk\/egekilde\/#\/schema\/person\/ca47c2106addf58e871929ccc24106eb"},"headline":"Svend Arthur Pedersen 1915 &#8211; 1986","datePublished":"2024-03-01T08:58:33+00:00","dateModified":"2026-02-04T18:09:52+00:00","mainEntityOfPage":{"@id":"https:\/\/greiersen.dk\/egekilde\/svend-arthur-pedersen-1915-1986\/"},"wordCount":781,"commentCount":0,"publisher":{"@id":"https:\/\/greiersen.dk\/egekilde\/#\/schema\/person\/ca47c2106addf58e871929ccc24106eb"},"image":{"@id":"https:\/\/greiersen.dk\/egekilde\/svend-arthur-pedersen-1915-1986\/#primaryimage"},"thumbnailUrl":"https:\/\/greiersen.dk\/egekilde\/wp-content\/uploads\/2026\/02\/90206627-220c-453b-813a-9aef33cda7f2.jpg","keywords":["Gartner","Henning Klestrup Pedersen 1935","H\u00f8jby sogn","Karla Dorthea Jensen 1911 - 1992","Marta Marie Petersen 1896-1982","Olaf Valdemar Pedersen 1890-1976","Rigshospitalet","Svend Arthur Petersen 1915 - 1986","Vig sogn"],"articleSection":["Karolines aner"],"inLanguage":"da-DK","potentialAction":[{"@type":"CommentAction","name":"Comment","target":["https:\/\/greiersen.dk\/egekilde\/svend-arthur-pedersen-1915-1986\/#respond"]}]},{"@type":"WebPage","@id":"https:\/\/greiersen.dk\/egekilde\/svend-arthur-pedersen-1915-1986\/","url":"https:\/\/greiersen.dk\/egekilde\/svend-arthur-pedersen-1915-1986\/","name":"Svend Arthur Pedersen 1915 - 1986 - Egekilde aner","isPartOf":{"@id":"https:\/\/greiersen.dk\/egekilde\/#website"},"primaryImageOfPage":{"@id":"https:\/\/greiersen.dk\/egekilde\/svend-arthur-pedersen-1915-1986\/#primaryimage"},"image":{"@id":"https:\/\/greiersen.dk\/egekilde\/svend-arthur-pedersen-1915-1986\/#primaryimage"},"thumbnailUrl":"https:\/\/greiersen.dk\/egekilde\/wp-content\/uploads\/2026\/02\/90206627-220c-453b-813a-9aef33cda7f2.jpg","datePublished":"2024-03-01T08:58:33+00:00","dateModified":"2026-02-04T18:09:52+00:00","description":"Svend Arthur Pedersen. F\u00f8dt den 17. maj 1915. Vig Lyng, Vig sogn, Holb\u00e6k amt. D\u00f8d den 3. februar 1986. Stenstrupvej 14, H\u00f8jby, Holb\u00e6k amt.","breadcrumb":{"@id":"https:\/\/greiersen.dk\/egekilde\/svend-arthur-pedersen-1915-1986\/#breadcrumb"},"inLanguage":"da-DK","potentialAction":[{"@type":"ReadAction","target":["https:\/\/greiersen.dk\/egekilde\/svend-arthur-pedersen-1915-1986\/"]}]},{"@type":"ImageObject","inLanguage":"da-DK","@id":"https:\/\/greiersen.dk\/egekilde\/svend-arthur-pedersen-1915-1986\/#primaryimage","url":"https:\/\/greiersen.dk\/egekilde\/wp-content\/uploads\/2026\/02\/90206627-220c-453b-813a-9aef33cda7f2.jpg","contentUrl":"https:\/\/greiersen.dk\/egekilde\/wp-content\/uploads\/2026\/02\/90206627-220c-453b-813a-9aef33cda7f2.jpg","width":223,"height":223},{"@type":"BreadcrumbList","@id":"https:\/\/greiersen.dk\/egekilde\/svend-arthur-pedersen-1915-1986\/#breadcrumb","itemListElement":[{"@type":"ListItem","position":1,"name":"Hjem","item":"https:\/\/greiersen.dk\/egekilde\/"},{"@type":"ListItem","position":2,"name":"Svend Arthur Pedersen 1915 &#8211; 1986"}]},{"@type":"WebSite","@id":"https:\/\/greiersen.dk\/egekilde\/#website","url":"https:\/\/greiersen.dk\/egekilde\/","name":"Egekilde aner","description":"Jensen, Madsen og Nielsen i Odsherred","publisher":{"@id":"https:\/\/greiersen.dk\/egekilde\/#\/schema\/person\/ca47c2106addf58e871929ccc24106eb"},"potentialAction":[{"@type":"SearchAction","target":{"@type":"EntryPoint","urlTemplate":"https:\/\/greiersen.dk\/egekilde\/?s={search_term_string}"},"query-input":{"@type":"PropertyValueSpecification","valueRequired":true,"valueName":"search_term_string"}}],"inLanguage":"da-DK"},{"@type":["Person","Organization"],"@id":"https:\/\/greiersen.dk\/egekilde\/#\/schema\/person\/ca47c2106addf58e871929ccc24106eb","name":"admin","image":{"@type":"ImageObject","inLanguage":"da-DK","@id":"https:\/\/greiersen.dk\/egekilde\/wp-content\/uploads\/2022\/05\/Jeppe-Mads-Jepsen-1887-1948-og-Inger-Katrine-Margrethe-Jepsen-f-Kristensen-1888-1858-scaled.jpg","url":"https:\/\/greiersen.dk\/egekilde\/wp-content\/uploads\/2022\/05\/Jeppe-Mads-Jepsen-1887-1948-og-Inger-Katrine-Margrethe-Jepsen-f-Kristensen-1888-1858-scaled.jpg","contentUrl":"https:\/\/greiersen.dk\/egekilde\/wp-content\/uploads\/2022\/05\/Jeppe-Mads-Jepsen-1887-1948-og-Inger-Katrine-Margrethe-Jepsen-f-Kristensen-1888-1858-scaled.jpg","width":2560,"height":1925,"caption":"admin"},"logo":{"@id":"https:\/\/greiersen.dk\/egekilde\/wp-content\/uploads\/2022\/05\/Jeppe-Mads-Jepsen-1887-1948-og-Inger-Katrine-Margrethe-Jepsen-f-Kristensen-1888-1858-scaled.jpg"},"sameAs":["https:\/\/greiersen.dk\/egekilde"],"url":"https:\/\/greiersen.dk\/egekilde\/author\/admin\/"}]}},"_links":{"self":[{"href":"https:\/\/greiersen.dk\/egekilde\/wp-json\/wp\/v2\/posts\/6921","targetHints":{"allow":["GET"]}}],"collection":[{"href":"https:\/\/greiersen.dk\/egekilde\/wp-json\/wp\/v2\/posts"}],"about":[{"href":"https:\/\/greiersen.dk\/egekilde\/wp-json\/wp\/v2\/types\/post"}],"author":[{"embeddable":true,"href":"https:\/\/greiersen.dk\/egekilde\/wp-json\/wp\/v2\/users\/1"}],"replies":[{"embeddable":true,"href":"https:\/\/greiersen.dk\/egekilde\/wp-json\/wp\/v2\/comments?post=6921"}],"version-history":[{"count":13,"href":"https:\/\/greiersen.dk\/egekilde\/wp-json\/wp\/v2\/posts\/6921\/revisions"}],"predecessor-version":[{"id":8465,"href":"https:\/\/greiersen.dk\/egekilde\/wp-json\/wp\/v2\/posts\/6921\/revisions\/8465"}],"wp:attachment":[{"href":"https:\/\/greiersen.dk\/egekilde\/wp-json\/wp\/v2\/media?parent=6921"}],"wp:term":[{"taxonomy":"category","embeddable":true,"href":"https:\/\/greiersen.dk\/egekilde\/wp-json\/wp\/v2\/categories?post=6921"},{"taxonomy":"post_tag","embeddable":true,"href":"https:\/\/greiersen.dk\/egekilde\/wp-json\/wp\/v2\/tags?post=6921"}],"curies":[{"name":"wp","href":"https:\/\/api.w.org\/{rel}","templated":true}]}}