{"id":6960,"date":"2024-03-01T17:54:26","date_gmt":"2024-03-01T16:54:26","guid":{"rendered":"https:\/\/greiersen.dk\/egekilde\/?p=6960"},"modified":"2026-02-04T19:09:51","modified_gmt":"2026-02-04T18:09:51","slug":"sigrid-agnete-madsen-foedt-pedersen-1916-1995","status":"publish","type":"post","link":"https:\/\/greiersen.dk\/egekilde\/sigrid-agnete-madsen-foedt-pedersen-1916-1995\/","title":{"rendered":"Sigrid Agnete Madsen f\u00f8dt Pedersen 1916 &#8211; 1995"},"content":{"rendered":"\n<div class=\"wp-block-columns is-layout-flex wp-container-core-columns-is-layout-9d6595d7 wp-block-columns-is-layout-flex\">\n<div class=\"wp-block-column is-layout-flow wp-block-column-is-layout-flow\">\n<p><strong>Karolines mormors stores\u00f8ster &#8211; 78 \u00e5r<\/strong><br><em><sup>Mormors s\u00f8ster<\/sup><\/em><\/p>\n\n\n\n<p>Sigrid Agnete Madsen, kaldet Nete, var husmor og mor til fem b\u00f8rn, der levede fra 1916 til 1995. Hun blev f\u00f8dt i Vig sogn i Holb\u00e6k amt som datter af parcelist Olaf Valdemar Pedersen og Martha Marie Pedersen. Hun voksede op p\u00e5 en landbrugsejendom p\u00e5 H\u00f8nsinge Lyng og blev konfirmeret i H\u00f8jby kirke i 1930. Hun arbejdede som <abbr class='c2c-text-hover' title='Tjenestepige, pige p\u00e5 14-19 \u00e5r, som i 1800-1900 tallet arbejdede p\u00e5 en g\u00e5rd eller hos et herskab, fx p\u00e5 en herreg\u00e5rd.'>tjenestepige<\/abbr> hos en bankbestyrer i Vig sogn.<\/p>\n<\/div>\n\n\n\n<div class=\"wp-block-column is-layout-flow wp-block-column-is-layout-flow\">\n<figure class=\"wp-block-image alignwide size-large\"><img decoding=\"async\" src=\"https:\/\/greiersen.dk\/egekilde\/wp-content\/uploads\/2026\/02\/2fe217a7-240a-4afa-a022-9698a0ce6b45.jpg\" alt=\"\"\/><\/figure>\n\n\n\n<figure class=\"wp-block-flexible-table-block-table\"><table class=\"has-fixed-layout\"><tbody><tr><td style=\"line-height:0.5;width:10px;text-align:left\"><\/td><td style=\"width:10px;text-align:left;line-height:0.5\"><\/td><td style=\"line-height:0.5;width:65px;text-align:left\"><\/td><td style=\"line-height:0.5;text-align:left\"><\/td><td style=\"line-height:0.5;width:10px;text-align:right\"><\/td><\/tr><tr><td style=\"width:10px;color:#ffffff;background-color:#2a4861;border-color:#2a4861;text-align:left\"><\/td><td colspan=\"3\" style=\"width:10px;text-align:center;color:#ffffff;background-color:#2a4861;border-color:#2a4861;font-size:16px\"><strong><strong>Sigrid Agnete Madsen f\u00f8dt Pedersen<\/strong><\/strong><\/td><td style=\"width:10px;color:#ffffff;background-color:#2a4861;border-color:#2a4861;text-align:right\"><\/td><\/tr><tr><td style=\"width:10px;font-size:14px;background-color:#ededef;border-color:#ededef;text-align:left;vertical-align:top\"><\/td><td colspan=\"2\" style=\"width:10px;background-color:#ededef;border-color:#ededef;text-align:left;font-size:14px;vertical-align:top\"><strong>Far:<\/strong><\/td><td style=\"text-align:left;font-size:14px;background-color:#ededef;border-color:#ededef;vertical-align:top\"><a data-type=\"post\" data-id=\"199\" href=\"https:\/\/greiersen.dk\/egekilde\/?p=199\">Olaf Valdemar Pedersen<\/a><\/td><td style=\"width:10px;font-size:14px;background-color:#ededef;border-color:#ededef;text-align:right;vertical-align:top\"><\/td><\/tr><tr><td style=\"width:10px;font-size:14px;background-color:#ededef;border-color:#ededef;text-align:left;vertical-align:top\"><\/td><td colspan=\"2\" style=\"width:10px;text-align:left;background-color:#ededef;border-color:#ededef;font-size:14px;vertical-align:top\"><strong>Mor:<\/strong><\/td><td style=\"text-align:left;font-size:14px;background-color:#ededef;border-color:#ededef;vertical-align:top\"><a href=\"https:\/\/greiersen.dk\/egekilde\/?p=201\">Marta Marie Pedersen<\/a><\/td><td style=\"width:10px;font-size:14px;background-color:#ededef;border-color:#ededef;text-align:right;vertical-align:top\"><\/td><\/tr><tr><td style=\"width:10px;line-height:0.5;font-size:10px;text-align:left;color:#ffffff\">\u25cf<\/td><td style=\"width:10px;text-align:left;line-height:0.5;font-size:10px;color:#ffffff\"><\/td><td style=\"width:65px;text-align:left;line-height:0.5;font-size:10px;color:#ffffff\"><\/td><td style=\"text-align:left;line-height:0.5;font-size:10px;color:#ffffff\"><\/td><td style=\"width:10px;line-height:0.5;font-size:10px;text-align:right;color:#ffffff\">\u25cf<\/td><\/tr><tr><td style=\"width:10px;font-size:14px;background-color:#ededef;border-color:#ededef;text-align:left;vertical-align:top\"><\/td><td colspan=\"2\" style=\"width:10px;text-align:left;font-size:14px;background-color:#ededef;border-color:#ededef;vertical-align:top\"><strong><abbr class='c2c-text-hover' title='Gift. Indg\u00e5 \u00e6gteskab mellem to personer ved en kirkelig ceremoni.'>Viet<\/abbr>:<\/strong><\/td><td style=\"text-align:left;font-size:14px;background-color:#ededef;border-color:#ededef;vertical-align:top\">Harald Kristian Madsen<\/td><td style=\"width:10px;font-size:14px;background-color:#ededef;border-color:#ededef;text-align:right;vertical-align:top\"><\/td><\/tr><tr><td style=\"background-color:#ededef;border-color:#ededef;font-size:14px;vertical-align:top\"><\/td><td style=\"background-color:#ededef;border-color:#ededef;font-size:14px;vertical-align:top\"><\/td><td style=\"background-color:#ededef;border-color:#ededef;font-size:14px;width:65px;vertical-align:top\"><strong>B\u00f8rn: <\/strong><\/td><td style=\"background-color:#ededef;border-color:#ededef;font-size:14px;vertical-align:top\">Kurt Find \u25cf John Palle \u25cf Bern Eli \u25cf Connie Marie Kristine<\/td><td style=\"background-color:#ededef;border-color:#ededef;font-size:14px;vertical-align:top\"><\/td><\/tr><tr><td style=\"width:10px;line-height:0.5;font-size:10px;text-align:left;color:#ffffff\">\u25cf<\/td><td style=\"width:10px;text-align:left;line-height:0.5;font-size:10px;color:#ffffff\"><\/td><td style=\"width:65px;text-align:left;line-height:0.5;font-size:10px;color:#ffffff\"><\/td><td style=\"text-align:left;line-height:0.5;font-size:10px;color:#ffffff\"><\/td><td style=\"width:10px;line-height:0.5;font-size:10px;text-align:right;color:#ffffff\">\u25cf<\/td><\/tr><tr><td style=\"font-size:14px;border-color:#ededef;background-color:#ededef;text-align:left;vertical-align:top\"><\/td><td colspan=\"2\" style=\"width:10px;text-align:left;font-size:14px;border-color:#ededef;background-color:#ededef;vertical-align:top\"><strong>Sidespring:<\/strong><\/td><td style=\"text-align:left;font-size:14px;border-color:#ededef;background-color:#ededef;vertical-align:top\"><a href=\"https:\/\/greiersen.dk\/egekilde\/johannes-jensen-1924-2009\/\">Johannes Jensen<\/a><\/td><td style=\"font-size:14px;border-color:#ededef;background-color:#ededef;text-align:right;vertical-align:top\"><\/td><\/tr><tr><td style=\"background-color:#ededef;border-color:#ededef;font-size:14px;vertical-align:top\"><\/td><td style=\"background-color:#ededef;border-color:#ededef;font-size:14px;vertical-align:top\"><\/td><td style=\"background-color:#ededef;border-color:#ededef;font-size:14px;width:65px;vertical-align:top\"><strong>Barn: <\/strong><\/td><td style=\"background-color:#ededef;border-color:#ededef;font-size:14px;vertical-align:top\">Carsten Allan<\/td><td style=\"background-color:#ededef;border-color:#ededef;font-size:14px;vertical-align:top\"><\/td><\/tr><tr><td style=\"width:10px;line-height:0.5;font-size:16px;text-align:left\"><\/td><td style=\"width:10px;text-align:left;font-size:16px;line-height:0.5\"><\/td><td style=\"width:65px;text-align:left;line-height:0.5;font-size:16px\"><\/td><td style=\"text-align:left;line-height:0.5;font-size:16px\"><\/td><td style=\"width:10px;line-height:0.5;font-size:16px;text-align:right\"><\/td><\/tr><\/tbody><\/table><\/figure>\n<\/div>\n<\/div>\n\n\n\n<p>I 1935 fik hun sit f\u00f8rste barn, Kurt Find Madsen, uden for \u00e6gteskab. \u00c5ret efter blev hun gift med Harald Kristian Madsen, en bagersvend fra Asn\u00e6s sogn. De flyttede til H\u00f8ve, hvor de fik fire b\u00f8rn mere: John Palle, Bern Eli, Connie Marie Kristine og Carsten Allan. Det sidste barn var dog resultatet af et sidespring med hendes lilles\u00f8sters mand, Johannes, som hun havde et forhold til. Johannes og lilles\u00f8steren Erna Magdelene blev skilt p\u00e5 grund af dette. Harald p\u00e5tog sig ansvaret og rollen som far til Carsten Allan.<\/p>\n\n\n\n<p>Sigrid Agnete blev enke da hendes mand d\u00f8de i 1989. Hun d\u00f8de i 1995 p\u00e5 Nordtoften i H\u00f8ve og blev begravet p\u00e5 Asn\u00e6s kirkeg\u00e5rd. Hun efterlod sig sine fem b\u00f8rn. <\/p>\n\n\n\n<h4 class=\"wp-block-heading\">Fakta tidslinje &#8211; barn<\/h4>\n\n\n\n<figure class=\"wp-block-flexible-table-block-table\"><table class=\"has-fixed-layout\"><tbody><tr><td style=\"width:70px;background-color:#ededef;border-color:#84848f;text-align:center;vertical-align:top\"><\/td><td style=\"width:30px;background-color:#ededef;border-color:#84848f;text-align:center;vertical-align:top\"><\/td><td style=\"background-color:#ededef;border-color:#84848f;vertical-align:top\"><\/td><\/tr><tr><td rowspan=\"4\" style=\"width:70px;text-align:center;vertical-align:top\"><strong>1916<\/strong><\/td><td style=\"width:30px;text-align:center;vertical-align:top\"><mark style=\"background-color:rgba(0, 0, 0, 0)\" class=\"has-inline-color has-tertiary-color\">\u25cf<\/mark><\/td><td style=\"vertical-align:top\"><strong><a href=\"https:\/\/arkivalieronline.rigsarkivet.dk\/da\/billedviser?epid=17119783#158688,26660017\" target=\"_blank\" rel=\"noreferrer noopener nofollow\">F\u00f8dt<\/a><\/strong> den 22. september 1916. <a href=\"https:\/\/greiersen.dk\/g-wiki\/vig-sogn\/\" target=\"_blank\" rel=\"noreferrer noopener nofollow\">Vig sogn<\/a>, Holb\u00e6k amt. <\/td><\/tr><tr><td style=\"width:30px;text-align:center;background-color:#ededef;border-color:#84848f;vertical-align:top\"><\/td><td style=\"background-color:#ededef;border-color:#84848f;vertical-align:top\"><\/td><\/tr><tr><td style=\"width:30px;text-align:center;vertical-align:top\"><mark style=\"background-color:rgba(0, 0, 0, 0)\" class=\"has-inline-color has-tertiary-color\">\u25cf<\/mark><\/td><td style=\"vertical-align:top\"><strong><a href=\"https:\/\/arkivalieronline.rigsarkivet.dk\/da\/billedviser?epid=17119783#158688,26660017\" target=\"_blank\" rel=\"noreferrer noopener nofollow\">D\u00f8bt<\/a><\/strong> den 5. november 1916. <a href=\"https:\/\/greiersen.dk\/g-wiki\/vig-sogn\/\" target=\"_blank\" rel=\"noreferrer noopener nofollow\">Vig sogn<\/a>, Holb\u00e6k amt. <\/td><\/tr><tr><td><\/td><td style=\"font-size:16px\">Parcelist Olaf Valdemar Petersen, 26 Aar og hustru Martha Marie Petersen, 22 Aar, H\u00f8nsinge.<\/td><\/tr><tr><td style=\"width:70px;text-align:center;background-color:#ededef;border-color:#84848f;vertical-align:top\"><\/td><td style=\"width:30px;text-align:center;background-color:#ededef;border-color:#84848f;vertical-align:top\"><\/td><td style=\"background-color:#ededef;border-color:#84848f;vertical-align:top\"><\/td><\/tr><tr><td style=\"width:70px;text-align:center;vertical-align:top\"><strong>1921<\/strong><br><sup>4 \u00e5r<\/sup><\/td><td style=\"width:30px;text-align:center;vertical-align:top\"><mark style=\"background-color:rgba(0, 0, 0, 0)\" class=\"has-inline-color has-tertiary-color\">\u25cf<\/mark><\/td><td style=\"vertical-align:top\"><strong><a href=\"https:\/\/arkivalieronline.rigsarkivet.dk\/da\/billedviser?bsid=79676#79676,13590486\" target=\"_blank\" rel=\"noreferrer noopener nofollow\">FT 1921<\/a><\/strong>.<strong> <\/strong>H\u00f8nsinge, <a href=\"https:\/\/greiersen.dk\/g-wiki\/vig-sogn\/\" target=\"_blank\" rel=\"noreferrer noopener nofollow\">Vig sogn<\/a>, Holb\u00e6k amt. <em>Husfader, Husmoder og b\u00f8rn. <\/em><\/td><\/tr><tr><td style=\"background-color:#ededef;border-color:#84848f\"><\/td><td style=\"background-color:#ededef;border-color:#84848f\"><\/td><td style=\"background-color:#ededef;border-color:#84848f\"><\/td><\/tr><tr><td style=\"text-align:center;vertical-align:top\"><strong>1925<\/strong><br><sup>9 \u00e5r<\/sup><\/td><td style=\"text-align:center;vertical-align:top\"><\/td><td style=\"text-align:left;vertical-align:top\"><strong><a href=\"https:\/\/arkivalieronline.rigsarkivet.dk\/da\/billedviser?bsid=92583#92583,15350889\" target=\"_blank\" rel=\"noreferrer noopener nofollow\">FT 1925<\/a><\/strong>.<strong> <\/strong>H\u00f8nsinge, <a href=\"https:\/\/greiersen.dk\/g-wiki\/vig-sogn\/\" target=\"_blank\" rel=\"noreferrer noopener nofollow\">Vig sogn<\/a>, Holb\u00e6k amt. <em>Husfader, Landmand. Husmoder og b\u00f8rn. <\/em><\/td><\/tr><tr><td style=\"width:70px;text-align:center;background-color:#ededef;border-color:#84848f;vertical-align:top\"><\/td><td style=\"width:30px;text-align:center;background-color:#ededef;border-color:#84848f;vertical-align:top\"><\/td><td style=\"background-color:#ededef;border-color:#84848f;vertical-align:top\"><\/td><\/tr><tr><td rowspan=\"3\" style=\"width:70px;text-align:center;vertical-align:top\"><strong>1930<\/strong><br><sup>14 \u00e5r<\/sup><\/td><td style=\"width:30px;text-align:center;vertical-align:top\"><mark style=\"background-color:rgba(0, 0, 0, 0)\" class=\"has-inline-color has-tertiary-color\">\u25cf<\/mark><\/td><td style=\"vertical-align:top\"><strong><a href=\"https:\/\/arkivalieronline.rigsarkivet.dk\/da\/billedviser?epid=17116230#151968,25278625\" target=\"_blank\" rel=\"noreferrer noopener\">Konfirmeret<\/a><\/strong> den 5. oktober 1930. <a href=\"https:\/\/greiersen.dk\/g-wiki\/hoejby-sogn\/\" target=\"_blank\" rel=\"noreferrer noopener nofollow\">H\u00f8jby kirke<\/a>, Holb\u00e6k amt.<br>Bop\u00e6l, Ellinge mark.<\/td><\/tr><tr><td style=\"width:30px;text-align:center;background-color:#ededef;border-color:#84848f;vertical-align:top\"><\/td><td style=\"background-color:#ededef;border-color:#84848f;vertical-align:top\"><\/td><\/tr><tr><td style=\"width:30px;text-align:center;vertical-align:top\"><mark style=\"background-color:rgba(0, 0, 0, 0)\" class=\"has-inline-color has-tertiary-color\">\u25cf<\/mark><\/td><td style=\"vertical-align:top\"><strong><a href=\"https:\/\/arkivalieronline.rigsarkivet.dk\/da\/billedviser?bsid=103043#103043,16276616\" target=\"_blank\" rel=\"noreferrer noopener\">FT 1930<\/a><\/strong>. <a href=\"https:\/\/greiersen.dk\/g-wiki\/vig-sogn\/\" target=\"_blank\" rel=\"noreferrer noopener nofollow\">Vig sogn<\/a>, Holb\u00e6k amt. <em><abbr class='c2c-text-hover' title='Tjenestepige, pige p\u00e5 14-19 \u00e5r, som i 1800-1900 tallet arbejdede p\u00e5 en g\u00e5rd eller hos et herskab, fx p\u00e5 en herreg\u00e5rd.'>Tjenestepige<\/abbr> hos Bankbestyrer Niels Peter Rasmussen. <\/em><\/td><\/tr><tr><td style=\"width:70px;text-align:center;background-color:#ededef;border-color:#84848f;vertical-align:top\"><\/td><td style=\"width:30px;text-align:center;background-color:#ededef;border-color:#84848f;vertical-align:top\"><\/td><td style=\"background-color:#ededef;border-color:#84848f;vertical-align:top\"><\/td><\/tr><\/tbody><\/table><\/figure>\n\n\n\n<h4 class=\"wp-block-heading\">Fakta tidslinje &#8211; gift<\/h4>\n\n\n\n<figure class=\"wp-block-flexible-table-block-table\"><table class=\"has-fixed-layout\"><tbody><tr><td style=\"width:70px;background-color:#ededef;border-color:#84848f;text-align:center;vertical-align:top\"><\/td><td style=\"width:30px;background-color:#ededef;border-color:#84848f;text-align:center;vertical-align:top\"><\/td><td style=\"background-color:#ededef;border-color:#84848f;vertical-align:top\"><\/td><\/tr><tr><td style=\"width:70px;text-align:center;vertical-align:top\"><strong>1935<\/strong><br><sup>18 \u00e5r<\/sup><\/td><td style=\"width:30px;text-align:center;vertical-align:top\"><mark style=\"background-color:rgba(0, 0, 0, 0)\" class=\"has-inline-color has-tertiary-color\">\u25cf<\/mark><\/td><td style=\"vertical-align:top;background-color:#c3edfb\"><strong><a href=\"https:\/\/arkivalieronline.rigsarkivet.dk\/da\/billedviser?epid=17116230#151969,25278801\" target=\"_blank\" rel=\"noreferrer noopener\">Barn<\/a><\/strong><sup>1<\/sup> f\u00f8dt den 30. juni 1935. Ellinge Kongepart, <a href=\"https:\/\/greiersen.dk\/g-wiki\/hoejby-sogn\/\" target=\"_blank\" rel=\"noreferrer noopener nofollow\">H\u00f8jby sogn<\/a>, Holb\u00e6k amt. <em>Kurt Find Madsen.<\/em><\/td><\/tr><tr><td style=\"width:70px;text-align:center;background-color:#ededef;border-color:#84848f;vertical-align:top\"><\/td><td style=\"width:30px;text-align:center;background-color:#ededef;border-color:#84848f;vertical-align:top\"><\/td><td style=\"background-color:#ededef;border-color:#84848f;vertical-align:top\"><\/td><\/tr><tr><td rowspan=\"2\" style=\"width:70px;text-align:center;vertical-align:top\"><strong>1936<\/strong><br><sup>19 \u00e5r<\/sup><\/td><td style=\"width:30px;text-align:center;vertical-align:top\"><mark style=\"background-color:rgba(0, 0, 0, 0)\" class=\"has-inline-color has-tertiary-color\"><mark style=\"background-color:rgba(0, 0, 0, 0);color:#f80404\" class=\"has-inline-color\">\u2764<\/mark><\/mark><\/td><td style=\"vertical-align:top\"><strong><a href=\"https:\/\/arkivalieronline.rigsarkivet.dk\/da\/billedviser?epid=17116230#151969,25279016\" target=\"_blank\" rel=\"noreferrer noopener\"><abbr class='c2c-text-hover' title='Gift. Indg\u00e5 \u00e6gteskab mellem to personer ved en kirkelig ceremoni.'>Viet<\/abbr><\/a><\/strong> den 6. maj 1936. <a href=\"https:\/\/greiersen.dk\/g-wiki\/hoejby-sogn\/\" target=\"_blank\" rel=\"noreferrer noopener nofollow\">H\u00f8jby kirke<\/a>, Holb\u00e6k amt. Med Harald Kristian Madsen. <\/td><\/tr><tr><td><\/td><td style=\"font-size:16px\">Ungkarl, Bagersvend Harald Kristian Madsen, H\u00f8ve, Asn\u00e6s sogn, f\u00f8dt i Asn\u00e6s sogn, Holb\u00e6k amt, 25. maj 1911, s\u00f8n af husmand Lauritz Madsen og hustru Kirstine Olsen.<br>Pige Sigrid Agnete Pedersen, Ellinge Mark, H\u00f8jby sogn, f\u00f8dt i Vig sogn, Holb\u00e6k amt, 22. september 1916, datter af Olaf Valdemar Pedersen og hustru Martha Marie Petersen, nu Ellinge Mark.<\/td><\/tr><tr><td style=\"width:70px;text-align:center;background-color:#ededef;border-color:#84848f;vertical-align:top\"><\/td><td style=\"width:30px;text-align:center;background-color:#ededef;border-color:#84848f;vertical-align:top\"><\/td><td style=\"background-color:#ededef;border-color:#84848f;vertical-align:top\"><\/td><\/tr><tr><td rowspan=\"2\" style=\"width:70px;text-align:center;vertical-align:top\"><strong>1939<\/strong><br><sup>22 \u00e5r<\/sup><\/td><td style=\"width:30px;text-align:center;vertical-align:top\"><mark style=\"background-color:rgba(0, 0, 0, 0)\" class=\"has-inline-color has-tertiary-color\">\u25cf<\/mark><\/td><td style=\"vertical-align:top;background-color:#c3edfb\"><strong><a href=\"https:\/\/arkivalieronline.rigsarkivet.dk\/da\/billedviser?epid=17114045#148158,24472763\" target=\"_blank\" rel=\"noreferrer noopener\">Barn<\/a><\/strong><sup>2<\/sup> f\u00f8dt den 9. juni 1939. H\u00f8ve skov, <a href=\"https:\/\/greiersen.dk\/g-wiki\/asnaes-sogn\/\" target=\"_blank\" rel=\"noreferrer noopener\">Asn\u00e6s sogn<\/a>, Holb\u00e6k amt. <em>John Palle Madsen<\/em>. <\/td><\/tr><tr><td><\/td><td style=\"font-size:16px\">D\u00f8d 2000, begravet samme gravsted som for\u00e6ldrene, Asn\u00e6s kirkeg\u00e5rd.<\/td><\/tr><tr><td style=\"width:70px;text-align:center;background-color:#ededef;border-color:#84848f;vertical-align:top\"><\/td><td style=\"width:30px;text-align:center;background-color:#ededef;border-color:#84848f;vertical-align:top\"><\/td><td style=\"background-color:#ededef;border-color:#84848f;vertical-align:top\"><\/td><\/tr><tr><td style=\"width:70px;text-align:center;vertical-align:top\"><strong>1940<\/strong><br><sup>24 \u00e5r<\/sup><\/td><td style=\"width:30px;text-align:center;vertical-align:top\"><mark style=\"background-color:rgba(0, 0, 0, 0)\" class=\"has-inline-color has-tertiary-color\">\u25cf<\/mark><\/td><td style=\"vertical-align:top\"><strong><a href=\"https:\/\/arkivalieronline.rigsarkivet.dk\/da\/billedviser?bsid=229195#229195,43364620\" target=\"_blank\" rel=\"noreferrer noopener\">FT 1940<\/a><\/strong>. <a href=\"https:\/\/greiersen.dk\/g-wiki\/asnaes-sogn\/\" target=\"_blank\" rel=\"noreferrer noopener\">Asn\u00e6s sogn<\/a>, Holb\u00e6k amt. <em>Husfader, Bagersvend. Husmoder og b\u00f8rn<\/em>. <\/td><\/tr><tr><td style=\"width:70px;text-align:center;background-color:#ededef;border-color:#84848f;vertical-align:top\"><\/td><td style=\"width:30px;text-align:center;background-color:#ededef;border-color:#84848f;vertical-align:top\"><\/td><td style=\"background-color:#ededef;border-color:#84848f;vertical-align:top\"><\/td><\/tr><tr><td style=\"width:70px;text-align:center;vertical-align:top\"><strong>1941<\/strong><br><sup>25 \u00e5r<\/sup><\/td><td style=\"width:30px;text-align:center;vertical-align:top\"><mark style=\"background-color:rgba(0, 0, 0, 0)\" class=\"has-inline-color has-tertiary-color\">\u25cf<\/mark><\/td><td style=\"vertical-align:top;background-color:#c3edfb\"><strong><a href=\"https:\/\/arkivalieronline.rigsarkivet.dk\/da\/billedviser?epid=17114045#148158,24472782\" target=\"_blank\" rel=\"noreferrer noopener\">Barn<\/a><\/strong><sup>3<\/sup> f\u00f8dt den 27. november 1941. H\u00f8ve, <a href=\"https:\/\/greiersen.dk\/g-wiki\/asnaes-sogn\/\" target=\"_blank\" rel=\"noreferrer noopener\">Asn\u00e6s sogn<\/a>, Holb\u00e6k amt. <em>Bern Eli Madsen<\/em>. <\/td><\/tr><tr><td style=\"width:70px;text-align:center;background-color:#ededef;border-color:#84848f;vertical-align:top\"><\/td><td style=\"width:30px;text-align:center;background-color:#ededef;border-color:#84848f;vertical-align:top\"><\/td><td style=\"background-color:#ededef;border-color:#84848f;vertical-align:top\"><\/td><\/tr><tr><td style=\"width:70px;text-align:center;vertical-align:top\"><strong>1943<\/strong><br><sup>26 \u00e5r<\/sup><\/td><td style=\"width:30px;text-align:center;vertical-align:top\"><mark style=\"background-color:rgba(0, 0, 0, 0)\" class=\"has-inline-color has-tertiary-color\">\u25cf<\/mark><\/td><td style=\"vertical-align:top;background-color:#ffd8d9\"><strong><a href=\"https:\/\/arkivalieronline.rigsarkivet.dk\/da\/billedviser?epid=17114045#148158,24472862\" target=\"_blank\" rel=\"noreferrer noopener\">Barn<\/a><\/strong><sup>4<\/sup> f\u00f8dt den 21. marts 1943. H\u00f8ve, <a href=\"https:\/\/greiersen.dk\/g-wiki\/asnaes-sogn\/\" target=\"_blank\" rel=\"noreferrer noopener\">Asn\u00e6s sogn<\/a>, Holb\u00e6k amt. <em>Connie Marie Kristine Madsen. <\/em><\/td><\/tr><tr><td style=\"width:70px;text-align:center;background-color:#ededef;border-color:#84848f;vertical-align:top\"><\/td><td style=\"width:30px;text-align:center;background-color:#ededef;border-color:#84848f;vertical-align:top\"><\/td><td style=\"background-color:#ededef;border-color:#84848f;vertical-align:top\"><\/td><\/tr><tr><td rowspan=\"2\" style=\"width:70px;text-align:center;vertical-align:top\"><strong>1951<\/strong><br><sup>35 \u00e5r<\/sup><\/td><td style=\"width:30px;text-align:center;vertical-align:top\"><mark style=\"background-color:rgba(0, 0, 0, 0)\" class=\"has-inline-color has-tertiary-color\">\u25cf<\/mark><\/td><td style=\"vertical-align:top;background-color:#c3edfb\"><strong><a href=\"https:\/\/arkivalieronline.rigsarkivet.dk\/da\/billedviser?epid=17114045#148159,24473153\" target=\"_blank\" rel=\"noreferrer noopener\">Barn<\/a><\/strong><sup>5<\/sup> f\u00f8dt den 5. december 1951. H\u00f8ve, <a href=\"https:\/\/greiersen.dk\/g-wiki\/asnaes-sogn\/\" target=\"_blank\" rel=\"noreferrer noopener\">Asn\u00e6s sogn<\/a>, Holb\u00e6k amt. <em>Carsten Allan Madsen. <\/em><\/td><\/tr><tr><td><\/td><td style=\"font-size:16px;background-color:#ffeab1\">Her er det ikke postbuddet der har v\u00e6ret forbi, men Svoger Johannes Jensen, Harald tog barnet til sig, som sit eget, men Johannes blev skilt og udst\u00f8dt fra familien. P\u00e5 Haralds d\u00f8dsleje fortalte (Ag)Nete at Carsten Allan ikke var hans s\u00f8n.<\/td><\/tr><tr><td style=\"width:70px;text-align:center;background-color:#ededef;border-color:#84848f;vertical-align:top\"><\/td><td style=\"width:30px;text-align:center;background-color:#ededef;border-color:#84848f;vertical-align:top\"><\/td><td style=\"background-color:#ededef;border-color:#84848f;vertical-align:top\"><\/td><\/tr><\/tbody><\/table><\/figure>\n\n\n\n<h4 class=\"wp-block-heading\">Fakta tidslinje &#8211; enke og d\u00f8d<\/h4>\n\n\n\n<figure class=\"wp-block-flexible-table-block-table\"><table class=\"has-fixed-layout\"><tbody><tr><td style=\"width:70px;background-color:#ededef;border-color:#84848f;text-align:center;vertical-align:top\"><\/td><td style=\"width:30px;background-color:#ededef;border-color:#84848f;text-align:center;vertical-align:top\"><\/td><td style=\"background-color:#ededef;border-color:#84848f;vertical-align:top\"><\/td><\/tr><tr><td rowspan=\"2\" style=\"width:70px;text-align:center;vertical-align:top\"><strong>1989<\/strong><br><sup>72 \u00e5r<\/sup><\/td><td style=\"width:30px;text-align:center;vertical-align:top\">\u25cf<\/td><td style=\"vertical-align:top;background-color:#fafafa\"><strong>Enke<\/strong> &#8211; Mands d\u00f8d den 27. maj 1989. H\u00f8ve, <a href=\"https:\/\/greiersen.dk\/g-wiki\/asnaes-sogn\/\" target=\"_blank\" rel=\"noreferrer noopener\">Asn\u00e6s sogn<\/a>, Holb\u00e6k amt. <\/td><\/tr><tr><td><\/td><td style=\"font-size:16px;background-color:#fafafa\">Begravelsen foregik fra Asn\u00e6s kirke tirsdag den 30. maj kl. 13.<\/td><\/tr><tr><td style=\"width:70px;text-align:center;background-color:#ededef;border-color:#84848f;vertical-align:top\"><\/td><td style=\"width:30px;text-align:center;background-color:#ededef;border-color:#84848f;vertical-align:top\"><\/td><td style=\"background-color:#ededef;border-color:#84848f;vertical-align:top\"><\/td><\/tr><tr><td rowspan=\"3\" style=\"width:70px;text-align:center;vertical-align:top\"><strong>1995<\/strong><br><sup>78 \u00e5r<\/sup><\/td><td style=\"width:30px;text-align:center;vertical-align:top\">\u25cf<\/td><td style=\"vertical-align:top;background-color:#fafafa\"><strong>D\u00f8d<\/strong> den 3. januar 1995. Nordtoften, H\u00f8ve, <a href=\"https:\/\/greiersen.dk\/g-wiki\/asnaes-sogn\/\" target=\"_blank\" rel=\"noreferrer noopener\">Asn\u00e6s sogn<\/a>, Holb\u00e6k amt. <\/td><\/tr><tr><td style=\"width:30px;text-align:center;background-color:#ededef;border-color:#84848f;vertical-align:top\"><\/td><td style=\"background-color:#ededef;border-color:#84848f;vertical-align:top\"><\/td><\/tr><tr><td style=\"width:30px;text-align:center;vertical-align:top\">\u25cf<\/td><td style=\"vertical-align:top;background-color:#fafafa\"><strong>Begravet<\/strong> den 7. januar 1995. Kl. 19:30. <a href=\"https:\/\/greiersen.dk\/g-wiki\/asnaes-sogn\/\" target=\"_blank\" rel=\"noreferrer noopener\">Asn\u00e6s<\/a> kirkeg\u00e5rd, Holb\u00e6k amt.<\/td><\/tr><tr><td style=\"width:70px;text-align:center;background-color:#ededef;border-color:#84848f;vertical-align:top\"><\/td><td style=\"width:30px;text-align:center;background-color:#ededef;border-color:#84848f;vertical-align:top\"><\/td><td style=\"background-color:#ededef;border-color:#84848f;vertical-align:top\"><\/td><\/tr><\/tbody><\/table><\/figure>\n\n\n\n<div class=\"wp-block-group has-light-gray-background-color has-background\" style=\"padding-top:0;padding-right:var(--wp--preset--spacing--20);padding-bottom:0;padding-left:var(--wp--preset--spacing--20)\"><div class=\"wp-block-group__inner-container is-layout-constrained wp-container-core-group-is-layout-5c16083f wp-block-group-is-layout-constrained\">\n<h4 class=\"wp-block-heading\">Globale begivenheder<\/h4>\n\n\n\n<p class=\"has-light-gray-background-color has-background has-small-font-size\">I l\u00f8bet af Sigrid Agnetes levetid skete der mange vigtige begivenheder b\u00e5de i Danmark og i verden. Nogle af dem var:<br>F\u00f8rste Verdenskrig fra 1914 til 1918, som Danmark var neutral i, men som p\u00e5virkede landets \u00f8konomi og handel.<br>Anden Verdenskrig fra 1939 til 1945, som Danmark var besat af Tyskland i fra 1940 til 1945. Mange danskere deltog i modstandsbev\u00e6gelsen og hjalp j\u00f8derne med at flygte til Sverige.<br>Den kolde krig fra 1947 til 1991, som var en periode med sp\u00e6nding og konflikt mellem USA og Sovjetunionen og deres allierede. Danmark var medlem af NATO og st\u00f8ttede USA\u2019s politik.<br>Den danske velf\u00e6rdsstat, som blev udbygget i efterkrigstiden med sociale reformer, offentlig sundhed, uddannelse og kultur. Danmark blev et af de mest lige og lykkelige lande i verden.<br>Den europ\u00e6iske integration, som Danmark blev en del af i 1973, da landet blev medlem af EF (senere EU). Danmark har dog forbehold over for visse omr\u00e5der som euroen, forsvar og retspolitik.<br>Berlinmurens fald i 1989, som markerede slutningen p\u00e5 den kolde krig og genforeningen af Tyskland.<br>Murens fald i 1989, som markerede slutningen p\u00e5 den kolde krig og genforeningen af Tyskland.<\/p>\n<\/div><\/div>\n\n\n\n<h4 class=\"wp-block-heading\">Billeder<\/h4>\n\n\n\n<figure class=\"wp-block-image size-large\"><a href=\"https:\/\/greiersen.dk\/egekilde\/wp-content\/uploads\/2026\/02\/799078IMG_20230322_0110.jpg\"><img decoding=\"async\" src=\"https:\/\/greiersen.dk\/egekilde\/wp-content\/uploads\/2026\/02\/799078IMG_20230322_0110.jpg\" alt=\"\"\/><\/a><figcaption class=\"wp-element-caption\"><em>Marta Marie og Olaf p\u00e5 deres bryllupsdag i 1964, billedet er taget i deres dagligstue sammen med deres b\u00f8rn. Bagerst fra venstre st\u00e5r Holger Pedersen, Svend Arthur, Helge Sigfred og Sigrid Agnete. Sidende p\u00e5 arml\u00e6n er Erna Magdalene og Herl\u00f8v Sigurt.<\/em><\/figcaption><\/figure>\n\n\n\n<h4 class=\"wp-block-heading\">Udklip<\/h4>\n\n\n\n<figure class=\"wp-block-gallery has-nested-images columns-default is-cropped wp-block-gallery-2 is-layout-flex wp-block-gallery-is-layout-flex\">\n<figure class=\"wp-block-image size-large\"><a href=\"https:\/\/greiersen.dk\/egekilde\/wp-content\/uploads\/2026\/02\/820764Agnete20og20Harald20Madsen.jpg\"><img decoding=\"async\" src=\"https:\/\/greiersen.dk\/egekilde\/wp-content\/uploads\/2026\/02\/820764Agnete20og20Harald20Madsen.jpg\" alt=\"\"\/><\/a><figcaption class=\"wp-element-caption\">Sigrid Agnete (Nete) og Harald Kristian Madsen<\/figcaption><\/figure>\n<\/figure>\n\n\n\n<div class=\"wp-block-columns is-layout-flex wp-container-core-columns-is-layout-9d6595d7 wp-block-columns-is-layout-flex\">\n<div class=\"wp-block-column is-layout-flow wp-block-column-is-layout-flow\" style=\"flex-basis:33%\">\n<figure class=\"wp-block-image size-large\"><a href=\"https:\/\/greiersen.dk\/egekilde\/wp-content\/uploads\/2026\/02\/818415Sigrid-Agnethe-Madsen-f-Petersen-1916-1995-doedsannonce-747x1024.jpg\"><img decoding=\"async\" src=\"https:\/\/greiersen.dk\/egekilde\/wp-content\/uploads\/2026\/02\/818415Sigrid-Agnethe-Madsen-f-Petersen-1916-1995-doedsannonce-747x1024.jpg\" alt=\"\"\/><\/a><\/figure>\n<\/div>\n\n\n\n<div class=\"wp-block-column is-layout-flow wp-block-column-is-layout-flow\" style=\"flex-basis:67%\">\n<figure class=\"wp-block-image size-large\"><a href=\"https:\/\/greiersen.dk\/egekilde\/wp-content\/uploads\/2026\/02\/820813Asnaes-4645.jpg\"><img decoding=\"async\" src=\"https:\/\/greiersen.dk\/egekilde\/wp-content\/uploads\/2026\/02\/820813Asnaes-4645.jpg\" alt=\"\"\/><\/a><\/figure>\n<\/div>\n<\/div>\n","protected":false},"excerpt":{"rendered":"<p>Karolines mormors stores\u00f8ster &#8211; 78 \u00e5rMormors s\u00f8ster Sigrid Agnete Madsen, kaldet Nete, var husmor og mor til fem b\u00f8rn, der levede fra 1916 til 1995. [&#8230;]<\/p>\n","protected":false},"author":1,"featured_media":0,"comment_status":"open","ping_status":"open","sticky":false,"template":"","format":"standard","meta":{"footnotes":""},"categories":[4],"tags":[83,257,18,256,22,21,255,9],"class_list":["post-6960","post","type-post","status-publish","format-standard","hentry","category-karolines-aner","tag-asnaes-sogn","tag-harald-kristian-madsen-1911-1989","tag-hoejby-sogn","tag-hoeve","tag-marta-marie-petersen-1896-1982","tag-olaf-valdemar-pedersen-1890-1976","tag-sigrid-agnete-madsen-foedt-pedersen-1916-1995","tag-vig-sogn"],"yoast_head":"<!-- This site is optimized with the Yoast SEO plugin v27.5 - https:\/\/yoast.com\/product\/yoast-seo-wordpress\/ -->\n<title>Sigrid Agnete Madsen f\u00f8dt Pedersen 1916 - 1995 - Egekilde aner<\/title>\n<meta name=\"description\" content=\"Sigrid Agnete Madsen f\u00f8dt Pedersen. F\u00f8dt den 22. september 1916. Vig sogn, Holb\u00e6k amt. D\u00f8d den 3. januar 1995. H\u00f8ve, Asn\u00e6s sogn, Holb\u00e6k amt.\" \/>\n<meta name=\"robots\" content=\"index, follow, max-snippet:-1, max-image-preview:large, max-video-preview:-1\" \/>\n<link rel=\"canonical\" href=\"https:\/\/greiersen.dk\/egekilde\/sigrid-agnete-madsen-foedt-pedersen-1916-1995\/\" \/>\n<meta property=\"og:locale\" content=\"da_DK\" \/>\n<meta property=\"og:type\" content=\"article\" \/>\n<meta property=\"og:title\" content=\"Sigrid Agnete Madsen f\u00f8dt Pedersen 1916 - 1995 - Egekilde aner\" \/>\n<meta property=\"og:description\" content=\"Sigrid Agnete Madsen f\u00f8dt Pedersen. F\u00f8dt den 22. september 1916. Vig sogn, Holb\u00e6k amt. D\u00f8d den 3. januar 1995. H\u00f8ve, Asn\u00e6s sogn, Holb\u00e6k amt.\" \/>\n<meta property=\"og:url\" content=\"https:\/\/greiersen.dk\/egekilde\/sigrid-agnete-madsen-foedt-pedersen-1916-1995\/\" \/>\n<meta property=\"og:site_name\" content=\"Egekilde aner\" \/>\n<meta property=\"article:published_time\" content=\"2024-03-01T16:54:26+00:00\" \/>\n<meta property=\"article:modified_time\" content=\"2026-02-04T18:09:51+00:00\" \/>\n<meta property=\"og:image\" content=\"https:\/\/greiersen.dk\/egekilde\/egekilde\/wp-content\/uploads\/2026\/02\/2fe217a7-240a-4afa-a022-9698a0ce6b45.jpg\" \/>\n<meta name=\"author\" content=\"admin\" \/>\n<meta name=\"twitter:card\" content=\"summary_large_image\" \/>\n<meta name=\"twitter:label1\" content=\"Skrevet af\" \/>\n\t<meta name=\"twitter:data1\" content=\"admin\" \/>\n\t<meta name=\"twitter:label2\" content=\"Estimeret l\u00e6setid\" \/>\n\t<meta name=\"twitter:data2\" content=\"6 minutter\" \/>\n<script type=\"application\/ld+json\" class=\"yoast-schema-graph\">{\"@context\":\"https:\\\/\\\/schema.org\",\"@graph\":[{\"@type\":\"Article\",\"@id\":\"https:\\\/\\\/greiersen.dk\\\/egekilde\\\/sigrid-agnete-madsen-foedt-pedersen-1916-1995\\\/#article\",\"isPartOf\":{\"@id\":\"https:\\\/\\\/greiersen.dk\\\/egekilde\\\/sigrid-agnete-madsen-foedt-pedersen-1916-1995\\\/\"},\"author\":{\"name\":\"admin\",\"@id\":\"https:\\\/\\\/greiersen.dk\\\/egekilde\\\/#\\\/schema\\\/person\\\/ca47c2106addf58e871929ccc24106eb\"},\"headline\":\"Sigrid Agnete Madsen f\u00f8dt Pedersen 1916 &#8211; 1995\",\"datePublished\":\"2024-03-01T16:54:26+00:00\",\"dateModified\":\"2026-02-04T18:09:51+00:00\",\"mainEntityOfPage\":{\"@id\":\"https:\\\/\\\/greiersen.dk\\\/egekilde\\\/sigrid-agnete-madsen-foedt-pedersen-1916-1995\\\/\"},\"wordCount\":879,\"commentCount\":0,\"publisher\":{\"@id\":\"https:\\\/\\\/greiersen.dk\\\/egekilde\\\/#\\\/schema\\\/person\\\/ca47c2106addf58e871929ccc24106eb\"},\"image\":{\"@id\":\"https:\\\/\\\/greiersen.dk\\\/egekilde\\\/sigrid-agnete-madsen-foedt-pedersen-1916-1995\\\/#primaryimage\"},\"thumbnailUrl\":\"https:\\\/\\\/greiersen.dk\\\/egekilde\\\/wp-content\\\/uploads\\\/2026\\\/02\\\/2fe217a7-240a-4afa-a022-9698a0ce6b45.jpg\",\"keywords\":[\"Asn\u00e6s sogn\",\"Harald Kristian Madsen 1911 - 1989\",\"H\u00f8jby sogn\",\"H\u00f8ve\",\"Marta Marie Petersen 1896-1982\",\"Olaf Valdemar Pedersen 1890-1976\",\"Sigrid Agnete Madsen f\u00f8dt Pedersen 1916 - 1995\",\"Vig sogn\"],\"articleSection\":[\"Karolines aner\"],\"inLanguage\":\"da-DK\",\"potentialAction\":[{\"@type\":\"CommentAction\",\"name\":\"Comment\",\"target\":[\"https:\\\/\\\/greiersen.dk\\\/egekilde\\\/sigrid-agnete-madsen-foedt-pedersen-1916-1995\\\/#respond\"]}]},{\"@type\":\"WebPage\",\"@id\":\"https:\\\/\\\/greiersen.dk\\\/egekilde\\\/sigrid-agnete-madsen-foedt-pedersen-1916-1995\\\/\",\"url\":\"https:\\\/\\\/greiersen.dk\\\/egekilde\\\/sigrid-agnete-madsen-foedt-pedersen-1916-1995\\\/\",\"name\":\"Sigrid Agnete Madsen f\u00f8dt Pedersen 1916 - 1995 - Egekilde aner\",\"isPartOf\":{\"@id\":\"https:\\\/\\\/greiersen.dk\\\/egekilde\\\/#website\"},\"primaryImageOfPage\":{\"@id\":\"https:\\\/\\\/greiersen.dk\\\/egekilde\\\/sigrid-agnete-madsen-foedt-pedersen-1916-1995\\\/#primaryimage\"},\"image\":{\"@id\":\"https:\\\/\\\/greiersen.dk\\\/egekilde\\\/sigrid-agnete-madsen-foedt-pedersen-1916-1995\\\/#primaryimage\"},\"thumbnailUrl\":\"https:\\\/\\\/greiersen.dk\\\/egekilde\\\/wp-content\\\/uploads\\\/2026\\\/02\\\/2fe217a7-240a-4afa-a022-9698a0ce6b45.jpg\",\"datePublished\":\"2024-03-01T16:54:26+00:00\",\"dateModified\":\"2026-02-04T18:09:51+00:00\",\"description\":\"Sigrid Agnete Madsen f\u00f8dt Pedersen. F\u00f8dt den 22. september 1916. Vig sogn, Holb\u00e6k amt. D\u00f8d den 3. januar 1995. H\u00f8ve, Asn\u00e6s sogn, Holb\u00e6k amt.\",\"breadcrumb\":{\"@id\":\"https:\\\/\\\/greiersen.dk\\\/egekilde\\\/sigrid-agnete-madsen-foedt-pedersen-1916-1995\\\/#breadcrumb\"},\"inLanguage\":\"da-DK\",\"potentialAction\":[{\"@type\":\"ReadAction\",\"target\":[\"https:\\\/\\\/greiersen.dk\\\/egekilde\\\/sigrid-agnete-madsen-foedt-pedersen-1916-1995\\\/\"]}]},{\"@type\":\"ImageObject\",\"inLanguage\":\"da-DK\",\"@id\":\"https:\\\/\\\/greiersen.dk\\\/egekilde\\\/sigrid-agnete-madsen-foedt-pedersen-1916-1995\\\/#primaryimage\",\"url\":\"https:\\\/\\\/greiersen.dk\\\/egekilde\\\/wp-content\\\/uploads\\\/2026\\\/02\\\/2fe217a7-240a-4afa-a022-9698a0ce6b45.jpg\",\"contentUrl\":\"https:\\\/\\\/greiersen.dk\\\/egekilde\\\/wp-content\\\/uploads\\\/2026\\\/02\\\/2fe217a7-240a-4afa-a022-9698a0ce6b45.jpg\",\"width\":209,\"height\":209},{\"@type\":\"BreadcrumbList\",\"@id\":\"https:\\\/\\\/greiersen.dk\\\/egekilde\\\/sigrid-agnete-madsen-foedt-pedersen-1916-1995\\\/#breadcrumb\",\"itemListElement\":[{\"@type\":\"ListItem\",\"position\":1,\"name\":\"Hjem\",\"item\":\"https:\\\/\\\/greiersen.dk\\\/egekilde\\\/\"},{\"@type\":\"ListItem\",\"position\":2,\"name\":\"Sigrid Agnete Madsen f\u00f8dt Pedersen 1916 &#8211; 1995\"}]},{\"@type\":\"WebSite\",\"@id\":\"https:\\\/\\\/greiersen.dk\\\/egekilde\\\/#website\",\"url\":\"https:\\\/\\\/greiersen.dk\\\/egekilde\\\/\",\"name\":\"Egekilde aner\",\"description\":\"Jensen, Madsen og Nielsen i Odsherred\",\"publisher\":{\"@id\":\"https:\\\/\\\/greiersen.dk\\\/egekilde\\\/#\\\/schema\\\/person\\\/ca47c2106addf58e871929ccc24106eb\"},\"potentialAction\":[{\"@type\":\"SearchAction\",\"target\":{\"@type\":\"EntryPoint\",\"urlTemplate\":\"https:\\\/\\\/greiersen.dk\\\/egekilde\\\/?s={search_term_string}\"},\"query-input\":{\"@type\":\"PropertyValueSpecification\",\"valueRequired\":true,\"valueName\":\"search_term_string\"}}],\"inLanguage\":\"da-DK\"},{\"@type\":[\"Person\",\"Organization\"],\"@id\":\"https:\\\/\\\/greiersen.dk\\\/egekilde\\\/#\\\/schema\\\/person\\\/ca47c2106addf58e871929ccc24106eb\",\"name\":\"admin\",\"image\":{\"@type\":\"ImageObject\",\"inLanguage\":\"da-DK\",\"@id\":\"https:\\\/\\\/greiersen.dk\\\/egekilde\\\/wp-content\\\/uploads\\\/2022\\\/05\\\/Jeppe-Mads-Jepsen-1887-1948-og-Inger-Katrine-Margrethe-Jepsen-f-Kristensen-1888-1858-scaled.jpg\",\"url\":\"https:\\\/\\\/greiersen.dk\\\/egekilde\\\/wp-content\\\/uploads\\\/2022\\\/05\\\/Jeppe-Mads-Jepsen-1887-1948-og-Inger-Katrine-Margrethe-Jepsen-f-Kristensen-1888-1858-scaled.jpg\",\"contentUrl\":\"https:\\\/\\\/greiersen.dk\\\/egekilde\\\/wp-content\\\/uploads\\\/2022\\\/05\\\/Jeppe-Mads-Jepsen-1887-1948-og-Inger-Katrine-Margrethe-Jepsen-f-Kristensen-1888-1858-scaled.jpg\",\"width\":2560,\"height\":1925,\"caption\":\"admin\"},\"logo\":{\"@id\":\"https:\\\/\\\/greiersen.dk\\\/egekilde\\\/wp-content\\\/uploads\\\/2022\\\/05\\\/Jeppe-Mads-Jepsen-1887-1948-og-Inger-Katrine-Margrethe-Jepsen-f-Kristensen-1888-1858-scaled.jpg\"},\"sameAs\":[\"https:\\\/\\\/greiersen.dk\\\/egekilde\"],\"url\":\"https:\\\/\\\/greiersen.dk\\\/egekilde\\\/author\\\/admin\\\/\"}]}<\/script>\n<!-- \/ Yoast SEO plugin. -->","yoast_head_json":{"title":"Sigrid Agnete Madsen f\u00f8dt Pedersen 1916 - 1995 - Egekilde aner","description":"Sigrid Agnete Madsen f\u00f8dt Pedersen. F\u00f8dt den 22. september 1916. Vig sogn, Holb\u00e6k amt. D\u00f8d den 3. januar 1995. H\u00f8ve, Asn\u00e6s sogn, Holb\u00e6k amt.","robots":{"index":"index","follow":"follow","max-snippet":"max-snippet:-1","max-image-preview":"max-image-preview:large","max-video-preview":"max-video-preview:-1"},"canonical":"https:\/\/greiersen.dk\/egekilde\/sigrid-agnete-madsen-foedt-pedersen-1916-1995\/","og_locale":"da_DK","og_type":"article","og_title":"Sigrid Agnete Madsen f\u00f8dt Pedersen 1916 - 1995 - Egekilde aner","og_description":"Sigrid Agnete Madsen f\u00f8dt Pedersen. F\u00f8dt den 22. september 1916. Vig sogn, Holb\u00e6k amt. D\u00f8d den 3. januar 1995. H\u00f8ve, Asn\u00e6s sogn, Holb\u00e6k amt.","og_url":"https:\/\/greiersen.dk\/egekilde\/sigrid-agnete-madsen-foedt-pedersen-1916-1995\/","og_site_name":"Egekilde aner","article_published_time":"2024-03-01T16:54:26+00:00","article_modified_time":"2026-02-04T18:09:51+00:00","og_image":[{"url":"https:\/\/greiersen.dk\/egekilde\/egekilde\/wp-content\/uploads\/2026\/02\/2fe217a7-240a-4afa-a022-9698a0ce6b45.jpg","type":"","width":"","height":""}],"author":"admin","twitter_card":"summary_large_image","twitter_misc":{"Skrevet af":"admin","Estimeret l\u00e6setid":"6 minutter"},"schema":{"@context":"https:\/\/schema.org","@graph":[{"@type":"Article","@id":"https:\/\/greiersen.dk\/egekilde\/sigrid-agnete-madsen-foedt-pedersen-1916-1995\/#article","isPartOf":{"@id":"https:\/\/greiersen.dk\/egekilde\/sigrid-agnete-madsen-foedt-pedersen-1916-1995\/"},"author":{"name":"admin","@id":"https:\/\/greiersen.dk\/egekilde\/#\/schema\/person\/ca47c2106addf58e871929ccc24106eb"},"headline":"Sigrid Agnete Madsen f\u00f8dt Pedersen 1916 &#8211; 1995","datePublished":"2024-03-01T16:54:26+00:00","dateModified":"2026-02-04T18:09:51+00:00","mainEntityOfPage":{"@id":"https:\/\/greiersen.dk\/egekilde\/sigrid-agnete-madsen-foedt-pedersen-1916-1995\/"},"wordCount":879,"commentCount":0,"publisher":{"@id":"https:\/\/greiersen.dk\/egekilde\/#\/schema\/person\/ca47c2106addf58e871929ccc24106eb"},"image":{"@id":"https:\/\/greiersen.dk\/egekilde\/sigrid-agnete-madsen-foedt-pedersen-1916-1995\/#primaryimage"},"thumbnailUrl":"https:\/\/greiersen.dk\/egekilde\/wp-content\/uploads\/2026\/02\/2fe217a7-240a-4afa-a022-9698a0ce6b45.jpg","keywords":["Asn\u00e6s sogn","Harald Kristian Madsen 1911 - 1989","H\u00f8jby sogn","H\u00f8ve","Marta Marie Petersen 1896-1982","Olaf Valdemar Pedersen 1890-1976","Sigrid Agnete Madsen f\u00f8dt Pedersen 1916 - 1995","Vig sogn"],"articleSection":["Karolines aner"],"inLanguage":"da-DK","potentialAction":[{"@type":"CommentAction","name":"Comment","target":["https:\/\/greiersen.dk\/egekilde\/sigrid-agnete-madsen-foedt-pedersen-1916-1995\/#respond"]}]},{"@type":"WebPage","@id":"https:\/\/greiersen.dk\/egekilde\/sigrid-agnete-madsen-foedt-pedersen-1916-1995\/","url":"https:\/\/greiersen.dk\/egekilde\/sigrid-agnete-madsen-foedt-pedersen-1916-1995\/","name":"Sigrid Agnete Madsen f\u00f8dt Pedersen 1916 - 1995 - Egekilde aner","isPartOf":{"@id":"https:\/\/greiersen.dk\/egekilde\/#website"},"primaryImageOfPage":{"@id":"https:\/\/greiersen.dk\/egekilde\/sigrid-agnete-madsen-foedt-pedersen-1916-1995\/#primaryimage"},"image":{"@id":"https:\/\/greiersen.dk\/egekilde\/sigrid-agnete-madsen-foedt-pedersen-1916-1995\/#primaryimage"},"thumbnailUrl":"https:\/\/greiersen.dk\/egekilde\/wp-content\/uploads\/2026\/02\/2fe217a7-240a-4afa-a022-9698a0ce6b45.jpg","datePublished":"2024-03-01T16:54:26+00:00","dateModified":"2026-02-04T18:09:51+00:00","description":"Sigrid Agnete Madsen f\u00f8dt Pedersen. F\u00f8dt den 22. september 1916. Vig sogn, Holb\u00e6k amt. D\u00f8d den 3. januar 1995. H\u00f8ve, Asn\u00e6s sogn, Holb\u00e6k amt.","breadcrumb":{"@id":"https:\/\/greiersen.dk\/egekilde\/sigrid-agnete-madsen-foedt-pedersen-1916-1995\/#breadcrumb"},"inLanguage":"da-DK","potentialAction":[{"@type":"ReadAction","target":["https:\/\/greiersen.dk\/egekilde\/sigrid-agnete-madsen-foedt-pedersen-1916-1995\/"]}]},{"@type":"ImageObject","inLanguage":"da-DK","@id":"https:\/\/greiersen.dk\/egekilde\/sigrid-agnete-madsen-foedt-pedersen-1916-1995\/#primaryimage","url":"https:\/\/greiersen.dk\/egekilde\/wp-content\/uploads\/2026\/02\/2fe217a7-240a-4afa-a022-9698a0ce6b45.jpg","contentUrl":"https:\/\/greiersen.dk\/egekilde\/wp-content\/uploads\/2026\/02\/2fe217a7-240a-4afa-a022-9698a0ce6b45.jpg","width":209,"height":209},{"@type":"BreadcrumbList","@id":"https:\/\/greiersen.dk\/egekilde\/sigrid-agnete-madsen-foedt-pedersen-1916-1995\/#breadcrumb","itemListElement":[{"@type":"ListItem","position":1,"name":"Hjem","item":"https:\/\/greiersen.dk\/egekilde\/"},{"@type":"ListItem","position":2,"name":"Sigrid Agnete Madsen f\u00f8dt Pedersen 1916 &#8211; 1995"}]},{"@type":"WebSite","@id":"https:\/\/greiersen.dk\/egekilde\/#website","url":"https:\/\/greiersen.dk\/egekilde\/","name":"Egekilde aner","description":"Jensen, Madsen og Nielsen i Odsherred","publisher":{"@id":"https:\/\/greiersen.dk\/egekilde\/#\/schema\/person\/ca47c2106addf58e871929ccc24106eb"},"potentialAction":[{"@type":"SearchAction","target":{"@type":"EntryPoint","urlTemplate":"https:\/\/greiersen.dk\/egekilde\/?s={search_term_string}"},"query-input":{"@type":"PropertyValueSpecification","valueRequired":true,"valueName":"search_term_string"}}],"inLanguage":"da-DK"},{"@type":["Person","Organization"],"@id":"https:\/\/greiersen.dk\/egekilde\/#\/schema\/person\/ca47c2106addf58e871929ccc24106eb","name":"admin","image":{"@type":"ImageObject","inLanguage":"da-DK","@id":"https:\/\/greiersen.dk\/egekilde\/wp-content\/uploads\/2022\/05\/Jeppe-Mads-Jepsen-1887-1948-og-Inger-Katrine-Margrethe-Jepsen-f-Kristensen-1888-1858-scaled.jpg","url":"https:\/\/greiersen.dk\/egekilde\/wp-content\/uploads\/2022\/05\/Jeppe-Mads-Jepsen-1887-1948-og-Inger-Katrine-Margrethe-Jepsen-f-Kristensen-1888-1858-scaled.jpg","contentUrl":"https:\/\/greiersen.dk\/egekilde\/wp-content\/uploads\/2022\/05\/Jeppe-Mads-Jepsen-1887-1948-og-Inger-Katrine-Margrethe-Jepsen-f-Kristensen-1888-1858-scaled.jpg","width":2560,"height":1925,"caption":"admin"},"logo":{"@id":"https:\/\/greiersen.dk\/egekilde\/wp-content\/uploads\/2022\/05\/Jeppe-Mads-Jepsen-1887-1948-og-Inger-Katrine-Margrethe-Jepsen-f-Kristensen-1888-1858-scaled.jpg"},"sameAs":["https:\/\/greiersen.dk\/egekilde"],"url":"https:\/\/greiersen.dk\/egekilde\/author\/admin\/"}]}},"_links":{"self":[{"href":"https:\/\/greiersen.dk\/egekilde\/wp-json\/wp\/v2\/posts\/6960","targetHints":{"allow":["GET"]}}],"collection":[{"href":"https:\/\/greiersen.dk\/egekilde\/wp-json\/wp\/v2\/posts"}],"about":[{"href":"https:\/\/greiersen.dk\/egekilde\/wp-json\/wp\/v2\/types\/post"}],"author":[{"embeddable":true,"href":"https:\/\/greiersen.dk\/egekilde\/wp-json\/wp\/v2\/users\/1"}],"replies":[{"embeddable":true,"href":"https:\/\/greiersen.dk\/egekilde\/wp-json\/wp\/v2\/comments?post=6960"}],"version-history":[{"count":14,"href":"https:\/\/greiersen.dk\/egekilde\/wp-json\/wp\/v2\/posts\/6960\/revisions"}],"predecessor-version":[{"id":8460,"href":"https:\/\/greiersen.dk\/egekilde\/wp-json\/wp\/v2\/posts\/6960\/revisions\/8460"}],"wp:attachment":[{"href":"https:\/\/greiersen.dk\/egekilde\/wp-json\/wp\/v2\/media?parent=6960"}],"wp:term":[{"taxonomy":"category","embeddable":true,"href":"https:\/\/greiersen.dk\/egekilde\/wp-json\/wp\/v2\/categories?post=6960"},{"taxonomy":"post_tag","embeddable":true,"href":"https:\/\/greiersen.dk\/egekilde\/wp-json\/wp\/v2\/tags?post=6960"}],"curies":[{"name":"wp","href":"https:\/\/api.w.org\/{rel}","templated":true}]}}