{"id":6998,"date":"2024-03-04T20:39:50","date_gmt":"2024-03-04T19:39:50","guid":{"rendered":"https:\/\/greiersen.dk\/egekilde\/?p=6998"},"modified":"2026-02-04T19:09:49","modified_gmt":"2026-02-04T18:09:49","slug":"herloev-sigurd-petersen-1922-1981","status":"publish","type":"post","link":"https:\/\/greiersen.dk\/egekilde\/herloev-sigurd-petersen-1922-1981\/","title":{"rendered":"Herl\u00f8v Sigurd Petersen 1922 &#8211; 1981"},"content":{"rendered":"\n<div class=\"wp-block-columns is-layout-flex wp-container-core-columns-is-layout-9d6595d7 wp-block-columns-is-layout-flex\">\n<div class=\"wp-block-column is-layout-flow wp-block-column-is-layout-flow\">\n<p><strong>Karolines mormors storebror &#8211; 58 \u00e5r<\/strong><br><em><sup>Mormors bror<\/sup><\/em><\/p>\n\n\n\n<p>Herl\u00f8v Sigurd Pedersen var en dansk arbejdsmand, der levede et omtumlet og rodet liv. Han blev f\u00f8dt i 1922 i H\u00f8nsinge, Vig sogn, Holb\u00e6k amt, som s\u00f8n af husmand Olaf Valdemar Pedersen og Martha Marie Pedersen. Han blev d\u00f8bt i Vig kirke samme \u00e5r. Han voksede op i H\u00f8nsinge og H\u00f8jby, hvor hans for\u00e6ldre drev landbrug. Han blev konfirmeret i H\u00f8jby kirke i 1937 og boede i Gudmindrup.<\/p>\n\n\n\n<p>I 1940 blev han indsat i ungdomsf\u00e6ngslet i Nyborg, Nyborg sogn, Svendborg amt, for en ukendt forbrydelse.<\/p>\n<\/div>\n\n\n\n<div class=\"wp-block-column is-layout-flow wp-block-column-is-layout-flow\">\n<figure class=\"wp-block-image alignwide size-large\"><img decoding=\"async\" src=\"https:\/\/greiersen.dk\/egekilde\/wp-content\/uploads\/2026\/02\/09b30a49-fdcd-498e-9c71-c6be178bd0c7.jpg\" alt=\"\"\/><\/figure>\n\n\n\n<figure class=\"wp-block-flexible-table-block-table\"><table class=\"has-fixed-layout\"><tbody><tr><td style=\"line-height:0.5;width:10px;text-align:left\"><\/td><td style=\"width:10px;text-align:left;line-height:0.5\"><\/td><td style=\"line-height:0.5;width:65px;text-align:left\"><\/td><td style=\"line-height:0.5;text-align:left\"><\/td><td style=\"line-height:0.5;width:10px;text-align:right\"><\/td><\/tr><tr><td style=\"width:10px;color:#ffffff;background-color:#2a4861;border-color:#2a4861;text-align:left\"><\/td><td colspan=\"3\" style=\"width:10px;text-align:center;color:#ffffff;background-color:#2a4861;border-color:#2a4861;font-size:16px\"><strong><strong>Herl\u00f8v Sigurd Petersen<\/strong><\/strong><\/td><td style=\"width:10px;color:#ffffff;background-color:#2a4861;border-color:#2a4861;text-align:right\"><\/td><\/tr><tr><td style=\"width:10px;font-size:14px;background-color:#ededef;border-color:#ededef;text-align:left;vertical-align:top\"><\/td><td colspan=\"2\" style=\"width:10px;background-color:#ededef;border-color:#ededef;text-align:left;font-size:14px;vertical-align:top\"><strong>Far:<\/strong><\/td><td style=\"text-align:left;font-size:14px;background-color:#ededef;border-color:#ededef;vertical-align:top\"><a data-type=\"post\" data-id=\"199\" href=\"https:\/\/greiersen.dk\/egekilde\/?p=199\">Olaf Valdemar Pedersen<\/a><\/td><td style=\"width:10px;font-size:14px;background-color:#ededef;border-color:#ededef;text-align:right;vertical-align:top\"><\/td><\/tr><tr><td style=\"width:10px;font-size:14px;background-color:#ededef;border-color:#ededef;text-align:left;vertical-align:top\"><\/td><td colspan=\"2\" style=\"width:10px;text-align:left;background-color:#ededef;border-color:#ededef;font-size:14px;vertical-align:top\"><strong>Mor:<\/strong><\/td><td style=\"text-align:left;font-size:14px;background-color:#ededef;border-color:#ededef;vertical-align:top\"><a href=\"https:\/\/greiersen.dk\/egekilde\/?p=201\">Marta Marie Pedersen<\/a><\/td><td style=\"width:10px;font-size:14px;background-color:#ededef;border-color:#ededef;text-align:right;vertical-align:top\"><\/td><\/tr><tr><td style=\"width:10px;line-height:0.5;font-size:10px;text-align:left;color:#ffffff\">\u25cf<\/td><td style=\"width:10px;text-align:left;line-height:0.5;font-size:10px;color:#ffffff\"><\/td><td style=\"width:65px;text-align:left;line-height:0.5;font-size:10px;color:#ffffff\"><\/td><td style=\"text-align:left;line-height:0.5;font-size:10px;color:#ffffff\"><\/td><td style=\"width:10px;line-height:0.5;font-size:10px;text-align:right;color:#ffffff\">\u25cf<\/td><\/tr><tr><td style=\"width:10px;font-size:14px;background-color:#ededef;border-color:#ededef;text-align:left;vertical-align:top\"><\/td><td colspan=\"2\" style=\"width:10px;text-align:left;font-size:14px;background-color:#ededef;border-color:#ededef;vertical-align:top\"><strong><abbr class='c2c-text-hover' title='Gift. Indg\u00e5 \u00e6gteskab mellem to personer ved en kirkelig ceremoni.'>Viet<\/abbr>:<sup>1<\/sup><\/strong><\/td><td style=\"text-align:left;font-size:14px;background-color:#ededef;border-color:#ededef;vertical-align:top\">Aase Louisa Jensen<\/td><td style=\"width:10px;font-size:14px;background-color:#ededef;border-color:#ededef;text-align:right;vertical-align:top\"><\/td><\/tr><tr><td style=\"background-color:#ededef;border-color:#ededef;font-size:14px;vertical-align:top\"><\/td><td style=\"background-color:#ededef;border-color:#ededef;font-size:14px;vertical-align:top\"><\/td><td style=\"background-color:#ededef;border-color:#ededef;font-size:14px;width:65px;vertical-align:top\"><strong>B\u00f8rn: <\/strong><\/td><td style=\"background-color:#ededef;border-color:#ededef;font-size:14px;vertical-align:top\">Tonny \u25cf Tommy \u25cf Johnny<\/td><td style=\"background-color:#ededef;border-color:#ededef;font-size:14px;vertical-align:top\"><\/td><\/tr><tr><td style=\"width:10px;line-height:0.5;font-size:16px;text-align:left\"><\/td><td style=\"width:10px;text-align:left;font-size:16px;line-height:0.5\"><\/td><td style=\"width:65px;text-align:left;line-height:0.5;font-size:16px\"><\/td><td style=\"text-align:left;line-height:0.5;font-size:16px\"><\/td><td style=\"width:10px;line-height:0.5;font-size:16px;text-align:right\"><\/td><\/tr><\/tbody><\/table><\/figure>\n\n\n\n<figure class=\"wp-block-image size-large\"><img decoding=\"async\" src=\"https:\/\/greiersen.dk\/egekilde\/wp-content\/uploads\/2026\/02\/821096UngdomsfC3A6ngsel20stempel.jpg\" alt=\"\"\/><\/figure>\n<\/div>\n<\/div>\n\n\n\n<p>Herl\u00f8v Sigurd var registreret hos sognefogeden i Glostrup til at indg\u00e5 \u00e6gteskab med Sonja Elisabeth Petersen den 1. juli 1945, men brylluppet blev tilsyneladende aflyst, da de ikke blev optaget i \u00e6gteskabsbogen, og Sonja Elisabeth Petersen giftede sig med en anden to \u00e5r senere.<\/p>\n\n\n\n<p>Han blev gift med Aase Louisa Jensen i 1948 p\u00e5 K\u00f8benhavns r\u00e5dhus. De fik en s\u00f8n, Tonny Pedersen, i 1949, som d\u00f8de af polio i 1952. I 1950\u2019erne fik de to andre s\u00f8nner, Tommy og Johnny, som jeg ikke har fundet i kirkeb\u00f8gerne. Aase Louisa Jensen havde to b\u00f8rn fra f\u00f8r, Annelise Thustrup i 1945 og Benny Thustrup i 1947. Han accepterede faderrollen til begge b\u00f8rn, som s\u00e5 kom til at hede Pedersen.<\/p>\n\n\n\n<p>Herl\u00f8v og Aase var alkoholikere og opholdt sig meget p\u00e5 Havnekroen i Nyk\u00f8bing Sj\u00e6lland, hvor de ikke havde noget fast arbejde. Aase tjente lidt penge ved at danse p\u00e5 bordene p\u00e5 kroen. Herl\u00f8v blev enkemand i 1970\u2019erne, da Aase d\u00f8de. Han d\u00f8de selv i 1981 i Nyk\u00f8bing Sj\u00e6lland og blev begravet der.<\/p>\n\n\n\n<h4 class=\"wp-block-heading\">Fakta tidslinje &#8211; barn<\/h4>\n\n\n\n<figure class=\"wp-block-flexible-table-block-table\"><table class=\"has-fixed-layout\"><tbody><tr><td style=\"width:70px;background-color:#ededef;border-color:#84848f;text-align:center;vertical-align:top\"><\/td><td style=\"width:30px;background-color:#ededef;border-color:#84848f;text-align:center;vertical-align:top\"><\/td><td style=\"background-color:#ededef;border-color:#84848f;vertical-align:top\"><\/td><\/tr><tr><td rowspan=\"4\" style=\"width:70px;text-align:center;vertical-align:top\"><strong>1922<\/strong><\/td><td style=\"width:30px;text-align:center;vertical-align:top\"><mark style=\"background-color:rgba(0, 0, 0, 0)\" class=\"has-inline-color has-tertiary-color\">\u25cf<\/mark><\/td><td style=\"vertical-align:top\"><strong><a href=\"https:\/\/arkivalieronline.rigsarkivet.dk\/da\/billedviser?epid=17119783#158688,26659985\" target=\"_blank\" rel=\"noreferrer noopener nofollow\">F\u00f8dt<\/a><\/strong> den 9. oktober 1922. H\u00f8nsinge, <a href=\"https:\/\/greiersen.dk\/g-wiki\/vig-sogn\/\" target=\"_blank\" rel=\"noreferrer noopener nofollow\">Vig sogn<\/a>, Holb\u00e6k amt. <\/td><\/tr><tr><td style=\"width:30px;text-align:center;background-color:#ededef;border-color:#84848f;vertical-align:top\"><\/td><td style=\"background-color:#ededef;border-color:#84848f;vertical-align:top\"><\/td><\/tr><tr><td style=\"width:30px;text-align:center;vertical-align:top\"><mark style=\"background-color:rgba(0, 0, 0, 0)\" class=\"has-inline-color has-tertiary-color\">\u25cf<\/mark><\/td><td style=\"vertical-align:top\"><strong><a href=\"https:\/\/arkivalieronline.rigsarkivet.dk\/da\/billedviser?epid=17119783#158688,26659985\" target=\"_blank\" rel=\"noreferrer noopener nofollow\">D\u00f8bt<\/a><\/strong> den 3. december 1922. <a href=\"https:\/\/greiersen.dk\/g-wiki\/vig-sogn\/\" target=\"_blank\" rel=\"noreferrer noopener nofollow\">Vig kirke<\/a>, Holb\u00e6k amt. <\/td><\/tr><tr><td><\/td><td style=\"font-size:16px\">Husmand Plaf Valdemar Pedersen, 32 Aar og Hustru Martha Marie Petersen, 26 Aar, i H\u00f8nsinge.<\/td><\/tr><tr><td style=\"width:70px;text-align:center;background-color:#ededef;border-color:#84848f;vertical-align:top\"><\/td><td style=\"width:30px;text-align:center;background-color:#ededef;border-color:#84848f;vertical-align:top\"><\/td><td style=\"background-color:#ededef;border-color:#84848f;vertical-align:top\"><\/td><\/tr><tr><td style=\"width:70px;text-align:center;vertical-align:top\"><strong>1925<\/strong><br><sup>3 \u00e5r<\/sup><\/td><td style=\"width:30px;text-align:center;vertical-align:top\"><mark style=\"background-color:rgba(0, 0, 0, 0)\" class=\"has-inline-color has-tertiary-color\">\u25cf<\/mark><\/td><td style=\"vertical-align:top\"><strong><a href=\"https:\/\/arkivalieronline.rigsarkivet.dk\/da\/billedviser?bsid=92583#92583,15350889\" target=\"_blank\" rel=\"noreferrer noopener nofollow\">FT 1925<\/a><\/strong>.<strong> <\/strong>H\u00f8nsinge, <a href=\"https:\/\/greiersen.dk\/g-wiki\/vig-sogn\/\" target=\"_blank\" rel=\"noreferrer noopener nofollow\">Vig sogn<\/a>, Holb\u00e6k amt. <em>Husfader, Landmand. Husmoder og b\u00f8rn. <\/em><\/td><\/tr><tr><td style=\"width:70px;text-align:center;background-color:#ededef;border-color:#84848f;vertical-align:top\"><\/td><td style=\"width:30px;text-align:center;background-color:#ededef;border-color:#84848f;vertical-align:top\"><\/td><td style=\"background-color:#ededef;border-color:#84848f;vertical-align:top\"><\/td><\/tr><tr><td style=\"width:70px;text-align:center;vertical-align:top\"><strong>1930<\/strong><br><sup>8 \u00e5r<\/sup><\/td><td style=\"width:30px;text-align:center;vertical-align:top\"><mark style=\"background-color:rgba(0, 0, 0, 0)\" class=\"has-inline-color has-tertiary-color\">\u25cf<\/mark><\/td><td style=\"vertical-align:top\"><strong><strong><a href=\"https:\/\/arkivalieronline.rigsarkivet.dk\/da\/billedviser?bsid=102168#102168,16187802\" target=\"_blank\" rel=\"noreferrer noopener nofollow\">FT 1930<\/a><\/strong><\/strong>. <a href=\"https:\/\/greiersen.dk\/g-wiki\/hoejby-sogn\/\" target=\"_blank\" rel=\"noreferrer noopener nofollow\">H\u00f8jby sogn<\/a>, Holb\u00e6k amt. <em>Husfader, Landbrug, Husmoder og b\u00f8rn.<\/em><\/td><\/tr><tr><td style=\"width:70px;text-align:center;background-color:#ededef;border-color:#84848f;vertical-align:top\"><\/td><td style=\"width:30px;text-align:center;background-color:#ededef;border-color:#84848f;vertical-align:top\"><\/td><td style=\"background-color:#ededef;border-color:#84848f;vertical-align:top\"><\/td><\/tr><tr><td style=\"width:70px;text-align:center;vertical-align:top\"><strong>1937<\/strong><br><sup>14 \u00e5r<\/sup><\/td><td style=\"width:30px;text-align:center;vertical-align:top\"><mark style=\"background-color:rgba(0, 0, 0, 0)\" class=\"has-inline-color has-tertiary-color\">\u25cf<\/mark><\/td><td style=\"vertical-align:top\"><strong><a href=\"https:\/\/arkivalieronline.rigsarkivet.dk\/da\/billedviser?epid=17116230#151969,25278942\" target=\"_blank\" rel=\"noreferrer noopener\">Konfirmeret<\/a><\/strong> den 4. april 1937. <a href=\"https:\/\/greiersen.dk\/g-wiki\/hoejby-sogn\/\" target=\"_blank\" rel=\"noreferrer noopener nofollow\">H\u00f8jby kirke<\/a>, Holb\u00e6k amt.<br>Bor Gudmindrup.  <\/td><\/tr><tr><td style=\"width:70px;text-align:center;background-color:#ededef;border-color:#84848f;vertical-align:top\"><\/td><td style=\"width:30px;text-align:center;background-color:#ededef;border-color:#84848f;vertical-align:top\"><\/td><td style=\"background-color:#ededef;border-color:#84848f;vertical-align:top\"><\/td><\/tr><tr><td style=\"width:70px;text-align:center;vertical-align:top\"><strong>1940<\/strong><br><sup>19 \u00e5r<\/sup><\/td><td style=\"width:30px;text-align:center;vertical-align:top\"><mark style=\"background-color:rgba(0, 0, 0, 0)\" class=\"has-inline-color has-tertiary-color\">\u25cf<\/mark><\/td><td style=\"vertical-align:top\"><strong><a href=\"https:\/\/arkivalieronline.rigsarkivet.dk\/da\/billedviser?bsid=246279#246279,46794923\" target=\"_blank\" rel=\"noreferrer noopener\">FT 1940<\/a><\/strong>. Ungdomsf\u00e6ngslet Nyborg, Nyborg sogn, Svendborg amt. <\/td><\/tr><tr><td style=\"width:70px;text-align:center;background-color:#ededef;border-color:#84848f;vertical-align:top\"><\/td><td style=\"width:30px;text-align:center;background-color:#ededef;border-color:#84848f;vertical-align:top\"><\/td><td style=\"background-color:#ededef;border-color:#84848f;vertical-align:top\"><\/td><\/tr><\/tbody><\/table><\/figure>\n\n\n\n<h4 class=\"wp-block-heading\">Fakta tidslinje &#8211; f\u00f8r \u00e6gteskab<\/h4>\n\n\n\n<figure class=\"wp-block-flexible-table-block-table\"><table class=\"has-fixed-layout\"><tbody><tr><td style=\"width:70px;background-color:#ededef;border-color:#84848f;text-align:center;vertical-align:top\"><\/td><td style=\"width:30px;background-color:#ededef;border-color:#84848f;text-align:center;vertical-align:top\"><\/td><td style=\"background-color:#ededef;border-color:#84848f;vertical-align:top\"><\/td><\/tr><tr><td rowspan=\"2\" style=\"width:70px;text-align:center;vertical-align:top\"><strong>&#8211;<\/strong><\/td><td style=\"width:30px;text-align:center;vertical-align:top\"><mark style=\"background-color:rgba(0, 0, 0, 0)\" class=\"has-inline-color has-tertiary-color\">\u25cf<\/mark><\/td><td style=\"vertical-align:top;background-color:#ffeab1\"><strong><a href=\"https:\/\/arkivalieronline.rigsarkivet.dk\/da\/billedviser?epid=17117550#154307,25736436\" target=\"_blank\" rel=\"noreferrer noopener\">Barn<\/a><\/strong> f\u00f8dt den 22. januar 1945. <a href=\"https:\/\/greiersen.dk\/g-wiki\/noerre-asmindrup-sogn\/\" target=\"_blank\" rel=\"noreferrer noopener\">N\u00f8rre Asmindrup sogn<\/a>, Holb\u00e6k amt. Annelise <s>Thustrup<\/s> <mark style=\"background-color:rgba(0, 0, 0, 0)\" class=\"has-inline-color has-primary-color\">Pedersen<\/mark>. <\/td><\/tr><tr><td><\/td><td style=\"font-size:16px\">Ugift Husassistent Aase Louisa Jensen, f\u00f8dt 5 juli 1825, Kildehusene.<br>Faderskabet anerkendt i f\u00f8lge skr. af 11-6-45 fra civildommeren i Sdr. Birk.<br><mark style=\"background-color:rgba(0, 0, 0, 0)\" class=\"has-inline-color has-accent-color\">[Her er Thustrup slettet og Pedersen tilf\u00f8jet, Under for\u00e6ldre er Herl\u00f8v Sigfred Pedersen skrevet ind]<\/mark>.<\/td><\/tr><tr><td style=\"width:70px;text-align:center;background-color:#ededef;border-color:#84848f;vertical-align:top\"><\/td><td style=\"width:30px;text-align:center;background-color:#ededef;border-color:#84848f;vertical-align:top\"><\/td><td style=\"background-color:#ededef;border-color:#84848f;vertical-align:top\"><\/td><\/tr><tr><td rowspan=\"2\" style=\"width:70px;text-align:center;vertical-align:top\"><strong>1945<\/strong><br><sup>22 \u00e5r<\/sup><\/td><td style=\"width:30px;text-align:center;vertical-align:top\"><mark style=\"background-color:rgba(0, 0, 0, 0)\" class=\"has-inline-color has-tertiary-color\">\u25cf<\/mark><\/td><td style=\"vertical-align:top;background-color:#ffeab1\"><strong><a href=\"https:\/\/arkivalieronline.rigsarkivet.dk\/da\/billedviser?epid=21638694#405210,74961668\" target=\"_blank\" rel=\"noreferrer noopener\">\u00c6gteskabs Journal<\/a><\/strong>, Sognefogeden i Glostrup, K\u00f8benhavns amt. Med Sonja Elisabeth Petersen.<\/td><\/tr><tr><td><\/td><td style=\"font-size:16px\">Brudgom: Herl\u00f8v Sigurd Pedersen, Arbejdsmand, Gasv\u00e6rksvej 9. 9\/10 1922 Vig, Holb\u00e6k amt.<br>Sonja Elisabeth Petersen, Husassistent, Gasv\u00e6rksvej 25. 16\/5 1924, Aved\u00f8re, Br\u00f8ndby\u00f8ster. <br>Dommeren i sdr. Birk. Sognefogeden Glistrup. 1. juli 1945.<br><mark style=\"background-color:rgba(0, 0, 0, 0)\" class=\"has-inline-color has-accent-color\">[Der er ingen indf\u00f8rsel i \u00e6gteskabsbogen, s\u00e5 vielsen m\u00e5 v\u00e6re oph\u00e6vet, Sonja Elisabeth Petersen gifter sig med en anden to \u00e5r senere]<\/mark>.<\/td><\/tr><tr><td style=\"width:70px;text-align:center;background-color:#ededef;border-color:#84848f;vertical-align:top\"><\/td><td style=\"width:30px;text-align:center;background-color:#ededef;border-color:#84848f;vertical-align:top\"><\/td><td style=\"background-color:#ededef;border-color:#84848f;vertical-align:top\"><\/td><\/tr><tr><td rowspan=\"2\" style=\"width:70px;text-align:center;vertical-align:top\"><strong>&#8211;<\/strong><\/td><td style=\"width:30px;text-align:center;vertical-align:top\"><mark style=\"background-color:rgba(0, 0, 0, 0)\" class=\"has-inline-color has-tertiary-color\">\u25cf<\/mark><\/td><td style=\"vertical-align:top;background-color:#ffeab1\"><strong><a href=\"https:\/\/arkivalieronline.rigsarkivet.dk\/da\/billedviser?epid=17117550#154307,25736398\" target=\"_blank\" rel=\"noreferrer noopener\">Barn<\/a><\/strong> f\u00f8dt den 18 juli 1947 Kildehusende, <a href=\"https:\/\/greiersen.dk\/g-wiki\/noerre-asmindrup-sogn\/\" target=\"_blank\" rel=\"noreferrer noopener\">N\u00f8rre Asmindrup sogn<\/a>, Holb\u00e6k amt. Benny <s>Thustrup<\/s> <mark style=\"background-color:rgba(0, 0, 0, 0)\" class=\"has-inline-color has-primary-color\">Pedersen<\/mark>. <\/td><\/tr><tr><td><\/td><td style=\"font-size:16px\">Ugift Husassistent Aase Louisa Jensen, f\u00f8dt 5 juli 1825, Kildehusene og Snedker Jens Christian Thustrup, Kildehusene, f\u00f8dt 1ste februar 1903.<br>Faderskabet anerkendt ifg. meddeler af 10\/9 47 fra Politiafd. Nyk\u00f8bing Sj.<br><mark style=\"background-color:rgba(0, 0, 0, 0)\" class=\"has-inline-color has-accent-color\">[Her er Thustrup slettet og Pedersen tilf\u00f8jet, Under for\u00e6ldre er Herl\u00f8v Sigfred Pedersen skrevet ind]<\/mark>.<\/td><\/tr><tr><td style=\"width:70px;text-align:center;background-color:#ededef;border-color:#84848f;vertical-align:top\"><\/td><td style=\"width:30px;text-align:center;background-color:#ededef;border-color:#84848f;vertical-align:top\"><\/td><td style=\"background-color:#ededef;border-color:#84848f;vertical-align:top\"><\/td><\/tr><\/tbody><\/table><\/figure>\n\n\n\n<h4 class=\"wp-block-heading\">Fakta tidslinje &#8211; gift<\/h4>\n\n\n\n<figure class=\"wp-block-flexible-table-block-table\"><table class=\"has-fixed-layout\"><tbody><tr><td style=\"width:70px;background-color:#ededef;border-color:#84848f;text-align:center;vertical-align:top\"><\/td><td style=\"width:30px;background-color:#ededef;border-color:#84848f;text-align:center;vertical-align:top\"><\/td><td style=\"background-color:#ededef;border-color:#84848f;vertical-align:top\"><\/td><\/tr><tr><td rowspan=\"2\" style=\"width:70px;text-align:center;vertical-align:top\"><strong>1948<\/strong><br><sup>25 \u00e5r<\/sup><\/td><td style=\"width:30px;text-align:center;vertical-align:top\"><mark style=\"background-color:rgba(0, 0, 0, 0)\" class=\"has-inline-color has-tertiary-color\"><mark style=\"background-color:rgba(0, 0, 0, 0);color:#f80404\" class=\"has-inline-color\">\u2764<\/mark><\/mark><\/td><td style=\"vertical-align:top\"><strong><a href=\"https:\/\/arkivalieronline.rigsarkivet.dk\/da\/billedviser?epid=14833425#51604,11528165\" target=\"_blank\" rel=\"noreferrer noopener\"><abbr class='c2c-text-hover' title='Gift. Indg\u00e5 \u00e6gteskab mellem to personer ved en kirkelig ceremoni.'>Viet<\/abbr><\/a><\/strong> den 21. august 1948. R\u00e5dhuset K\u00f8benhavn.<em> Med Aase Louisa Jensen.<\/em><\/td><\/tr><tr><td><\/td><td style=\"font-size:16px\">Brudgom:  Ugift Herl\u00f8v Sigurd Pedersen, 9\/12 &#8211; 1922, Vig sogn, Holb\u00e6k amt. Fabriksarbejder p\u00e5 Ny Carlsberggade 63.<br>Brud: Ugift Aase Louisa Jensen, 5\/7 &#8211; 1925, Rigshospitalet, K\u00f8benhavn. Fabriksarbejder p\u00e5 Ny Carlsberggade 63. <\/td><\/tr><tr><td style=\"width:70px;text-align:center;background-color:#ededef;border-color:#84848f;vertical-align:top\"><\/td><td style=\"width:30px;text-align:center;background-color:#ededef;border-color:#84848f;vertical-align:top\"><\/td><td style=\"background-color:#ededef;border-color:#84848f;vertical-align:top\"><\/td><\/tr><tr><td style=\"width:70px;text-align:center;vertical-align:top\"><strong>1949<\/strong><br><sup>26 \u00e5r<\/sup><\/td><td style=\"width:30px;text-align:center;vertical-align:top\"><mark style=\"background-color:rgba(0, 0, 0, 0)\" class=\"has-inline-color has-tertiary-color\">\u25cf<\/mark><\/td><td style=\"vertical-align:top;background-color:#c3edfb\"><strong><a href=\"https:\/\/arkivalieronline.rigsarkivet.dk\/da\/billedviser?epid=17117550#154307,25736402\" target=\"_blank\" rel=\"noreferrer noopener\">Barn<\/a><\/strong> f\u00f8dt den 8. maj 1949. Kildehusene, <a href=\"https:\/\/greiersen.dk\/g-wiki\/noerre-asmindrup-sogn\/\" target=\"_blank\" rel=\"noreferrer noopener\">N\u00f8rre Asmindrup sogn<\/a>, Holb\u00e6k amt. <em>Tonny Pedersen. <\/em><\/td><\/tr><tr><td><\/td><td><\/td><td style=\"font-size:16px\">Tonny <a href=\"https:\/\/arkivalieronline.rigsarkivet.dk\/da\/billedviser?epid=17116802#152926,25465202\" target=\"_blank\" rel=\"noreferrer noopener\">d\u00f8r<\/a> af Polio den 13. august 1952 p\u00e5 Blegdomshospitalet i K\u00f8benhavn og bliver begravet p\u00e5 Sorgenfri kirkeg\u00e5rd den 17. august 1952. <br>Barn &#8211; M\u00f8llevej 14, f. Nyk\u00f8bing Sj. S\u00f8n af Arbejdsmand Herl\u00f8v Sigurd Pedersen.<\/td><\/tr><tr><td style=\"width:70px;text-align:center;background-color:#ededef;border-color:#84848f;vertical-align:top\"><\/td><td style=\"width:30px;text-align:center;background-color:#ededef;border-color:#84848f;vertical-align:top\"><\/td><td style=\"background-color:#ededef;border-color:#84848f;vertical-align:top\"><\/td><\/tr><tr><td style=\"width:70px;text-align:center;vertical-align:top\"><strong>195?<\/strong><br><\/td><td style=\"width:30px;text-align:center;vertical-align:top\"><mark style=\"background-color:rgba(0, 0, 0, 0)\" class=\"has-inline-color has-tertiary-color\">\u25cf<\/mark><\/td><td style=\"vertical-align:top;background-color:#c3edfb\"><strong>B\u00f8rn<\/strong>. De har to drenge mere som jeg ikke har kunne finde i kirkeb\u00f8gerne, de hedder Tommy og Johnny. De er f\u00f8dt i 1950erne.<\/td><\/tr><tr><td style=\"width:70px;text-align:center;background-color:#ededef;border-color:#84848f;vertical-align:top\"><\/td><td style=\"width:30px;text-align:center;background-color:#ededef;border-color:#84848f;vertical-align:top\"><\/td><td style=\"background-color:#ededef;border-color:#84848f;vertical-align:top\"><\/td><\/tr><\/tbody><\/table><\/figure>\n\n\n\n<h4 class=\"wp-block-heading\">Fakta tidslinje &#8211; d\u00f8d<\/h4>\n\n\n\n<figure class=\"wp-block-flexible-table-block-table\"><table class=\"has-fixed-layout\"><tbody><tr><td style=\"width:70px;background-color:#ededef;border-color:#84848f;text-align:center;vertical-align:top\"><\/td><td style=\"width:30px;background-color:#ededef;border-color:#84848f;text-align:center;vertical-align:top\"><\/td><td style=\"background-color:#ededef;border-color:#84848f;vertical-align:top\"><\/td><\/tr><tr><td style=\"width:70px;text-align:center;vertical-align:top\"><strong>197?<\/strong><\/td><td style=\"width:30px;text-align:center;vertical-align:top\">\u25cf<\/td><td style=\"vertical-align:top\"><strong>Enkemand<\/strong> &#8211; kones d\u00f8d i 1970erne.<\/td><\/tr><tr><td style=\"width:70px;text-align:center;background-color:#ededef;border-color:#84848f;vertical-align:top\"><\/td><td style=\"width:30px;text-align:center;background-color:#ededef;border-color:#84848f;vertical-align:top\"><\/td><td style=\"background-color:#ededef;border-color:#84848f;vertical-align:top\"><\/td><\/tr><tr><td rowspan=\"3\" style=\"width:70px;text-align:center;vertical-align:top\"><strong>1981<\/strong><br><sup>58 \u00e5r<\/sup><\/td><td style=\"width:30px;text-align:center;vertical-align:top\">\u25cf<\/td><td style=\"vertical-align:top\"><strong>D\u00f8d<\/strong> den 9. juli 1981. Nyk\u00f8bing Sj\u00e6lland, Holb\u00e6k amt. <\/td><\/tr><tr><td style=\"width:30px;text-align:center;background-color:#ededef;border-color:#84848f;vertical-align:top\"><\/td><td style=\"background-color:#ededef;border-color:#84848f;vertical-align:top\"><\/td><\/tr><tr><td style=\"width:30px;text-align:center;vertical-align:top\">\u25cf<\/td><td style=\"vertical-align:top\"><strong>Begravet<\/strong> den 17. juli 1981. Nyk\u00f8bing Sj\u00e6lland, Holb\u00e6k amt. <\/td><\/tr><tr><td style=\"width:70px;text-align:center;background-color:#ededef;border-color:#84848f;vertical-align:top\"><\/td><td style=\"width:30px;text-align:center;background-color:#ededef;border-color:#84848f;vertical-align:top\"><\/td><td style=\"background-color:#ededef;border-color:#84848f;vertical-align:top\"><\/td><\/tr><\/tbody><\/table><\/figure>\n\n\n\n<h4 class=\"wp-block-heading\">Globale begivenheder<\/h4>\n\n\n\n<p class=\"has-light-gray-background-color has-background has-small-font-size\">Herl\u00f8v Sigurd Pedersen levede i en turbulent tid i Danmark og verden. Han oplevede blandt andet f\u00f8lgende begivenheder: <br>Den danske velf\u00e6rdsstat blev etableret i 1930\u2019erne af socialdemokratiske regeringer, der indf\u00f8rte social sikring, arbejdsl\u00f8shedsforsikring, folkepension og gratis sundhedsv\u00e6sen.<br>Danmark blev besat af Nazi-Tyskland under Anden Verdenskrig fra 1940 til 1945, men bevarede en vis grad af selvstyre. Den danske modstandsbev\u00e6gelse k\u00e6mpede mod bes\u00e6ttelsesmagten og hjalp mange j\u00f8der med at flygte til Sverige. Danmark blev befriet af de allierede styrker i 1945.<\/p>\n\n\n\n<figure class=\"wp-block-image size-large\"><a href=\"https:\/\/greiersen.dk\/egekilde\/wp-content\/uploads\/2026\/02\/799078IMG_20230322_0110.jpg\"><img decoding=\"async\" src=\"https:\/\/greiersen.dk\/egekilde\/wp-content\/uploads\/2026\/02\/799078IMG_20230322_0110.jpg\" alt=\"\"\/><\/a><figcaption class=\"wp-element-caption\"><em>Marta Marie og Olaf p\u00e5 deres bryllupsdag i 1964, billedet er taget i deres dagligstue sammen med deres b\u00f8rn. Bagerst fra venstre st\u00e5r Holger Pedersen, Svend Arthur, Helge Sigfred og Sigrid Agnete. Sidende p\u00e5 arml\u00e6n er Erna Magdalene og Herl\u00f8v Sigurt.<\/em><\/figcaption><\/figure>\n","protected":false},"excerpt":{"rendered":"<p>Karolines mormors storebror &#8211; 58 \u00e5rMormors bror Herl\u00f8v Sigurd Pedersen var en dansk arbejdsmand, der levede et omtumlet og rodet liv. Han blev f\u00f8dt i [&#8230;]<\/p>\n","protected":false},"author":1,"featured_media":0,"comment_status":"open","ping_status":"open","sticky":false,"template":"","format":"standard","meta":{"footnotes":""},"categories":[4],"tags":[265,261,264,18,101,268,22,5,267,20,21,266,9],"class_list":["post-6998","post","type-post","status-publish","format-standard","hentry","category-karolines-aner","tag-aase-louisa-jensen-1925","tag-glostrup","tag-herloev-sigurd-petersen-1922-1981","tag-hoejby-sogn","tag-koebenhavn","tag-koebenhavns-raadhus","tag-marta-marie-petersen-1896-1982","tag-noerre-asmindrup-sogn","tag-nyborg-sogn","tag-nykoebing-sjaelland","tag-olaf-valdemar-pedersen-1890-1976","tag-ungdomsfaengslet-nyborg","tag-vig-sogn"],"yoast_head":"<!-- This site is optimized with the Yoast SEO plugin v27.5 - https:\/\/yoast.com\/product\/yoast-seo-wordpress\/ -->\n<title>Herl\u00f8v Sigurd Petersen 1922 - 1981 - Egekilde aner<\/title>\n<meta name=\"description\" content=\"Herl\u00f8v Sigurd Petersen 1922 - 1981\" \/>\n<meta name=\"robots\" content=\"index, follow, max-snippet:-1, max-image-preview:large, max-video-preview:-1\" \/>\n<link rel=\"canonical\" href=\"https:\/\/greiersen.dk\/egekilde\/herloev-sigurd-petersen-1922-1981\/\" \/>\n<meta property=\"og:locale\" content=\"da_DK\" \/>\n<meta property=\"og:type\" content=\"article\" \/>\n<meta property=\"og:title\" content=\"Herl\u00f8v Sigurd Petersen 1922 - 1981 - Egekilde aner\" \/>\n<meta property=\"og:description\" content=\"Herl\u00f8v Sigurd Petersen 1922 - 1981\" \/>\n<meta property=\"og:url\" content=\"https:\/\/greiersen.dk\/egekilde\/herloev-sigurd-petersen-1922-1981\/\" \/>\n<meta property=\"og:site_name\" content=\"Egekilde aner\" \/>\n<meta property=\"article:published_time\" content=\"2024-03-04T19:39:50+00:00\" \/>\n<meta property=\"article:modified_time\" content=\"2026-02-04T18:09:49+00:00\" \/>\n<meta property=\"og:image\" content=\"https:\/\/greiersen.dk\/egekilde\/egekilde\/wp-content\/uploads\/2026\/02\/09b30a49-fdcd-498e-9c71-c6be178bd0c7.jpg\" \/>\n<meta name=\"author\" content=\"admin\" \/>\n<meta name=\"twitter:card\" content=\"summary_large_image\" \/>\n<meta name=\"twitter:label1\" content=\"Skrevet af\" \/>\n\t<meta name=\"twitter:data1\" content=\"admin\" \/>\n\t<meta name=\"twitter:label2\" content=\"Estimeret l\u00e6setid\" \/>\n\t<meta name=\"twitter:data2\" content=\"6 minutter\" \/>\n<script type=\"application\/ld+json\" class=\"yoast-schema-graph\">{\"@context\":\"https:\\\/\\\/schema.org\",\"@graph\":[{\"@type\":\"Article\",\"@id\":\"https:\\\/\\\/greiersen.dk\\\/egekilde\\\/herloev-sigurd-petersen-1922-1981\\\/#article\",\"isPartOf\":{\"@id\":\"https:\\\/\\\/greiersen.dk\\\/egekilde\\\/herloev-sigurd-petersen-1922-1981\\\/\"},\"author\":{\"name\":\"admin\",\"@id\":\"https:\\\/\\\/greiersen.dk\\\/egekilde\\\/#\\\/schema\\\/person\\\/ca47c2106addf58e871929ccc24106eb\"},\"headline\":\"Herl\u00f8v Sigurd Petersen 1922 &#8211; 1981\",\"datePublished\":\"2024-03-04T19:39:50+00:00\",\"dateModified\":\"2026-02-04T18:09:49+00:00\",\"mainEntityOfPage\":{\"@id\":\"https:\\\/\\\/greiersen.dk\\\/egekilde\\\/herloev-sigurd-petersen-1922-1981\\\/\"},\"wordCount\":880,\"commentCount\":0,\"publisher\":{\"@id\":\"https:\\\/\\\/greiersen.dk\\\/egekilde\\\/#\\\/schema\\\/person\\\/ca47c2106addf58e871929ccc24106eb\"},\"image\":{\"@id\":\"https:\\\/\\\/greiersen.dk\\\/egekilde\\\/herloev-sigurd-petersen-1922-1981\\\/#primaryimage\"},\"thumbnailUrl\":\"https:\\\/\\\/greiersen.dk\\\/egekilde\\\/wp-content\\\/uploads\\\/2026\\\/02\\\/09b30a49-fdcd-498e-9c71-c6be178bd0c7.jpg\",\"keywords\":[\"Aase Louisa Jensen 1925 -\",\"Glostrup\",\"Herl\u00f8v Sigurd Petersen 1922 - 1981\",\"H\u00f8jby sogn\",\"K\u00f8benhavn\",\"K\u00f8benhavns r\u00e5dhus\",\"Marta Marie Petersen 1896-1982\",\"N\u00f8rre Asmindrup sogn\",\"Nyborg sogn\",\"Nyk\u00f8bing Sj\u00e6lland\",\"Olaf Valdemar Pedersen 1890-1976\",\"Ungdomsf\u00e6ngslet Nyborg\",\"Vig sogn\"],\"articleSection\":[\"Karolines aner\"],\"inLanguage\":\"da-DK\",\"potentialAction\":[{\"@type\":\"CommentAction\",\"name\":\"Comment\",\"target\":[\"https:\\\/\\\/greiersen.dk\\\/egekilde\\\/herloev-sigurd-petersen-1922-1981\\\/#respond\"]}]},{\"@type\":\"WebPage\",\"@id\":\"https:\\\/\\\/greiersen.dk\\\/egekilde\\\/herloev-sigurd-petersen-1922-1981\\\/\",\"url\":\"https:\\\/\\\/greiersen.dk\\\/egekilde\\\/herloev-sigurd-petersen-1922-1981\\\/\",\"name\":\"Herl\u00f8v Sigurd Petersen 1922 - 1981 - Egekilde aner\",\"isPartOf\":{\"@id\":\"https:\\\/\\\/greiersen.dk\\\/egekilde\\\/#website\"},\"primaryImageOfPage\":{\"@id\":\"https:\\\/\\\/greiersen.dk\\\/egekilde\\\/herloev-sigurd-petersen-1922-1981\\\/#primaryimage\"},\"image\":{\"@id\":\"https:\\\/\\\/greiersen.dk\\\/egekilde\\\/herloev-sigurd-petersen-1922-1981\\\/#primaryimage\"},\"thumbnailUrl\":\"https:\\\/\\\/greiersen.dk\\\/egekilde\\\/wp-content\\\/uploads\\\/2026\\\/02\\\/09b30a49-fdcd-498e-9c71-c6be178bd0c7.jpg\",\"datePublished\":\"2024-03-04T19:39:50+00:00\",\"dateModified\":\"2026-02-04T18:09:49+00:00\",\"description\":\"Herl\u00f8v Sigurd Petersen 1922 - 1981\",\"breadcrumb\":{\"@id\":\"https:\\\/\\\/greiersen.dk\\\/egekilde\\\/herloev-sigurd-petersen-1922-1981\\\/#breadcrumb\"},\"inLanguage\":\"da-DK\",\"potentialAction\":[{\"@type\":\"ReadAction\",\"target\":[\"https:\\\/\\\/greiersen.dk\\\/egekilde\\\/herloev-sigurd-petersen-1922-1981\\\/\"]}]},{\"@type\":\"ImageObject\",\"inLanguage\":\"da-DK\",\"@id\":\"https:\\\/\\\/greiersen.dk\\\/egekilde\\\/herloev-sigurd-petersen-1922-1981\\\/#primaryimage\",\"url\":\"https:\\\/\\\/greiersen.dk\\\/egekilde\\\/wp-content\\\/uploads\\\/2026\\\/02\\\/09b30a49-fdcd-498e-9c71-c6be178bd0c7.jpg\",\"contentUrl\":\"https:\\\/\\\/greiersen.dk\\\/egekilde\\\/wp-content\\\/uploads\\\/2026\\\/02\\\/09b30a49-fdcd-498e-9c71-c6be178bd0c7.jpg\",\"width\":195,\"height\":195},{\"@type\":\"BreadcrumbList\",\"@id\":\"https:\\\/\\\/greiersen.dk\\\/egekilde\\\/herloev-sigurd-petersen-1922-1981\\\/#breadcrumb\",\"itemListElement\":[{\"@type\":\"ListItem\",\"position\":1,\"name\":\"Hjem\",\"item\":\"https:\\\/\\\/greiersen.dk\\\/egekilde\\\/\"},{\"@type\":\"ListItem\",\"position\":2,\"name\":\"Herl\u00f8v Sigurd Petersen 1922 &#8211; 1981\"}]},{\"@type\":\"WebSite\",\"@id\":\"https:\\\/\\\/greiersen.dk\\\/egekilde\\\/#website\",\"url\":\"https:\\\/\\\/greiersen.dk\\\/egekilde\\\/\",\"name\":\"Egekilde aner\",\"description\":\"Jensen, Madsen og Nielsen i Odsherred\",\"publisher\":{\"@id\":\"https:\\\/\\\/greiersen.dk\\\/egekilde\\\/#\\\/schema\\\/person\\\/ca47c2106addf58e871929ccc24106eb\"},\"potentialAction\":[{\"@type\":\"SearchAction\",\"target\":{\"@type\":\"EntryPoint\",\"urlTemplate\":\"https:\\\/\\\/greiersen.dk\\\/egekilde\\\/?s={search_term_string}\"},\"query-input\":{\"@type\":\"PropertyValueSpecification\",\"valueRequired\":true,\"valueName\":\"search_term_string\"}}],\"inLanguage\":\"da-DK\"},{\"@type\":[\"Person\",\"Organization\"],\"@id\":\"https:\\\/\\\/greiersen.dk\\\/egekilde\\\/#\\\/schema\\\/person\\\/ca47c2106addf58e871929ccc24106eb\",\"name\":\"admin\",\"image\":{\"@type\":\"ImageObject\",\"inLanguage\":\"da-DK\",\"@id\":\"https:\\\/\\\/greiersen.dk\\\/egekilde\\\/wp-content\\\/uploads\\\/2022\\\/05\\\/Jeppe-Mads-Jepsen-1887-1948-og-Inger-Katrine-Margrethe-Jepsen-f-Kristensen-1888-1858-scaled.jpg\",\"url\":\"https:\\\/\\\/greiersen.dk\\\/egekilde\\\/wp-content\\\/uploads\\\/2022\\\/05\\\/Jeppe-Mads-Jepsen-1887-1948-og-Inger-Katrine-Margrethe-Jepsen-f-Kristensen-1888-1858-scaled.jpg\",\"contentUrl\":\"https:\\\/\\\/greiersen.dk\\\/egekilde\\\/wp-content\\\/uploads\\\/2022\\\/05\\\/Jeppe-Mads-Jepsen-1887-1948-og-Inger-Katrine-Margrethe-Jepsen-f-Kristensen-1888-1858-scaled.jpg\",\"width\":2560,\"height\":1925,\"caption\":\"admin\"},\"logo\":{\"@id\":\"https:\\\/\\\/greiersen.dk\\\/egekilde\\\/wp-content\\\/uploads\\\/2022\\\/05\\\/Jeppe-Mads-Jepsen-1887-1948-og-Inger-Katrine-Margrethe-Jepsen-f-Kristensen-1888-1858-scaled.jpg\"},\"sameAs\":[\"https:\\\/\\\/greiersen.dk\\\/egekilde\"],\"url\":\"https:\\\/\\\/greiersen.dk\\\/egekilde\\\/author\\\/admin\\\/\"}]}<\/script>\n<!-- \/ Yoast SEO plugin. -->","yoast_head_json":{"title":"Herl\u00f8v Sigurd Petersen 1922 - 1981 - Egekilde aner","description":"Herl\u00f8v Sigurd Petersen 1922 - 1981","robots":{"index":"index","follow":"follow","max-snippet":"max-snippet:-1","max-image-preview":"max-image-preview:large","max-video-preview":"max-video-preview:-1"},"canonical":"https:\/\/greiersen.dk\/egekilde\/herloev-sigurd-petersen-1922-1981\/","og_locale":"da_DK","og_type":"article","og_title":"Herl\u00f8v Sigurd Petersen 1922 - 1981 - Egekilde aner","og_description":"Herl\u00f8v Sigurd Petersen 1922 - 1981","og_url":"https:\/\/greiersen.dk\/egekilde\/herloev-sigurd-petersen-1922-1981\/","og_site_name":"Egekilde aner","article_published_time":"2024-03-04T19:39:50+00:00","article_modified_time":"2026-02-04T18:09:49+00:00","og_image":[{"url":"https:\/\/greiersen.dk\/egekilde\/egekilde\/wp-content\/uploads\/2026\/02\/09b30a49-fdcd-498e-9c71-c6be178bd0c7.jpg","type":"","width":"","height":""}],"author":"admin","twitter_card":"summary_large_image","twitter_misc":{"Skrevet af":"admin","Estimeret l\u00e6setid":"6 minutter"},"schema":{"@context":"https:\/\/schema.org","@graph":[{"@type":"Article","@id":"https:\/\/greiersen.dk\/egekilde\/herloev-sigurd-petersen-1922-1981\/#article","isPartOf":{"@id":"https:\/\/greiersen.dk\/egekilde\/herloev-sigurd-petersen-1922-1981\/"},"author":{"name":"admin","@id":"https:\/\/greiersen.dk\/egekilde\/#\/schema\/person\/ca47c2106addf58e871929ccc24106eb"},"headline":"Herl\u00f8v Sigurd Petersen 1922 &#8211; 1981","datePublished":"2024-03-04T19:39:50+00:00","dateModified":"2026-02-04T18:09:49+00:00","mainEntityOfPage":{"@id":"https:\/\/greiersen.dk\/egekilde\/herloev-sigurd-petersen-1922-1981\/"},"wordCount":880,"commentCount":0,"publisher":{"@id":"https:\/\/greiersen.dk\/egekilde\/#\/schema\/person\/ca47c2106addf58e871929ccc24106eb"},"image":{"@id":"https:\/\/greiersen.dk\/egekilde\/herloev-sigurd-petersen-1922-1981\/#primaryimage"},"thumbnailUrl":"https:\/\/greiersen.dk\/egekilde\/wp-content\/uploads\/2026\/02\/09b30a49-fdcd-498e-9c71-c6be178bd0c7.jpg","keywords":["Aase Louisa Jensen 1925 -","Glostrup","Herl\u00f8v Sigurd Petersen 1922 - 1981","H\u00f8jby sogn","K\u00f8benhavn","K\u00f8benhavns r\u00e5dhus","Marta Marie Petersen 1896-1982","N\u00f8rre Asmindrup sogn","Nyborg sogn","Nyk\u00f8bing Sj\u00e6lland","Olaf Valdemar Pedersen 1890-1976","Ungdomsf\u00e6ngslet Nyborg","Vig sogn"],"articleSection":["Karolines aner"],"inLanguage":"da-DK","potentialAction":[{"@type":"CommentAction","name":"Comment","target":["https:\/\/greiersen.dk\/egekilde\/herloev-sigurd-petersen-1922-1981\/#respond"]}]},{"@type":"WebPage","@id":"https:\/\/greiersen.dk\/egekilde\/herloev-sigurd-petersen-1922-1981\/","url":"https:\/\/greiersen.dk\/egekilde\/herloev-sigurd-petersen-1922-1981\/","name":"Herl\u00f8v Sigurd Petersen 1922 - 1981 - Egekilde aner","isPartOf":{"@id":"https:\/\/greiersen.dk\/egekilde\/#website"},"primaryImageOfPage":{"@id":"https:\/\/greiersen.dk\/egekilde\/herloev-sigurd-petersen-1922-1981\/#primaryimage"},"image":{"@id":"https:\/\/greiersen.dk\/egekilde\/herloev-sigurd-petersen-1922-1981\/#primaryimage"},"thumbnailUrl":"https:\/\/greiersen.dk\/egekilde\/wp-content\/uploads\/2026\/02\/09b30a49-fdcd-498e-9c71-c6be178bd0c7.jpg","datePublished":"2024-03-04T19:39:50+00:00","dateModified":"2026-02-04T18:09:49+00:00","description":"Herl\u00f8v Sigurd Petersen 1922 - 1981","breadcrumb":{"@id":"https:\/\/greiersen.dk\/egekilde\/herloev-sigurd-petersen-1922-1981\/#breadcrumb"},"inLanguage":"da-DK","potentialAction":[{"@type":"ReadAction","target":["https:\/\/greiersen.dk\/egekilde\/herloev-sigurd-petersen-1922-1981\/"]}]},{"@type":"ImageObject","inLanguage":"da-DK","@id":"https:\/\/greiersen.dk\/egekilde\/herloev-sigurd-petersen-1922-1981\/#primaryimage","url":"https:\/\/greiersen.dk\/egekilde\/wp-content\/uploads\/2026\/02\/09b30a49-fdcd-498e-9c71-c6be178bd0c7.jpg","contentUrl":"https:\/\/greiersen.dk\/egekilde\/wp-content\/uploads\/2026\/02\/09b30a49-fdcd-498e-9c71-c6be178bd0c7.jpg","width":195,"height":195},{"@type":"BreadcrumbList","@id":"https:\/\/greiersen.dk\/egekilde\/herloev-sigurd-petersen-1922-1981\/#breadcrumb","itemListElement":[{"@type":"ListItem","position":1,"name":"Hjem","item":"https:\/\/greiersen.dk\/egekilde\/"},{"@type":"ListItem","position":2,"name":"Herl\u00f8v Sigurd Petersen 1922 &#8211; 1981"}]},{"@type":"WebSite","@id":"https:\/\/greiersen.dk\/egekilde\/#website","url":"https:\/\/greiersen.dk\/egekilde\/","name":"Egekilde aner","description":"Jensen, Madsen og Nielsen i Odsherred","publisher":{"@id":"https:\/\/greiersen.dk\/egekilde\/#\/schema\/person\/ca47c2106addf58e871929ccc24106eb"},"potentialAction":[{"@type":"SearchAction","target":{"@type":"EntryPoint","urlTemplate":"https:\/\/greiersen.dk\/egekilde\/?s={search_term_string}"},"query-input":{"@type":"PropertyValueSpecification","valueRequired":true,"valueName":"search_term_string"}}],"inLanguage":"da-DK"},{"@type":["Person","Organization"],"@id":"https:\/\/greiersen.dk\/egekilde\/#\/schema\/person\/ca47c2106addf58e871929ccc24106eb","name":"admin","image":{"@type":"ImageObject","inLanguage":"da-DK","@id":"https:\/\/greiersen.dk\/egekilde\/wp-content\/uploads\/2022\/05\/Jeppe-Mads-Jepsen-1887-1948-og-Inger-Katrine-Margrethe-Jepsen-f-Kristensen-1888-1858-scaled.jpg","url":"https:\/\/greiersen.dk\/egekilde\/wp-content\/uploads\/2022\/05\/Jeppe-Mads-Jepsen-1887-1948-og-Inger-Katrine-Margrethe-Jepsen-f-Kristensen-1888-1858-scaled.jpg","contentUrl":"https:\/\/greiersen.dk\/egekilde\/wp-content\/uploads\/2022\/05\/Jeppe-Mads-Jepsen-1887-1948-og-Inger-Katrine-Margrethe-Jepsen-f-Kristensen-1888-1858-scaled.jpg","width":2560,"height":1925,"caption":"admin"},"logo":{"@id":"https:\/\/greiersen.dk\/egekilde\/wp-content\/uploads\/2022\/05\/Jeppe-Mads-Jepsen-1887-1948-og-Inger-Katrine-Margrethe-Jepsen-f-Kristensen-1888-1858-scaled.jpg"},"sameAs":["https:\/\/greiersen.dk\/egekilde"],"url":"https:\/\/greiersen.dk\/egekilde\/author\/admin\/"}]}},"_links":{"self":[{"href":"https:\/\/greiersen.dk\/egekilde\/wp-json\/wp\/v2\/posts\/6998","targetHints":{"allow":["GET"]}}],"collection":[{"href":"https:\/\/greiersen.dk\/egekilde\/wp-json\/wp\/v2\/posts"}],"about":[{"href":"https:\/\/greiersen.dk\/egekilde\/wp-json\/wp\/v2\/types\/post"}],"author":[{"embeddable":true,"href":"https:\/\/greiersen.dk\/egekilde\/wp-json\/wp\/v2\/users\/1"}],"replies":[{"embeddable":true,"href":"https:\/\/greiersen.dk\/egekilde\/wp-json\/wp\/v2\/comments?post=6998"}],"version-history":[{"count":17,"href":"https:\/\/greiersen.dk\/egekilde\/wp-json\/wp\/v2\/posts\/6998\/revisions"}],"predecessor-version":[{"id":8451,"href":"https:\/\/greiersen.dk\/egekilde\/wp-json\/wp\/v2\/posts\/6998\/revisions\/8451"}],"wp:attachment":[{"href":"https:\/\/greiersen.dk\/egekilde\/wp-json\/wp\/v2\/media?parent=6998"}],"wp:term":[{"taxonomy":"category","embeddable":true,"href":"https:\/\/greiersen.dk\/egekilde\/wp-json\/wp\/v2\/categories?post=6998"},{"taxonomy":"post_tag","embeddable":true,"href":"https:\/\/greiersen.dk\/egekilde\/wp-json\/wp\/v2\/tags?post=6998"}],"curies":[{"name":"wp","href":"https:\/\/api.w.org\/{rel}","templated":true}]}}