{"id":401,"date":"2023-03-11T11:08:14","date_gmt":"2023-03-11T10:08:14","guid":{"rendered":"https:\/\/greiersen.dk\/g-wiki\/?p=401"},"modified":"2023-03-16T10:48:49","modified_gmt":"2023-03-16T09:48:49","slug":"herfoelge-sogn","status":"publish","type":"post","link":"https:\/\/greiersen.dk\/g-wiki\/herfoelge-sogn\/","title":{"rendered":"Herf\u00f8lge sogn"},"content":{"rendered":"\n<div class=\"wp-block-columns is-layout-flex wp-container-core-columns-is-layout-9d6595d7 wp-block-columns-is-layout-flex\">\n<div class=\"wp-block-column is-layout-flow wp-block-column-is-layout-flow\">\n<p>Herf\u00f8lge Sogn er et sogn i K\u00f8ge Provsti (Roskilde Stift).<\/p>\n\n\n\n<p>Indtil 1892 var S\u00e6dder Sogn anneks til Herf\u00f8lge Sogn. Begge sogne h\u00f8rte til Bj\u00e6verskov Herred i Pr\u00e6st\u00f8 Amt. Hvert af dem dannede sin egen sognekommune. Herf\u00f8lge og S\u00e6dder lagde sig i 1968 frivilligt sammen til Herf\u00f8lge Kommune, som ved kommunalreformen i 1970 blev indlemmet i K\u00f8ge Kommune.<\/p>\n<\/div>\n\n\n\n<div class=\"wp-block-column is-layout-flow wp-block-column-is-layout-flow\"><div class=\"wp-block-image\">\n<figure class=\"aligncenter size-large\"><img decoding=\"async\" src=\"https:\/\/upload.wikimedia.org\/wikipedia\/commons\/thumb\/d\/df\/K%C3%B8ge_municipality_Herf%C3%B8lge_sogn.svg\/1024px-K%C3%B8ge_municipality_Herf%C3%B8lge_sogn.svg.png\" alt=\"\"\/><figcaption class=\"wp-element-caption\"><em>Herf\u00f8lge sogn<\/em><\/figcaption><\/figure>\n<\/div>\n\n\n<p class=\"has-light-gray-background-color has-background has-small-font-size\">Herf\u00f8lge Sogn, Bj\u00e6verskov Herred, Pr\u00e6st\u00f8 Amt.<\/p>\n<\/div>\n<\/div>\n\n\n\n<h2 class=\"wp-block-heading\">Herf\u00f8lge Kirke<\/h2>\n\n\n\n<div class=\"wp-block-columns is-layout-flex wp-container-core-columns-is-layout-9d6595d7 wp-block-columns-is-layout-flex\">\n<div class=\"wp-block-column is-layout-flow wp-block-column-is-layout-flow\">\n<p>Herf\u00f8lge Kirke er en kirke Herf\u00f8lge i Herf\u00f8lge Sogn, K\u00f8ge Provsti, Roskilde Stift. Indtil Kommunalreformen i 1970 l\u00e5 sognet i Bj\u00e6verskov Herred, Pr\u00e6st\u00f8 Amt.<\/p>\n\n\n\n<p>Skib og t\u00e5rn er opf\u00f8rt i romansk tid af kridtkvadre og fr\u00e5dsten. T\u00e5rnets mure er bevaret nogenlunde intakt til gesimsh\u00f8jde, kamtakgavlene er tilf\u00f8jet i sengotisk tid. Den romanske kirkes kor blev nedrevet o. 1500 og erstattet med det nuv\u00e6rende langhuskor, hvis langhusmure overvejende er af kridt, \u00f8stgavlen er af teglsten. <a rel=\"noreferrer noopener\" href=\"https:\/\/da.wikipedia.org\/wiki\/Herf%C3%B8lge_Kirke\" target=\"_blank\">Se mere..<\/a> <\/p>\n\n\n\n<div class=\"wp-block-columns is-layout-flex wp-container-core-columns-is-layout-9d6595d7 wp-block-columns-is-layout-flex\">\n<div class=\"wp-block-column is-layout-flow wp-block-column-is-layout-flow\">\n<p><strong>Herf\u00f8lge kirke<\/strong><br><em><sup>Nationalmuseet<\/sup><\/em><br><a href=\"http:\/\/danmarkskirker.natmus.dk\/praestoe\/herfoelge-kirke\/\" target=\"_blank\" rel=\"noreferrer noopener\">L\u00e6s mere &#8230;<\/a><\/p>\n<\/div>\n\n\n\n<div class=\"wp-block-column is-layout-flow wp-block-column-is-layout-flow\"><div class=\"wp-block-image\">\n<figure class=\"aligncenter size-large\"><a href=\"http:\/\/danmarkskirker.natmus.dk\/praestoe\/herfoelge-kirke\/\" target=\"_blank\" rel=\"noreferrer noopener\"><img decoding=\"async\" src=\"https:\/\/upload.wikimedia.org\/wikipedia\/commons\/thumb\/4\/45\/Nationalmuseet_logo.svg\/1200px-Nationalmuseet_logo.svg.png\" alt=\"\"\/><\/a><\/figure>\n<\/div><\/div>\n<\/div>\n<\/div>\n\n\n\n<div class=\"wp-block-column is-layout-flow wp-block-column-is-layout-flow\">\n<figure class=\"wp-block-image size-large\"><img decoding=\"async\" src=\"https:\/\/upload.wikimedia.org\/wikipedia\/commons\/b\/b1\/HerfoelgeKirke.jpg\" alt=\"\"\/><figcaption class=\"wp-element-caption\"><em>Herf\u00f8lge Kirke<\/em><\/figcaption><\/figure>\n\n\n\n<p class=\"has-light-gray-background-color has-background has-small-font-size\"><a href=\"https:\/\/www.google.dk\/maps\/place\/Herf%C3%B8lge+Kirke\/@55.4173901,12.1485857,15z\/data=!4m6!3m5!1s0x4652ee28f4b3cfa9:0x7d8fc0bd8950f2d2!8m2!3d55.4173901!4d12.1485857!16s%2Fg%2F11b6tzc4tt\">Herf\u00f8lge Kirke&nbsp;\u2013 Google Maps<\/a><br><br>Kirkepladsen 1, 4681 Herf\u00f8lge<br>Herf\u00f8lge Sogn<br>Herf\u00f8lge Pastorat<br>K\u00f8ge Provsti<br>Roskilde Stift<br>Roskilde Kommune<\/p>\n<\/div>\n<\/div>\n\n\n\n<pre class=\"wp-block-verse\">Kilder: <a rel=\"noreferrer noopener\" href=\"https:\/\/da.wikipedia.org\/wiki\/Forside\" target=\"_blank\">wikipedia<\/a> - <a rel=\"noreferrer noopener\" href=\"http:\/\/danmarkskirker.natmus.dk\/\" target=\"_blank\">Nationalmuseet\/danmarkskirker<\/a> - <a rel=\"noreferrer noopener\" href=\"https:\/\/trap.lex.dk\/\" target=\"_blank\">Trap Danmark<\/a> - <a href=\"http:\/\/www.danmarks-kirker.dk\/\" target=\"_blank\" rel=\"noreferrer noopener\">Danmarke-kirker<\/a><\/pre>\n","protected":false},"excerpt":{"rendered":"<p>Herf\u00f8lge Sogn er et sogn i K\u00f8ge Provsti (Roskilde Stift). Indtil 1892 var S\u00e6dder Sogn anneks til Herf\u00f8lge Sogn. Begge sogne h\u00f8rte til Bj\u00e6verskov Herred [&#8230;]<\/p>\n","protected":false},"author":1,"featured_media":0,"comment_status":"open","ping_status":"open","sticky":false,"template":"","format":"standard","meta":{"footnotes":""},"categories":[11],"tags":[134,142,141,123],"class_list":["post-401","post","type-post","status-publish","format-standard","hentry","category-sogne","tag-bjaeverskov-herred","tag-herfoelge-kirke","tag-herfoelge-sogn","tag-praestoe-amt"],"yoast_head":"<!-- This site is optimized with the Yoast SEO plugin v27.4 - https:\/\/yoast.com\/product\/yoast-seo-wordpress\/ -->\n<title>Herf\u00f8lge sogn - G wiki<\/title>\n<meta name=\"robots\" content=\"noindex, nofollow\" \/>\n<meta property=\"og:locale\" content=\"da_DK\" \/>\n<meta property=\"og:type\" content=\"article\" \/>\n<meta property=\"og:title\" content=\"Herf\u00f8lge sogn - G wiki\" \/>\n<meta property=\"og:description\" content=\"Herf\u00f8lge Sogn er et sogn i K\u00f8ge Provsti (Roskilde Stift). Indtil 1892 var S\u00e6dder Sogn anneks til Herf\u00f8lge Sogn. Begge sogne h\u00f8rte til Bj\u00e6verskov Herred [...]\" \/>\n<meta property=\"og:url\" content=\"https:\/\/greiersen.dk\/g-wiki\/herfoelge-sogn\/\" \/>\n<meta property=\"og:site_name\" content=\"G wiki\" \/>\n<meta property=\"article:published_time\" content=\"2023-03-11T10:08:14+00:00\" \/>\n<meta property=\"article:modified_time\" content=\"2023-03-16T09:48:49+00:00\" \/>\n<meta property=\"og:image\" content=\"https:\/\/upload.wikimedia.org\/wikipedia\/commons\/thumb\/d\/df\/K%C3%B8ge_municipality_Herf%C3%B8lge_sogn.svg\/1024px-K%C3%B8ge_municipality_Herf%C3%B8lge_sogn.svg.png\" \/>\n<meta name=\"author\" content=\"admin\" \/>\n<meta name=\"twitter:card\" content=\"summary_large_image\" \/>\n<meta name=\"twitter:label1\" content=\"Skrevet af\" \/>\n\t<meta name=\"twitter:data1\" content=\"admin\" \/>\n\t<meta name=\"twitter:label2\" content=\"Estimeret l\u00e6setid\" \/>\n\t<meta name=\"twitter:data2\" content=\"2 minutter\" \/>\n<script type=\"application\/ld+json\" class=\"yoast-schema-graph\">{\"@context\":\"https:\\\/\\\/schema.org\",\"@graph\":[{\"@type\":\"Article\",\"@id\":\"https:\\\/\\\/greiersen.dk\\\/g-wiki\\\/herfoelge-sogn\\\/#article\",\"isPartOf\":{\"@id\":\"https:\\\/\\\/greiersen.dk\\\/g-wiki\\\/herfoelge-sogn\\\/\"},\"author\":{\"name\":\"admin\",\"@id\":\"https:\\\/\\\/greiersen.dk\\\/g-wiki\\\/#\\\/schema\\\/person\\\/bc98ce25e10802ae52371e734b3f5bbc\"},\"headline\":\"Herf\u00f8lge sogn\",\"datePublished\":\"2023-03-11T10:08:14+00:00\",\"dateModified\":\"2023-03-16T09:48:49+00:00\",\"mainEntityOfPage\":{\"@id\":\"https:\\\/\\\/greiersen.dk\\\/g-wiki\\\/herfoelge-sogn\\\/\"},\"wordCount\":197,\"commentCount\":0,\"publisher\":{\"@id\":\"https:\\\/\\\/greiersen.dk\\\/g-wiki\\\/#organization\"},\"image\":{\"@id\":\"https:\\\/\\\/greiersen.dk\\\/g-wiki\\\/herfoelge-sogn\\\/#primaryimage\"},\"thumbnailUrl\":\"https:\\\/\\\/upload.wikimedia.org\\\/wikipedia\\\/commons\\\/thumb\\\/d\\\/df\\\/K%C3%B8ge_municipality_Herf%C3%B8lge_sogn.svg\\\/1024px-K%C3%B8ge_municipality_Herf%C3%B8lge_sogn.svg.png\",\"keywords\":[\"Bj\u00e6verskov herred\",\"Herf\u00f8lge Kirke\",\"Herf\u00f8lge sogn\",\"Pr\u00e6st\u00f8 amt\"],\"articleSection\":[\"Sogne\"],\"inLanguage\":\"da-DK\",\"potentialAction\":[{\"@type\":\"CommentAction\",\"name\":\"Comment\",\"target\":[\"https:\\\/\\\/greiersen.dk\\\/g-wiki\\\/herfoelge-sogn\\\/#respond\"]}]},{\"@type\":\"WebPage\",\"@id\":\"https:\\\/\\\/greiersen.dk\\\/g-wiki\\\/herfoelge-sogn\\\/\",\"url\":\"https:\\\/\\\/greiersen.dk\\\/g-wiki\\\/herfoelge-sogn\\\/\",\"name\":\"Herf\u00f8lge sogn - G wiki\",\"isPartOf\":{\"@id\":\"https:\\\/\\\/greiersen.dk\\\/g-wiki\\\/#website\"},\"primaryImageOfPage\":{\"@id\":\"https:\\\/\\\/greiersen.dk\\\/g-wiki\\\/herfoelge-sogn\\\/#primaryimage\"},\"image\":{\"@id\":\"https:\\\/\\\/greiersen.dk\\\/g-wiki\\\/herfoelge-sogn\\\/#primaryimage\"},\"thumbnailUrl\":\"https:\\\/\\\/upload.wikimedia.org\\\/wikipedia\\\/commons\\\/thumb\\\/d\\\/df\\\/K%C3%B8ge_municipality_Herf%C3%B8lge_sogn.svg\\\/1024px-K%C3%B8ge_municipality_Herf%C3%B8lge_sogn.svg.png\",\"datePublished\":\"2023-03-11T10:08:14+00:00\",\"dateModified\":\"2023-03-16T09:48:49+00:00\",\"breadcrumb\":{\"@id\":\"https:\\\/\\\/greiersen.dk\\\/g-wiki\\\/herfoelge-sogn\\\/#breadcrumb\"},\"inLanguage\":\"da-DK\",\"potentialAction\":[{\"@type\":\"ReadAction\",\"target\":[\"https:\\\/\\\/greiersen.dk\\\/g-wiki\\\/herfoelge-sogn\\\/\"]}]},{\"@type\":\"ImageObject\",\"inLanguage\":\"da-DK\",\"@id\":\"https:\\\/\\\/greiersen.dk\\\/g-wiki\\\/herfoelge-sogn\\\/#primaryimage\",\"url\":\"https:\\\/\\\/upload.wikimedia.org\\\/wikipedia\\\/commons\\\/thumb\\\/d\\\/df\\\/K%C3%B8ge_municipality_Herf%C3%B8lge_sogn.svg\\\/1024px-K%C3%B8ge_municipality_Herf%C3%B8lge_sogn.svg.png\",\"contentUrl\":\"https:\\\/\\\/upload.wikimedia.org\\\/wikipedia\\\/commons\\\/thumb\\\/d\\\/df\\\/K%C3%B8ge_municipality_Herf%C3%B8lge_sogn.svg\\\/1024px-K%C3%B8ge_municipality_Herf%C3%B8lge_sogn.svg.png\"},{\"@type\":\"BreadcrumbList\",\"@id\":\"https:\\\/\\\/greiersen.dk\\\/g-wiki\\\/herfoelge-sogn\\\/#breadcrumb\",\"itemListElement\":[{\"@type\":\"ListItem\",\"position\":1,\"name\":\"Hjem\",\"item\":\"https:\\\/\\\/greiersen.dk\\\/g-wiki\\\/\"},{\"@type\":\"ListItem\",\"position\":2,\"name\":\"Herf\u00f8lge sogn\"}]},{\"@type\":\"WebSite\",\"@id\":\"https:\\\/\\\/greiersen.dk\\\/g-wiki\\\/#website\",\"url\":\"https:\\\/\\\/greiersen.dk\\\/g-wiki\\\/\",\"name\":\"G wiki\",\"description\":\"At vide eller ikke vide\",\"publisher\":{\"@id\":\"https:\\\/\\\/greiersen.dk\\\/g-wiki\\\/#organization\"},\"potentialAction\":[{\"@type\":\"SearchAction\",\"target\":{\"@type\":\"EntryPoint\",\"urlTemplate\":\"https:\\\/\\\/greiersen.dk\\\/g-wiki\\\/?s={search_term_string}\"},\"query-input\":{\"@type\":\"PropertyValueSpecification\",\"valueRequired\":true,\"valueName\":\"search_term_string\"}}],\"inLanguage\":\"da-DK\"},{\"@type\":\"Organization\",\"@id\":\"https:\\\/\\\/greiersen.dk\\\/g-wiki\\\/#organization\",\"name\":\"G wiki\",\"url\":\"https:\\\/\\\/greiersen.dk\\\/g-wiki\\\/\",\"logo\":{\"@type\":\"ImageObject\",\"inLanguage\":\"da-DK\",\"@id\":\"https:\\\/\\\/greiersen.dk\\\/g-wiki\\\/#\\\/schema\\\/logo\\\/image\\\/\",\"url\":\"https:\\\/\\\/greiersen.dk\\\/g-wiki\\\/wp-content\\\/uploads\\\/2026\\\/03\\\/cropped-83bd85c1848a439f95ba9f2268b3f0dc-free-4.png\",\"contentUrl\":\"https:\\\/\\\/greiersen.dk\\\/g-wiki\\\/wp-content\\\/uploads\\\/2026\\\/03\\\/cropped-83bd85c1848a439f95ba9f2268b3f0dc-free-4.png\",\"width\":158,\"height\":73,\"caption\":\"G wiki\"},\"image\":{\"@id\":\"https:\\\/\\\/greiersen.dk\\\/g-wiki\\\/#\\\/schema\\\/logo\\\/image\\\/\"}},{\"@type\":\"Person\",\"@id\":\"https:\\\/\\\/greiersen.dk\\\/g-wiki\\\/#\\\/schema\\\/person\\\/bc98ce25e10802ae52371e734b3f5bbc\",\"name\":\"admin\",\"image\":{\"@type\":\"ImageObject\",\"inLanguage\":\"da-DK\",\"@id\":\"https:\\\/\\\/secure.gravatar.com\\\/avatar\\\/f9c313c5c51bc67d3f232753e9391f32194e2af70e63e851d3b9adc20d3f3564?s=96&d=mm&r=g\",\"url\":\"https:\\\/\\\/secure.gravatar.com\\\/avatar\\\/f9c313c5c51bc67d3f232753e9391f32194e2af70e63e851d3b9adc20d3f3564?s=96&d=mm&r=g\",\"contentUrl\":\"https:\\\/\\\/secure.gravatar.com\\\/avatar\\\/f9c313c5c51bc67d3f232753e9391f32194e2af70e63e851d3b9adc20d3f3564?s=96&d=mm&r=g\",\"caption\":\"admin\"},\"sameAs\":[\"https:\\\/\\\/greiersen.dk\\\/g-wiki\"],\"url\":\"https:\\\/\\\/greiersen.dk\\\/g-wiki\\\/author\\\/admin\\\/\"}]}<\/script>\n<!-- \/ Yoast SEO plugin. -->","yoast_head_json":{"title":"Herf\u00f8lge sogn - G wiki","robots":{"index":"noindex","follow":"nofollow"},"og_locale":"da_DK","og_type":"article","og_title":"Herf\u00f8lge sogn - G wiki","og_description":"Herf\u00f8lge Sogn er et sogn i K\u00f8ge Provsti (Roskilde Stift). Indtil 1892 var S\u00e6dder Sogn anneks til Herf\u00f8lge Sogn. Begge sogne h\u00f8rte til Bj\u00e6verskov Herred [...]","og_url":"https:\/\/greiersen.dk\/g-wiki\/herfoelge-sogn\/","og_site_name":"G wiki","article_published_time":"2023-03-11T10:08:14+00:00","article_modified_time":"2023-03-16T09:48:49+00:00","og_image":[{"url":"https:\/\/upload.wikimedia.org\/wikipedia\/commons\/thumb\/d\/df\/K%C3%B8ge_municipality_Herf%C3%B8lge_sogn.svg\/1024px-K%C3%B8ge_municipality_Herf%C3%B8lge_sogn.svg.png","type":"","width":"","height":""}],"author":"admin","twitter_card":"summary_large_image","twitter_misc":{"Skrevet af":"admin","Estimeret l\u00e6setid":"2 minutter"},"schema":{"@context":"https:\/\/schema.org","@graph":[{"@type":"Article","@id":"https:\/\/greiersen.dk\/g-wiki\/herfoelge-sogn\/#article","isPartOf":{"@id":"https:\/\/greiersen.dk\/g-wiki\/herfoelge-sogn\/"},"author":{"name":"admin","@id":"https:\/\/greiersen.dk\/g-wiki\/#\/schema\/person\/bc98ce25e10802ae52371e734b3f5bbc"},"headline":"Herf\u00f8lge sogn","datePublished":"2023-03-11T10:08:14+00:00","dateModified":"2023-03-16T09:48:49+00:00","mainEntityOfPage":{"@id":"https:\/\/greiersen.dk\/g-wiki\/herfoelge-sogn\/"},"wordCount":197,"commentCount":0,"publisher":{"@id":"https:\/\/greiersen.dk\/g-wiki\/#organization"},"image":{"@id":"https:\/\/greiersen.dk\/g-wiki\/herfoelge-sogn\/#primaryimage"},"thumbnailUrl":"https:\/\/upload.wikimedia.org\/wikipedia\/commons\/thumb\/d\/df\/K%C3%B8ge_municipality_Herf%C3%B8lge_sogn.svg\/1024px-K%C3%B8ge_municipality_Herf%C3%B8lge_sogn.svg.png","keywords":["Bj\u00e6verskov herred","Herf\u00f8lge Kirke","Herf\u00f8lge sogn","Pr\u00e6st\u00f8 amt"],"articleSection":["Sogne"],"inLanguage":"da-DK","potentialAction":[{"@type":"CommentAction","name":"Comment","target":["https:\/\/greiersen.dk\/g-wiki\/herfoelge-sogn\/#respond"]}]},{"@type":"WebPage","@id":"https:\/\/greiersen.dk\/g-wiki\/herfoelge-sogn\/","url":"https:\/\/greiersen.dk\/g-wiki\/herfoelge-sogn\/","name":"Herf\u00f8lge sogn - G wiki","isPartOf":{"@id":"https:\/\/greiersen.dk\/g-wiki\/#website"},"primaryImageOfPage":{"@id":"https:\/\/greiersen.dk\/g-wiki\/herfoelge-sogn\/#primaryimage"},"image":{"@id":"https:\/\/greiersen.dk\/g-wiki\/herfoelge-sogn\/#primaryimage"},"thumbnailUrl":"https:\/\/upload.wikimedia.org\/wikipedia\/commons\/thumb\/d\/df\/K%C3%B8ge_municipality_Herf%C3%B8lge_sogn.svg\/1024px-K%C3%B8ge_municipality_Herf%C3%B8lge_sogn.svg.png","datePublished":"2023-03-11T10:08:14+00:00","dateModified":"2023-03-16T09:48:49+00:00","breadcrumb":{"@id":"https:\/\/greiersen.dk\/g-wiki\/herfoelge-sogn\/#breadcrumb"},"inLanguage":"da-DK","potentialAction":[{"@type":"ReadAction","target":["https:\/\/greiersen.dk\/g-wiki\/herfoelge-sogn\/"]}]},{"@type":"ImageObject","inLanguage":"da-DK","@id":"https:\/\/greiersen.dk\/g-wiki\/herfoelge-sogn\/#primaryimage","url":"https:\/\/upload.wikimedia.org\/wikipedia\/commons\/thumb\/d\/df\/K%C3%B8ge_municipality_Herf%C3%B8lge_sogn.svg\/1024px-K%C3%B8ge_municipality_Herf%C3%B8lge_sogn.svg.png","contentUrl":"https:\/\/upload.wikimedia.org\/wikipedia\/commons\/thumb\/d\/df\/K%C3%B8ge_municipality_Herf%C3%B8lge_sogn.svg\/1024px-K%C3%B8ge_municipality_Herf%C3%B8lge_sogn.svg.png"},{"@type":"BreadcrumbList","@id":"https:\/\/greiersen.dk\/g-wiki\/herfoelge-sogn\/#breadcrumb","itemListElement":[{"@type":"ListItem","position":1,"name":"Hjem","item":"https:\/\/greiersen.dk\/g-wiki\/"},{"@type":"ListItem","position":2,"name":"Herf\u00f8lge sogn"}]},{"@type":"WebSite","@id":"https:\/\/greiersen.dk\/g-wiki\/#website","url":"https:\/\/greiersen.dk\/g-wiki\/","name":"G wiki","description":"At vide eller ikke vide","publisher":{"@id":"https:\/\/greiersen.dk\/g-wiki\/#organization"},"potentialAction":[{"@type":"SearchAction","target":{"@type":"EntryPoint","urlTemplate":"https:\/\/greiersen.dk\/g-wiki\/?s={search_term_string}"},"query-input":{"@type":"PropertyValueSpecification","valueRequired":true,"valueName":"search_term_string"}}],"inLanguage":"da-DK"},{"@type":"Organization","@id":"https:\/\/greiersen.dk\/g-wiki\/#organization","name":"G wiki","url":"https:\/\/greiersen.dk\/g-wiki\/","logo":{"@type":"ImageObject","inLanguage":"da-DK","@id":"https:\/\/greiersen.dk\/g-wiki\/#\/schema\/logo\/image\/","url":"https:\/\/greiersen.dk\/g-wiki\/wp-content\/uploads\/2026\/03\/cropped-83bd85c1848a439f95ba9f2268b3f0dc-free-4.png","contentUrl":"https:\/\/greiersen.dk\/g-wiki\/wp-content\/uploads\/2026\/03\/cropped-83bd85c1848a439f95ba9f2268b3f0dc-free-4.png","width":158,"height":73,"caption":"G wiki"},"image":{"@id":"https:\/\/greiersen.dk\/g-wiki\/#\/schema\/logo\/image\/"}},{"@type":"Person","@id":"https:\/\/greiersen.dk\/g-wiki\/#\/schema\/person\/bc98ce25e10802ae52371e734b3f5bbc","name":"admin","image":{"@type":"ImageObject","inLanguage":"da-DK","@id":"https:\/\/secure.gravatar.com\/avatar\/f9c313c5c51bc67d3f232753e9391f32194e2af70e63e851d3b9adc20d3f3564?s=96&d=mm&r=g","url":"https:\/\/secure.gravatar.com\/avatar\/f9c313c5c51bc67d3f232753e9391f32194e2af70e63e851d3b9adc20d3f3564?s=96&d=mm&r=g","contentUrl":"https:\/\/secure.gravatar.com\/avatar\/f9c313c5c51bc67d3f232753e9391f32194e2af70e63e851d3b9adc20d3f3564?s=96&d=mm&r=g","caption":"admin"},"sameAs":["https:\/\/greiersen.dk\/g-wiki"],"url":"https:\/\/greiersen.dk\/g-wiki\/author\/admin\/"}]}},"_links":{"self":[{"href":"https:\/\/greiersen.dk\/g-wiki\/wp-json\/wp\/v2\/posts\/401","targetHints":{"allow":["GET"]}}],"collection":[{"href":"https:\/\/greiersen.dk\/g-wiki\/wp-json\/wp\/v2\/posts"}],"about":[{"href":"https:\/\/greiersen.dk\/g-wiki\/wp-json\/wp\/v2\/types\/post"}],"author":[{"embeddable":true,"href":"https:\/\/greiersen.dk\/g-wiki\/wp-json\/wp\/v2\/users\/1"}],"replies":[{"embeddable":true,"href":"https:\/\/greiersen.dk\/g-wiki\/wp-json\/wp\/v2\/comments?post=401"}],"version-history":[{"count":2,"href":"https:\/\/greiersen.dk\/g-wiki\/wp-json\/wp\/v2\/posts\/401\/revisions"}],"predecessor-version":[{"id":612,"href":"https:\/\/greiersen.dk\/g-wiki\/wp-json\/wp\/v2\/posts\/401\/revisions\/612"}],"wp:attachment":[{"href":"https:\/\/greiersen.dk\/g-wiki\/wp-json\/wp\/v2\/media?parent=401"}],"wp:term":[{"taxonomy":"category","embeddable":true,"href":"https:\/\/greiersen.dk\/g-wiki\/wp-json\/wp\/v2\/categories?post=401"},{"taxonomy":"post_tag","embeddable":true,"href":"https:\/\/greiersen.dk\/g-wiki\/wp-json\/wp\/v2\/tags?post=401"}],"curies":[{"name":"wp","href":"https:\/\/api.w.org\/{rel}","templated":true}]}}